{"id":310,"date":"2022-03-14T10:07:38","date_gmt":"2022-03-14T13:07:38","guid":{"rendered":"http:\/\/circuitosalta.com.ar\/?p=310"},"modified":"2022-03-14T10:07:39","modified_gmt":"2022-03-14T13:07:39","slug":"accor-anuncia-su-asistencia-a-sahic-2022","status":"publish","type":"post","link":"https:\/\/circuitosalta.com.ar\/?p=310","title":{"rendered":"Accor anuncia su asistencia a SAHIC 2022"},"content":{"rendered":"\n<p>El evento, uno de los m\u00e1s relevantes para el sector hotelero, turismo y desarrollo inmobiliario de Am\u00e9rica Latina y el Caribe, se realizar\u00e1 este 14 y 15 de marzo en Panam\u00e1.<\/p>\n\n\n\n<p>Despu\u00e9s de dos a\u00f1os de virtualidad, la edici\u00f3n N\u00b016 de SAHIC, instancia que re\u00fane a una comunidad de empresarios y empresarias que son el motor para el desarrollo del turismo en la regi\u00f3n, vuelve a propiciar el encuentro presencial de los principales actores del sector hosteler\u00eda, turismo y desarrollo inmobiliario.\u00a0<\/p>\n\n\n\n<p>La actividad se realizar\u00e1 entre el 14 y 15 de marzo y Panam\u00e1 ser\u00e1 el pa\u00eds anfitri\u00f3n de esta conferencia ic\u00f3nica dedicada a las inversiones del \u00e1rea.<\/p>\n\n\n\n<p>La agenda para este a\u00f1o incluye importantes actores de la industria en los tradicionales paneles de SAHIC, y destacados ejecutivos de Accor estar\u00e1n entregando su visi\u00f3n. Entre ellos Thomas Dubaere, CEO South America, Guilherme Cesari, VP Business Development, South America &#8211; Luxe &amp; Lifestyle Brands, Diana Sierra, New Business Development Manager Hispanic Countries y Nicol\u00e1s Martinez, Vice President Development, Mexico, Central America &amp; The Caribbean.<\/p>\n\n\n\n<p>\u00abParticipar en SAHIC es estrat\u00e9gico para Accor, es una oportunidad que nos permite intercambiar experiencias y conocimientos en temas de desarrollo tur\u00edstico en la regi\u00f3n, algo que adquiere relevancia dada la situaci\u00f3n de transformaci\u00f3n que el mundo est\u00e1 viviendo y que, en nuestra \u00e1rea, el turismo, no es diferente. Junto con nuestros socios, tenemos como objetivo expandir el segmento lifestyle y seguir incorporando propiedades de uso mixto que fortalecer\u00e1n nuevas oportunidades para Am\u00e9rica del Sur\u00bb, se\u00f1al\u00f3 Thomas Dubaere.<\/p>\n\n\n\n<p>El CEO de Sudam\u00e9rica participar\u00e1 en el panel \u00abLa visi\u00f3n de los l\u00edderes\u00bb, moderado por el reconocido periodista Peter Greenberg, editor de viajes para CBS News; Diana Sierra ser\u00e1 protagonista en el conversatorio \u00abImpulsar y sostener el crecimiento durante tiempos dif\u00edciles en Am\u00e9rica Latina\u00bb; Guilherme Cesari hablar\u00e1 de la evoluci\u00f3n de la percepci\u00f3n del lujo y Nicol\u00e1s Martinez har\u00e1 lo propio en \u00abLa evoluci\u00f3n del Resort All Inclusive: \u00bfUna nueva era para este modelo de gran alcance?\u00bb.<\/p>\n\n\n\n<p>Adem\u00e1s de su presencia en los paneles, los representantes de Accor tambi\u00e9n participar\u00e1n en las altamente demandadas sesiones de debate y networking entre colegas que representan una oportunidad \u00fanica para el desarrollo de negocios y crecimiento de la industria de la mano de quienes marcan la diferencia.<\/p>\n\n\n\n<p>El Presidente &amp; Fundador de SAHIC, Arturo Garc\u00eda Rosa, asegura que tiene grandes expectativas: \u00abHemos estado planeando esta edici\u00f3n de Panam\u00e1 durante mucho tiempo. Quer\u00edamos estar en una ciudad que f\u00e1cilmente pudiera dar la bienvenida a todos los mercados de la regi\u00f3n. Esta edici\u00f3n de SAHIC 2022 llega en el momento perfecto para nuestro compromiso de repensar, recuperar y hacer crecer la industria juntos.\u00bb<\/p>\n\n\n\n<figure class=\"wp-block-image size-full is-resized\"><a href=\"https:\/\/www.caribbeannewsdigital.com\/es\/eventos\/accor-anuncia-su-asistencia-sahic-2022\" target=\"_blank\" rel=\"noopener\"><img decoding=\"async\" src=\"https:\/\/circuitosalta.com.ar\/wp-content\/uploads\/2022\/03\/Captura-web_14-3-2022_10522_www.caribbeannewsdigital.com_.jpeg\" alt=\"\" class=\"wp-image-311\" width=\"150\" height=\"45\"\/><\/a><\/figure>\n","protected":false},"excerpt":{"rendered":"<p>El evento, uno de los m\u00e1s relevantes para el sector hotelero, turismo y desarrollo inmobiliario de Am\u00e9rica Latina y el Caribe, se realizar\u00e1 este 14 y 15 de marzo en Panam\u00e1. Despu\u00e9s de dos a\u00f1os de virtualidad, la edici\u00f3n N\u00b016 de SAHIC, instancia que re\u00fane a una comunidad de empresarios y empresarias que son el [&hellip;]<\/p>\n","protected":false},"author":2,"featured_media":312,"comment_status":"open","ping_status":"open","sticky":false,"template":"","format":"standard","meta":{"tdm_status":"","tdm_grid_status":"","footnotes":""},"categories":[20,16],"tags":[],"class_list":{"0":"post-310","1":"post","2":"type-post","3":"status-publish","4":"format-standard","5":"has-post-thumbnail","7":"category-empresas","8":"category-ferias-y-congresos"},"_links":{"self":[{"href":"https:\/\/circuitosalta.com.ar\/index.php?rest_route=\/wp\/v2\/posts\/310"}],"collection":[{"href":"https:\/\/circuitosalta.com.ar\/index.php?rest_route=\/wp\/v2\/posts"}],"about":[{"href":"https:\/\/circuitosalta.com.ar\/index.php?rest_route=\/wp\/v2\/types\/post"}],"author":[{"embeddable":true,"href":"https:\/\/circuitosalta.com.ar\/index.php?rest_route=\/wp\/v2\/users\/2"}],"replies":[{"embeddable":true,"href":"https:\/\/circuitosalta.com.ar\/index.php?rest_route=%2Fwp%2Fv2%2Fcomments&post=310"}],"version-history":[{"count":1,"href":"https:\/\/circuitosalta.com.ar\/index.php?rest_route=\/wp\/v2\/posts\/310\/revisions"}],"predecessor-version":[{"id":313,"href":"https:\/\/circuitosalta.com.ar\/index.php?rest_route=\/wp\/v2\/posts\/310\/revisions\/313"}],"wp:featuredmedia":[{"embeddable":true,"href":"https:\/\/circuitosalta.com.ar\/index.php?rest_route=\/wp\/v2\/media\/312"}],"wp:attachment":[{"href":"https:\/\/circuitosalta.com.ar\/index.php?rest_route=%2Fwp%2Fv2%2Fmedia&parent=310"}],"wp:term":[{"taxonomy":"category","embeddable":true,"href":"https:\/\/circuitosalta.com.ar\/index.php?rest_route=%2Fwp%2Fv2%2Fcategories&post=310"},{"taxonomy":"post_tag","embeddable":true,"href":"https:\/\/circuitosalta.com.ar\/index.php?rest_route=%2Fwp%2Fv2%2Ftags&post=310"}],"curies":[{"name":"wp","href":"https:\/\/api.w.org\/{rel}","templated":true}]}}