{"id":317,"date":"2022-03-14T21:29:56","date_gmt":"2022-03-15T00:29:56","guid":{"rendered":"http:\/\/circuitosalta.com.ar\/?p=317"},"modified":"2022-03-14T21:29:57","modified_gmt":"2022-03-15T00:29:57","slug":"la-ciudad-acompano-a-artistas-locales-en-la-feria-internacional-mapa","status":"publish","type":"post","link":"https:\/\/circuitosalta.com.ar\/?p=317","title":{"rendered":"La Ciudad acompa\u00f1\u00f3 a artistas locales en la Feria Internacional MAPA"},"content":{"rendered":"\n<h3 class=\"has-text-color wp-block-heading\" style=\"color:#940a2d\"><strong>\u201cEs pol\u00edtica de nuestra gesti\u00f3n acompa\u00f1ar el talento salte\u00f1o en su difusi\u00f3n y promoci\u00f3n\u201d, dijo la intendenta, Bettina Romero, durante la inauguraci\u00f3n del evento en el predio de La Rural, en Buenos Aires<\/strong><\/h3>\n\n\n\n<p>La intendenta de la ciudad, Bettina Romero junto al Ministro de Cultura de la ciudad de Buenos Aires, Enrique Avogadro estuvo en la Feria de Arte Internacional MAPA, que se desarroll\u00f3 en Buenos Aires, en d\u00f3nde acompa\u00f1\u00f3 a destacados artistas pl\u00e1sticos salte\u00f1os.<\/p>\n\n\n\n<p>Mauricio Molina, Victoria Ram\u00f3n Michel y Javier Torres, expusieron sus obras al mercado profesional, intercambiaron experiencias con colegas experimentados y se impulsaron para formar parte de futuros proyectos.<\/p>\n\n\n\n<p>\u201cLa cultura es un factor determinante para el desarrollo de una comunidad. Por ello es pol\u00edtica de estado del municipio acompa\u00f1ar al talento salte\u00f1o en su difusi\u00f3n y promoci\u00f3n. La cultura nos permite reconocernos, preservar valores y promocionar identidades\u201d, manifest\u00f3 la mandataria.<\/p>\n\n\n\n<p>Y agreg\u00f3: \u201cSalta es una ciudad de creadores que aport\u00f3 a la Argentina grandes hitos de la cultura nacional por eso seguiremos impulsando el arte\u201d.<\/p>\n\n\n\n<p>La Feria de Arte Internacional MAPA en su cuarta edici\u00f3n reuni\u00f3 52 galer\u00edas y proyectos de la Argentina. Con la participaci\u00f3n de las asociaciones Meridiano, Faro y Giro, con el objetivo de descentralizar y fomentar el arte en todas las regiones del pa\u00eds.<\/p>\n\n\n\n<p>Distintas galer\u00edas y fundaciones presentaron sus espacios, sus obras y en este contexto la &nbsp;Fundaci\u00f3n de Arte M\u00f3vil (FAM), invit\u00f3 a MAPA 2022 a 6 proyectos argentinos emergentes, entre los que se encuentra la ciudad de Salta, con el objetivo de descentralizar y fomentar el arte en todas las regiones del pa\u00eds.<\/p>\n\n\n\n<p>Los artistas salte\u00f1os podr\u00e1n continuar dentro de un programa de coaching a cargo de la Fundaci\u00f3n Arte M\u00f3vil durante doce meses para potenciar sus proyectos y obras en Argentina y en el exterior.<\/p>\n\n\n\n<figure class=\"wp-block-gallery has-nested-images columns-3 is-cropped wp-block-gallery-1 is-layout-flex wp-block-gallery-is-layout-flex\">\n<figure class=\"wp-block-image size-large\"><img fetchpriority=\"high\" decoding=\"async\" width=\"1024\" height=\"575\" data-id=\"318\" src=\"https:\/\/circuitosalta.com.ar\/wp-content\/uploads\/2022\/03\/whatsapp-image-2022-03-14-at-185328-1-1024x575-1.jpeg\" alt=\"\" class=\"wp-image-318\" srcset=\"https:\/\/circuitosalta.com.ar\/wp-content\/uploads\/2022\/03\/whatsapp-image-2022-03-14-at-185328-1-1024x575-1.jpeg 1024w, https:\/\/circuitosalta.com.ar\/wp-content\/uploads\/2022\/03\/whatsapp-image-2022-03-14-at-185328-1-1024x575-1-300x168.jpeg 300w, https:\/\/circuitosalta.com.ar\/wp-content\/uploads\/2022\/03\/whatsapp-image-2022-03-14-at-185328-1-1024x575-1-768x431.jpeg 768w, https:\/\/circuitosalta.com.ar\/wp-content\/uploads\/2022\/03\/whatsapp-image-2022-03-14-at-185328-1-1024x575-1-696x391.jpeg 696w, https:\/\/circuitosalta.com.ar\/wp-content\/uploads\/2022\/03\/whatsapp-image-2022-03-14-at-185328-1-1024x575-1-748x420.jpeg 748w\" sizes=\"(max-width: 1024px) 100vw, 1024px\" \/><\/figure>\n\n\n\n<figure class=\"wp-block-image size-large\"><img decoding=\"async\" width=\"1024\" height=\"576\" data-id=\"320\" src=\"https:\/\/circuitosalta.com.ar\/wp-content\/uploads\/2022\/03\/whatsapp-image-2022-03-14-at-200915-1024x576-1.jpeg\" alt=\"\" class=\"wp-image-320\" srcset=\"https:\/\/circuitosalta.com.ar\/wp-content\/uploads\/2022\/03\/whatsapp-image-2022-03-14-at-200915-1024x576-1.jpeg 1024w, https:\/\/circuitosalta.com.ar\/wp-content\/uploads\/2022\/03\/whatsapp-image-2022-03-14-at-200915-1024x576-1-300x169.jpeg 300w, https:\/\/circuitosalta.com.ar\/wp-content\/uploads\/2022\/03\/whatsapp-image-2022-03-14-at-200915-1024x576-1-768x432.jpeg 768w, https:\/\/circuitosalta.com.ar\/wp-content\/uploads\/2022\/03\/whatsapp-image-2022-03-14-at-200915-1024x576-1-696x392.jpeg 696w, https:\/\/circuitosalta.com.ar\/wp-content\/uploads\/2022\/03\/whatsapp-image-2022-03-14-at-200915-1024x576-1-747x420.jpeg 747w\" sizes=\"(max-width: 1024px) 100vw, 1024px\" \/><\/figure>\n\n\n\n<figure class=\"wp-block-image size-large\"><img decoding=\"async\" width=\"1024\" height=\"659\" data-id=\"319\" src=\"https:\/\/circuitosalta.com.ar\/wp-content\/uploads\/2022\/03\/whatsapp-image-2022-03-14-at-185352-1-1024x659-1.jpeg\" alt=\"\" class=\"wp-image-319\" srcset=\"https:\/\/circuitosalta.com.ar\/wp-content\/uploads\/2022\/03\/whatsapp-image-2022-03-14-at-185352-1-1024x659-1.jpeg 1024w, https:\/\/circuitosalta.com.ar\/wp-content\/uploads\/2022\/03\/whatsapp-image-2022-03-14-at-185352-1-1024x659-1-300x193.jpeg 300w, https:\/\/circuitosalta.com.ar\/wp-content\/uploads\/2022\/03\/whatsapp-image-2022-03-14-at-185352-1-1024x659-1-768x494.jpeg 768w, https:\/\/circuitosalta.com.ar\/wp-content\/uploads\/2022\/03\/whatsapp-image-2022-03-14-at-185352-1-1024x659-1-696x448.jpeg 696w, https:\/\/circuitosalta.com.ar\/wp-content\/uploads\/2022\/03\/whatsapp-image-2022-03-14-at-185352-1-1024x659-1-653x420.jpeg 653w\" sizes=\"(max-width: 1024px) 100vw, 1024px\" \/><\/figure>\n<\/figure>\n\n\n\n<figure class=\"wp-block-image size-full is-resized\"><a href=\"https:\/\/prensa.municipalidadsalta.gob.ar\/la-ciudad-acompano-a-artistas-locales-en-la-feria-internacional-mapa\/\" target=\"_blank\" rel=\"noopener\"><img loading=\"lazy\" decoding=\"async\" src=\"https:\/\/circuitosalta.com.ar\/wp-content\/uploads\/2022\/03\/cropped-logo-salta-web.png\" alt=\"\" class=\"wp-image-321\" width=\"225\" height=\"108\"\/><\/a><\/figure>\n","protected":false},"excerpt":{"rendered":"<p>\u201cEs pol\u00edtica de nuestra gesti\u00f3n acompa\u00f1ar el talento salte\u00f1o en su difusi\u00f3n y promoci\u00f3n\u201d, dijo la intendenta, Bettina Romero, durante la inauguraci\u00f3n del evento en el predio de La Rural, en Buenos Aires La intendenta de la ciudad, Bettina Romero junto al Ministro de Cultura de la ciudad de Buenos Aires, Enrique Avogadro estuvo en [&hellip;]<\/p>\n","protected":false},"author":2,"featured_media":320,"comment_status":"open","ping_status":"open","sticky":false,"template":"","format":"standard","meta":{"tdm_status":"","tdm_grid_status":"","footnotes":""},"categories":[16,13,17],"tags":[],"class_list":{"0":"post-317","1":"post","2":"type-post","3":"status-publish","4":"format-standard","5":"has-post-thumbnail","7":"category-ferias-y-congresos","8":"category-festivales","9":"category-sociales"},"_links":{"self":[{"href":"https:\/\/circuitosalta.com.ar\/index.php?rest_route=\/wp\/v2\/posts\/317"}],"collection":[{"href":"https:\/\/circuitosalta.com.ar\/index.php?rest_route=\/wp\/v2\/posts"}],"about":[{"href":"https:\/\/circuitosalta.com.ar\/index.php?rest_route=\/wp\/v2\/types\/post"}],"author":[{"embeddable":true,"href":"https:\/\/circuitosalta.com.ar\/index.php?rest_route=\/wp\/v2\/users\/2"}],"replies":[{"embeddable":true,"href":"https:\/\/circuitosalta.com.ar\/index.php?rest_route=%2Fwp%2Fv2%2Fcomments&post=317"}],"version-history":[{"count":1,"href":"https:\/\/circuitosalta.com.ar\/index.php?rest_route=\/wp\/v2\/posts\/317\/revisions"}],"predecessor-version":[{"id":322,"href":"https:\/\/circuitosalta.com.ar\/index.php?rest_route=\/wp\/v2\/posts\/317\/revisions\/322"}],"wp:featuredmedia":[{"embeddable":true,"href":"https:\/\/circuitosalta.com.ar\/index.php?rest_route=\/wp\/v2\/media\/320"}],"wp:attachment":[{"href":"https:\/\/circuitosalta.com.ar\/index.php?rest_route=%2Fwp%2Fv2%2Fmedia&parent=317"}],"wp:term":[{"taxonomy":"category","embeddable":true,"href":"https:\/\/circuitosalta.com.ar\/index.php?rest_route=%2Fwp%2Fv2%2Fcategories&post=317"},{"taxonomy":"post_tag","embeddable":true,"href":"https:\/\/circuitosalta.com.ar\/index.php?rest_route=%2Fwp%2Fv2%2Ftags&post=317"}],"curies":[{"name":"wp","href":"https:\/\/api.w.org\/{rel}","templated":true}]}}