{"id":345,"date":"2022-03-25T12:24:24","date_gmt":"2022-03-25T15:24:24","guid":{"rendered":"http:\/\/circuitosalta.com.ar\/?p=345"},"modified":"2022-03-25T12:24:25","modified_gmt":"2022-03-25T15:24:25","slug":"el-homenaje-a-piazzolla-se-realizara-el-viernes-25-en-la-glorieta-de-la-plaza-9-de-julio-ciudad-de-salta","status":"publish","type":"post","link":"https:\/\/circuitosalta.com.ar\/?p=345","title":{"rendered":"El homenaje a Piazzolla se realizar\u00e1 el viernes 25 en la glorieta de la plaza 9 de Julio, ciudad de Salta"},"content":{"rendered":"\n<h3 class=\"has-text-color wp-block-heading\" style=\"color:#5d0319\"><strong>La cita ser\u00e1 a las 19. La Banda de M\u00fasica municipal \u201c25 de Mayo\u201d rendir\u00e1 tributo al talentoso bandoneonista, considerado uno de los mejores del siglo XX. Se contar\u00e1 con el acompa\u00f1amiento\u00a0de Ana Brizuela y Mart\u00edn Allemand.<\/strong><\/h3>\n\n\n\n<p>La Municipalidad&nbsp;de Salta, a trav\u00e9s de la Secretar\u00eda de Cultura y Turismo, invita al concierto homenaje por el 101\u00b0 aniversario del nacimiento de Astor Piazzola que realizar\u00e1&nbsp;la Banda Municipal \u201c25 de Mayo\u201d, junto a invitados, en la glorieta de la plaza&nbsp;9 de Julio este viernes 25, desde las 19.<\/p>\n\n\n\n<p>En la oportunidad,&nbsp;Ana Brizuela, en voz, y Mart\u00edn Allemand de Tango Se\u00f1al, acompa\u00f1ar\u00e1n desde distintos lugares y momentos, la interpretaci\u00f3n de los cl\u00e1sicos del maestro Piazzola, como Libertango, Balada para un Loco,&nbsp;Adi\u00f3s Nonino, Oblivion, Zanguango, Milonga Nocturna&nbsp;y Derecho Viejo,&nbsp;entre otros.<\/p>\n\n\n\n<p>Allemand, que es dise\u00f1ador gr\u00e1fico y trabaja en una imprenta, se\u00f1al\u00f3 que \u201cme gust\u00f3 la propuesta de la Municipalidad, estoy agradecido y emocionado y vamos a trabajar para que la gente&nbsp;la pase bien y lo disfrute\u201d.<\/p>\n\n\n\n<p>Cabe destacar que, el homenaje deb\u00eda realizarse el 11 de marzo, pero por razones climatol\u00f3gicas fue suspendido, estableci\u00e9ndose una nueva fecha para el viernes 25.<\/p>\n\n\n\n<p><strong>Sobre Piazzolla<\/strong><\/p>\n\n\n\n<p>Fue un&nbsp;bandoneonista&nbsp;y&nbsp;compositor&nbsp;argentino considerado uno de los m\u00fasicos m\u00e1s importantes del&nbsp;siglo XX y uno de los compositores m\u00e1s importantes de&nbsp;tango&nbsp;en todo el mundo.<\/p>\n\n\n\n<p>Sus obras revolucionaron el tango tradicional en un nuevo estilo denominado&nbsp;nuevo tango&nbsp;o&nbsp;tango de vanguardia, incorporando elementos del&nbsp;jazz&nbsp;y la&nbsp;m\u00fasica cl\u00e1sica. Bandoneonista virtuoso, sol\u00eda interpretar sus propias composiciones con una variedad de conjuntos. En 1992, el cr\u00edtico de m\u00fasica estadounidense&nbsp;Stephen Holden&nbsp;describi\u00f3 a Piazzolla como \u00abel compositor de m\u00fasica de tango m\u00e1s importante del mundo\u00bb.<\/p>\n\n\n\n<p>Naci\u00f3 en&nbsp;Mar del Plata, pero desde muy joven se cri\u00f3 en la metr\u00f3polis de Nueva York, donde su padre le obsequi\u00f3 un&nbsp;bandone\u00f3n, el cual comenz\u00f3 a tocar desde muy temprana edad. Tom\u00f3 clases con&nbsp;Alberto Ginastera&nbsp;y gan\u00f3 el Concurso Fabien Sevitzky, con el cual pudo financiarse un viaje a Europa para estudiar&nbsp;armon\u00eda,&nbsp;m\u00fasica cl\u00e1sica&nbsp;y contempor\u00e1nea con la compositora y directora de&nbsp;orquesta&nbsp;francesa&nbsp;Nadia Boulanger.<\/p>\n\n\n\n<p>En su juventud toc\u00f3 y realiz\u00f3 arreglos&nbsp;orquestales&nbsp;para el&nbsp;bandoneonista,&nbsp;compositor&nbsp;y&nbsp;director&nbsp;An\u00edbal Troilo. Cuando comenz\u00f3 a hacer innovaciones en el&nbsp;tango&nbsp;en lo que respecta a&nbsp;ritmo,&nbsp;timbre&nbsp;y&nbsp;armon\u00eda, fue muy criticado por los&nbsp;tangueros&nbsp;de la \u00abguardia vieja\u00bb, ortodoxos en cuanto a&nbsp;ritmo,&nbsp;melod\u00eda&nbsp;y&nbsp;orquestaci\u00f3n.<\/p>\n\n\n\n<p>Cuando en los&nbsp;a\u00f1os 1950&nbsp;y&nbsp;1960&nbsp;los&nbsp;tangueros&nbsp;tradicionales \u2014que lo consideraban \u00abel asesino del tango\u00bb\u2014 decretaron que sus composiciones no eran tango, Piazzolla respondi\u00f3 con una nueva definici\u00f3n: \u00abEs m\u00fasica contempor\u00e1nea de&nbsp;Buenos Aires\u00bb.&nbsp;A pesar de esto, en Argentina las estaciones&nbsp;radiodifusoras&nbsp;no difundieron sus obras y los comentaristas segu\u00edan atacando su arte. Durante a\u00f1os, los tangueros y cr\u00edticos musicales lo consideraron un&nbsp;snob&nbsp;irrespetuoso que compon\u00eda m\u00fasica \u00abh\u00edbrida\u00bb, con exabruptos de&nbsp;armon\u00eda&nbsp;disonante.<\/p>\n\n\n\n<p>En sus \u00faltimos a\u00f1os de vida fue reivindicado por\u00a0intelectuales,\u00a0jazzistas\u00a0y m\u00fasicos de\u00a0rock\u00a0de todo el mundo, al igual que por nuevos referentes del tango, y en el siglo XXI se lo considera como uno de los m\u00fasicos argentinos m\u00e1s importantes en la historia de su pa\u00eds.\u00a0Compuso tambi\u00e9n m\u00fasica para cerca de 40 pel\u00edculas.<\/p>\n\n\n\n<figure class=\"wp-block-image size-large is-resized\"><a href=\"https:\/\/prensa.municipalidadsalta.gob.ar\/el-homenaje-a-piazzolla-se-realizara-el-viernes-25-en-la-glorieta-de-la-plaza-9-de-julio\/\" target=\"_blank\" rel=\"noopener\"><img decoding=\"async\" src=\"https:\/\/prensa.municipalidadsalta.gob.ar\/wp-content\/uploads\/2022\/03\/cropped-logo-salta-web.png\" alt=\"\" width=\"198\" height=\"93\"\/><\/a><\/figure>\n","protected":false},"excerpt":{"rendered":"<p>La cita ser\u00e1 a las 19. La Banda de M\u00fasica municipal \u201c25 de Mayo\u201d rendir\u00e1 tributo al talentoso bandoneonista, considerado uno de los mejores del siglo XX. Se contar\u00e1 con el acompa\u00f1amiento\u00a0de Ana Brizuela y Mart\u00edn Allemand. La Municipalidad&nbsp;de Salta, a trav\u00e9s de la Secretar\u00eda de Cultura y Turismo, invita al concierto homenaje por el [&hellip;]<\/p>\n","protected":false},"author":2,"featured_media":346,"comment_status":"open","ping_status":"open","sticky":false,"template":"","format":"standard","meta":{"tdm_status":"","tdm_grid_status":"","footnotes":""},"categories":[26],"tags":[],"class_list":{"0":"post-345","1":"post","2":"type-post","3":"status-publish","4":"format-standard","5":"has-post-thumbnail","7":"category-culturales"},"_links":{"self":[{"href":"https:\/\/circuitosalta.com.ar\/index.php?rest_route=\/wp\/v2\/posts\/345"}],"collection":[{"href":"https:\/\/circuitosalta.com.ar\/index.php?rest_route=\/wp\/v2\/posts"}],"about":[{"href":"https:\/\/circuitosalta.com.ar\/index.php?rest_route=\/wp\/v2\/types\/post"}],"author":[{"embeddable":true,"href":"https:\/\/circuitosalta.com.ar\/index.php?rest_route=\/wp\/v2\/users\/2"}],"replies":[{"embeddable":true,"href":"https:\/\/circuitosalta.com.ar\/index.php?rest_route=%2Fwp%2Fv2%2Fcomments&post=345"}],"version-history":[{"count":1,"href":"https:\/\/circuitosalta.com.ar\/index.php?rest_route=\/wp\/v2\/posts\/345\/revisions"}],"predecessor-version":[{"id":347,"href":"https:\/\/circuitosalta.com.ar\/index.php?rest_route=\/wp\/v2\/posts\/345\/revisions\/347"}],"wp:featuredmedia":[{"embeddable":true,"href":"https:\/\/circuitosalta.com.ar\/index.php?rest_route=\/wp\/v2\/media\/346"}],"wp:attachment":[{"href":"https:\/\/circuitosalta.com.ar\/index.php?rest_route=%2Fwp%2Fv2%2Fmedia&parent=345"}],"wp:term":[{"taxonomy":"category","embeddable":true,"href":"https:\/\/circuitosalta.com.ar\/index.php?rest_route=%2Fwp%2Fv2%2Fcategories&post=345"},{"taxonomy":"post_tag","embeddable":true,"href":"https:\/\/circuitosalta.com.ar\/index.php?rest_route=%2Fwp%2Fv2%2Ftags&post=345"}],"curies":[{"name":"wp","href":"https:\/\/api.w.org\/{rel}","templated":true}]}}